{"id":21205,"date":"2018-10-25T16:11:51","date_gmt":"2018-10-25T18:11:51","guid":{"rendered":"https:\/\/pcb.org.br\/portal2\/?p=21205"},"modified":"2018-10-26T03:42:13","modified_gmt":"2018-10-26T05:42:13","slug":"barrar-o-fascismo-nas-urnas-para-continuar-as-lutas-nas-ruas","status":"publish","type":"post","link":"https:\/\/pcb.org.br\/portal2\/21205","title":{"rendered":"Barrar o fascismo nas urnas para continuar as lutas nas ruas!"},"content":{"rendered":"<p><img decoding=\"async\" class=\"imagem\" title=\"imagem\" src=\"https:\/\/i0.wp.com\/lh3.googleusercontent.com\/FN-aS8b1GbiLA79WH4a0QFquynZErtmGvK74v2YDhp18HcwJZrtyXg9F71ftHnk10Mh7gtGLqnmjYcxJiPlhOuR4iavelt6Wn0F9iNpxAPs0KJh2oXNgyJJy2avp1FQljHclNEwgpL3qsdpNIwIbBSLM3bWOcN31cbvvkuzEuf9tl7zBl5fsG_w-gG4llrX4oIvyI1e-9yRq5NDvwAGaJiaLva6QTaOrthfT2YHiR1AH_sCTFJmFinfl7_s3pB1Pg3VZa3nYzImGb4Dj9SY778xFnmOG5Qa5XnFhYrroXDWDJmdoYAHdVebgf5OZVbCGfYcISYICy7LiGkDp2BKx3_rzJFnPyn_iz7J6cMpf6v9K3HmJSHCRTUZys29ttYf4PhuJ_C6Ug5xjej7GQ9LA7b9xRbXw5DGyI55b8hOdE42vUTA6iU1Ywnn2ZwJ2FjjuqY0ecuySIZqXlPuflmXqFno460kNF2nAZcwAYTJGTDj6pG9R4GfseFpYyvJ0II7vie7XQQZx8kjXY2b-iKIaGJ1PiPSauMHN_EUk3wlFWlEaXcnOts4Kv9OBGYU2PCAH_Z0uq58d5iBwGljfIdJmT8-465BDZ7416nLvkR_iYjEVJjAOiFSvu9mALNrTJXR6X3r8wS9AaLvZqpP_ZWH5aSC7bg=w492-h287-no\" alt=\"imagem\" \/><!--more--><b>Nota da Frente Nacional Contra a Privatiza\u00e7\u00e3o da Sa\u00fade sobre as elei\u00e7\u00f5es de 2018<\/b><\/p>\n<p>A atual disputa eleitoral para presidente da rep\u00fablica no Brasil encontra-se profundamente marcada pelo discurso de \u00f3dio e pelo esvaziamento de debate junto \u00e0 sociedade sobre os principais problemas a serem enfrentados nos pr\u00f3ximos anos. Tudo isso em uma conjuntura de intensifica\u00e7\u00e3o da explora\u00e7\u00e3o dos trabalhadores, desemprego e desmonte de direitos sociais duramente conquistados.<br \/>\nDiante disso, movimentos populares, sociais e sindicais, al\u00e9m de diversas for\u00e7as e partidos pol\u00edticos vem h\u00e1 tempos organizando a resist\u00eancia aos ataques perpetrados contra a classe trabalhadora.<\/p>\n<p>O processo de retomada da hegemonia pol\u00edtica na condu\u00e7\u00e3o do executivo nacional pela burguesia teve como express\u00e3o o impeachment da presidente Dilma Rousseff e a pris\u00e3o do ex-presidente Luiz In\u00e1cio Lula da Silva, adquirindo novos contornos na elei\u00e7\u00e3o presidencial de 2018.<\/p>\n<p>O antipetismo foi al\u00e7ado pelas classes dominantes e pela grande m\u00eddia como o &#8220;inimigo&#8221; a ser enfrentado, alimentando o fascismo que vinha sendo gestado por setores reacion\u00e1rios e que agora encontra a oportunidade de generalizar seu \u00f3dio de classe a todo movimento combativo e democr\u00e1tico da sociedade brasileira.<\/p>\n<p>Por isso, compreendemos que no segundo turno das elei\u00e7\u00f5es n\u00e3o est\u00e1 em jogo somente quem ir\u00e1 governar o pa\u00eds nos pr\u00f3ximos quatro anos; a disputa se dar\u00e1 entre duas propostas profundamente distintas: uma que representa a barb\u00e1rie, o irracionalismo, o fim das liberdades democr\u00e1ticas, o aprofundamento da restri\u00e7\u00e3o de direitos sociais, a viol\u00eancia contra a classe trabalhadora e seus setores mais oprimidos &#8211; negros\/as, mulheres, homossexuais, imigrantes, etc.; e outra, que por mais que pesem as cr\u00edticas \u00e0 pol\u00edtica de concilia\u00e7\u00e3o de classe levada a cabo pelo Partido dos Trabalhadores nos 14 anos que estiveram no poder, contribuindo para o apassivamento da luta de classes no Brasil, ainda \u00e9 um projeto em que se vislumbra a possibilidade de resist\u00eancia e constru\u00e7\u00e3o de um projeto que atenda aos reais interesses da classe trabalhadora.<\/p>\n<p>A Frente Nacional Contra a Privatiza\u00e7\u00e3o da Sa\u00fade (FNCPS), coerente com sua pauta de defesa do direito \u00e0 sa\u00fade, sempre se pautou por um posicionamento cr\u00edtico \u00e0 pol\u00edtica nacional de sa\u00fade conduzida pelo Partido dos Trabalhadores em seus governos, em especial no que tange aos processos de privatiza\u00e7\u00e3o, atrav\u00e9s dos chamados \u201cnovos modelos de gest\u00e3o\u201d (representado pelas Organiza\u00e7\u00f5es Sociais, Organiza\u00e7\u00f5es da Sociedade Civil de Interesse P\u00fablico, Parcerias P\u00fablico-privados, Funda\u00e7\u00f5es de Direito Privado, Empresa Brasileira de Servi\u00e7os Hospitalares, etc.).<\/p>\n<p>Com o advento do governo ileg\u00edtimo de Michael Temer, al\u00e9m de propostas que comprometem o setor sa\u00fade especificamente, como a revis\u00e3o da Pol\u00edtica de Aten\u00e7\u00e3o B\u00e1sica, as mudan\u00e7as na Pol\u00edtica de Sa\u00fade Mental e a intensifica\u00e7\u00e3o dos privil\u00e9gios ao setor privatista, foram adotadas medidas gerais que impactam diretamente nas condi\u00e7\u00f5es de vida da classe trabalhadora, como o congelamento por 20 anos dos gastos sociais e a reforma trabalhista, tamb\u00e9m com consequ\u00eancias na sa\u00fade. O que estava sendo operado aos poucos se intensifica, comprometendo ainda mais os problemas que impediam o melhor funcionamento do SUS.<\/p>\n<p>O que j\u00e1 se mostrava um cen\u00e1rio desafiador do ponto de vista da necessidade de organiza\u00e7\u00e3o da resist\u00eancia e defesa do direito \u00e0 sa\u00fade, agora se mostra como uma tarefa hist\u00f3rica indeleg\u00e1vel: resistir ao definitivo aniquilamento do Sistema \u00danico de Sa\u00fade no altar das pol\u00edticas ultra neoliberais, capitaneado pela express\u00e3o do que h\u00e1 de mais atrasado, conservador e reacion\u00e1rio na sociedade brasileira, personificado na figura do candidato Jair Bolsonaro.<\/p>\n<p>Um novo momento da luta de classes se inaugura no Brasil. N\u00e3o \u00e9 somente a pol\u00edtica de concilia\u00e7\u00e3o de classes que precisa ser combatida, mas a proposta da barb\u00e1rie corporificada no fascismo em curso. \u00c9 preciso ganhar as elei\u00e7\u00f5es contra esse projeto nesse pr\u00f3ximo dia 28 de outubro. E que essa vit\u00f3ria seja um marco na reorganiza\u00e7\u00e3o da classe trabalhadora no pa\u00eds. \u00c9 por isso que a Frente Nacional Contra a Privatiza\u00e7\u00e3o da Sa\u00fade defende o voto cr\u00edtico \u00e0 Fernando Haddad, conclamando a todos os setores progressistas da sociedade a compor uma Frente Antifascista e um movimento de car\u00e1ter classista que aponte para constru\u00e7\u00e3o de um projeto pr\u00f3prio que atenda os reais interesses da classe trabalhadora.<\/p>\n<ul>\n<li>\u00a0Por um SUS p\u00fablico, 100 % estatal, de qualidade e que atenda indistintamente todas as necessidades da popula\u00e7\u00e3o!<\/li>\n<li>Pela reorganiza\u00e7\u00e3o da Classe Trabalhadora na constru\u00e7\u00e3o de um projeto pr\u00f3prio que atenda seus interesses!<\/li>\n<li>Pela revoga\u00e7\u00e3o imediata das contrarreformas e retrocessos do governo Temer!<\/li>\n<li>Pela defesa das liberdades democr\u00e1ticas e dos direitos sociais!<\/li>\n<li>Por uma Frente antifascista!<\/li>\n<\/ul>\n<p>Brasil, 25 de outubro de 2018.<\/p>\n<p>Frente Nacional Contra a Privatiza\u00e7\u00e3o da Sa\u00fade<\/p>\n<p>http:\/\/www.contraprivatizacao.com.br\/<\/p>\n","protected":false},"excerpt":{"rendered":"<a class=\"moretag\" href=\"https:\/\/pcb.org.br\/portal2\/21205\"> <\/a>","protected":false},"author":1,"featured_media":0,"comment_status":"closed","ping_status":"closed","sticky":false,"template":"","format":"standard","meta":{"jetpack_post_was_ever_published":false,"_jetpack_newsletter_access":"","_jetpack_dont_email_post_to_subs":false,"_jetpack_newsletter_tier_id":0,"_jetpack_memberships_contains_paywalled_content":false,"_jetpack_memberships_contains_paid_content":false,"footnotes":"","jetpack_publicize_message":"","jetpack_publicize_feature_enabled":true,"jetpack_social_post_already_shared":true,"jetpack_social_options":{"image_generator_settings":{"template":"highway","default_image_id":0,"font":"","enabled":false},"version":2}},"categories":[268,20,197],"tags":[226],"class_list":["post-21205","post","type-post","status-publish","format-standard","hentry","category-eleicoes-2018","category-c1-popular","category-saude","tag-4b"],"jetpack_publicize_connections":[],"jetpack_featured_media_url":"","jetpack_shortlink":"https:\/\/wp.me\/p659gw-5w1","jetpack-related-posts":[],"jetpack_likes_enabled":true,"jetpack_sharing_enabled":true,"_links":{"self":[{"href":"https:\/\/pcb.org.br\/portal2\/wp-json\/wp\/v2\/posts\/21205","targetHints":{"allow":["GET"]}}],"collection":[{"href":"https:\/\/pcb.org.br\/portal2\/wp-json\/wp\/v2\/posts"}],"about":[{"href":"https:\/\/pcb.org.br\/portal2\/wp-json\/wp\/v2\/types\/post"}],"author":[{"embeddable":true,"href":"https:\/\/pcb.org.br\/portal2\/wp-json\/wp\/v2\/users\/1"}],"replies":[{"embeddable":true,"href":"https:\/\/pcb.org.br\/portal2\/wp-json\/wp\/v2\/comments?post=21205"}],"version-history":[{"count":0,"href":"https:\/\/pcb.org.br\/portal2\/wp-json\/wp\/v2\/posts\/21205\/revisions"}],"wp:attachment":[{"href":"https:\/\/pcb.org.br\/portal2\/wp-json\/wp\/v2\/media?parent=21205"}],"wp:term":[{"taxonomy":"category","embeddable":true,"href":"https:\/\/pcb.org.br\/portal2\/wp-json\/wp\/v2\/categories?post=21205"},{"taxonomy":"post_tag","embeddable":true,"href":"https:\/\/pcb.org.br\/portal2\/wp-json\/wp\/v2\/tags?post=21205"}],"curies":[{"name":"wp","href":"https:\/\/api.w.org\/{rel}","templated":true}]}}