{"id":21258,"date":"2018-10-31T05:21:54","date_gmt":"2018-10-31T07:21:54","guid":{"rendered":"https:\/\/pcb.org.br\/portal2\/?p=21258"},"modified":"2018-10-31T05:21:54","modified_gmt":"2018-10-31T07:21:54","slug":"o-capitalismo-necessita-cada-vez-menos-de-democracia","status":"publish","type":"post","link":"https:\/\/pcb.org.br\/portal2\/21258","title":{"rendered":"O capitalismo necessita cada vez menos de democracia"},"content":{"rendered":"<p><img decoding=\"async\" class=\"imagem\" title=\"imagem\" src=\"https:\/\/i0.wp.com\/farm2.staticflickr.com\/1902\/44708724335_b08b6a4100_z.jpg\" \/><!--more--><b>O capitalismo necessita cada vez menos de democracia<\/b><\/p>\n<p><b>Leda Paulani, professora da USP, afirma que governo de Bolsonaro vai aprofundar reformas de Temer<\/b><\/p>\n<p>Reda\u00e7\u00e3o<\/p>\n<p>Brasil de Fato<\/p>\n<p>Ato neonazista realizado no estado da Georgia, nos EUA, em abril deste ano; naquele pa\u00eds, supremacistas apoiam o presidente Donald Trump \/ Foto: Spencer Platt \/ Getty Images North America \/ AFP<\/p>\n<p>No Brasil, a ascens\u00e3o de Jair Bolsonaro, presidente eleito neste domingo (28) com uma plataforma de extrema direita, revela que, cada vez mais, o capitalismo abre m\u00e3o da democracia em todo o mundo. Esta \u00e9 a an\u00e1lise que a economista Leda Paulani faz um dia ap\u00f3s a vit\u00f3ria do pol\u00edtico do PSL.<\/p>\n<p>&#8220;As democracias \u2013que foram uma necessidade e funcionaram, ali\u00e1s, como legitima\u00e7\u00e3o do governo neoliberal nos \u00faltimos 30 anos\u2013 parecem n\u00e3o ser mais necess\u00e1rias. E, por outro lado, as medidas de cunho liberal precisam ser aprofundadas, dadas as crises que o sistema enfrenta mundialmente&#8221;, pontua.<\/p>\n<p>Paulani \u00e9 professora da Universidade de S\u00e3o Paulo (USP) e concedeu entrevista ao\u00a0Brasil de Fato\u00a0nesta segunda-feira (29). Para ela, este \u00e9 o contexto em que surge Bolsonaro, que derrotou o candidato Fernando Haddad (PT) com 55,13% dos votos v\u00e1lidos.<\/p>\n<p>A economista analisa que o novo governo, de car\u00e1ter autorit\u00e1rio, vai aprofundar as reformas neoliberais que se iniciaram com o governo golpista de Michel Temer (MDB).<\/p>\n<p>&#8220;Bolsonaro entende de arma e ponto. Ele n\u00e3o demonstrou entender de mais nada, nem de educa\u00e7\u00e3o nem de economia. Claramente essa candidatura n\u00e3o s\u00f3 est\u00e1 abra\u00e7ada com esse programa neoliberal, e portanto vem com trucul\u00eancia junto, como principalmente \u00e9 um programa anti nacionalista, porque vai justamente completar esse movimento de entrega das nossas riquezas naturais para o grande capital internacional.&#8221;<\/p>\n<p>Um dia ap\u00f3s a vit\u00f3ria de Bolsonaro, Paulo Guedes, nome indicado para chefiar a equipe econ\u00f4mica e o Minist\u00e9rio da Fazenda do novo governo, deixou claro que sua prioridade \u00e9 um projeto de privatiza\u00e7\u00f5es, mudan\u00e7as na pol\u00edtica externa e defesa de reformas para\u00a0\u201ccontrolar os gastos\u201d.<\/p>\n<p>A economista afirma ainda que o novo governo vai ao encontro dos interesses internacionais ap\u00f3s a descoberta do pr\u00e9-sal no final da primeira d\u00e9cada dos anos 2000. &#8220;H\u00e1 ind\u00edcios claros de que h\u00e1 todo esse interesse do capital internacional em cima dos nossos recursos, particularmente, da Petrobras e que se agudizou muito com a descoberta do pr\u00e9-sal&#8221;, pontua.<\/p>\n<p>Paulani aponta que um governo formado por militares &#8220;\u00e9 uma possibilidade muito substantiva&#8221;, mas diferencia o plano econ\u00f4mico de Bolsonaro do regime militar. &#8220;Com rela\u00e7\u00e3o a economia, apesar de autorit\u00e1rios, os militares eram nacionalistas e desenvolvimentistas. \u00c9 o oposto da pol\u00edtica entreguista que sinaliza Bolsonaro.&#8221;<\/p>\n<p>Edi\u00e7\u00e3o: Diego Sartorato<\/p>\n<p>Assista \u00e0 entrevista na \u00edntegra em:\u00a0https:\/\/www.facebook.com\/<wbr \/>brasildefato\/videos\/<wbr \/>198328291096382\/<\/p>\n","protected":false},"excerpt":{"rendered":"<a class=\"moretag\" href=\"https:\/\/pcb.org.br\/portal2\/21258\"> <\/a>","protected":false},"author":1,"featured_media":0,"comment_status":"closed","ping_status":"closed","sticky":false,"template":"","format":"standard","meta":{"jetpack_post_was_ever_published":false,"_jetpack_newsletter_access":"","_jetpack_dont_email_post_to_subs":false,"_jetpack_newsletter_tier_id":0,"_jetpack_memberships_contains_paywalled_content":false,"_jetpack_memberships_contains_paid_content":false,"footnotes":"","jetpack_publicize_message":"","jetpack_publicize_feature_enabled":true,"jetpack_social_post_already_shared":true,"jetpack_social_options":{"image_generator_settings":{"template":"highway","default_image_id":0,"font":"","enabled":false},"version":2}},"categories":[268],"tags":[223],"class_list":["post-21258","post","type-post","status-publish","format-standard","hentry","category-eleicoes-2018","tag-3a"],"jetpack_publicize_connections":[],"jetpack_featured_media_url":"","jetpack_shortlink":"https:\/\/wp.me\/p659gw-5wS","jetpack-related-posts":[],"jetpack_likes_enabled":true,"jetpack_sharing_enabled":true,"_links":{"self":[{"href":"https:\/\/pcb.org.br\/portal2\/wp-json\/wp\/v2\/posts\/21258","targetHints":{"allow":["GET"]}}],"collection":[{"href":"https:\/\/pcb.org.br\/portal2\/wp-json\/wp\/v2\/posts"}],"about":[{"href":"https:\/\/pcb.org.br\/portal2\/wp-json\/wp\/v2\/types\/post"}],"author":[{"embeddable":true,"href":"https:\/\/pcb.org.br\/portal2\/wp-json\/wp\/v2\/users\/1"}],"replies":[{"embeddable":true,"href":"https:\/\/pcb.org.br\/portal2\/wp-json\/wp\/v2\/comments?post=21258"}],"version-history":[{"count":0,"href":"https:\/\/pcb.org.br\/portal2\/wp-json\/wp\/v2\/posts\/21258\/revisions"}],"wp:attachment":[{"href":"https:\/\/pcb.org.br\/portal2\/wp-json\/wp\/v2\/media?parent=21258"}],"wp:term":[{"taxonomy":"category","embeddable":true,"href":"https:\/\/pcb.org.br\/portal2\/wp-json\/wp\/v2\/categories?post=21258"},{"taxonomy":"post_tag","embeddable":true,"href":"https:\/\/pcb.org.br\/portal2\/wp-json\/wp\/v2\/tags?post=21258"}],"curies":[{"name":"wp","href":"https:\/\/api.w.org\/{rel}","templated":true}]}}