{"id":21293,"date":"2018-11-03T16:55:55","date_gmt":"2018-11-03T18:55:55","guid":{"rendered":"https:\/\/pcb.org.br\/portal2\/?p=21293"},"modified":"2018-11-03T16:55:55","modified_gmt":"2018-11-03T18:55:55","slug":"os-prejuizos-dos-trabalhadores-com-a-reforma-trabalhista","status":"publish","type":"post","link":"https:\/\/pcb.org.br\/portal2\/21293","title":{"rendered":"Os preju\u00edzos dos trabalhadores com a &#8216;reforma&#8217; trabalhista"},"content":{"rendered":"<p><img decoding=\"async\" class=\"imagem\" title=\"imagem\" src=\"https:\/\/i0.wp.com\/www.redebrasilatual.com.br\/trabalho\/2018\/11\/trabalhadores-sao-prejudicados-um-ano-apos-a-reforma-trabalhista\/reforma-trabalhista\/image_preview\" \/><!--more-->Por\u00a0Reda\u00e7\u00e3o RBA<\/p>\n<p>AG\u00caNCIA C\u00c2MARA<\/p>\n<p>Aprovada em 2017, no Congresso Nacional, um dos efeitos da reforma trabalhista foi a redu\u00e7\u00e3o na arrecada\u00e7\u00e3o previdenci\u00e1ria<\/p>\n<p>S\u00e3o Paulo \u2013\u00a0Um ano ap\u00f3s a implementa\u00e7\u00e3o da &#8220;reforma&#8221; trabalhista, imposta pelo governo Temer, n\u00e3o se concretizaram as promessas de cria\u00e7\u00e3o de empregos e melhoria da renda dos trabalhadores. Ao contr\u00e1rio, mais de cem pontos foram modificados e a absoluta maioria\u00a0prejudica os trabalhadores.<\/p>\n<p>De acordo com o presidente da Confedera\u00e7\u00e3o Nacional dos Metal\u00fargicos da CUT (CNM\/CUT), Paulo Cayres, a\u00a0piora mais sentida foi a dificuldade nas negocia\u00e7\u00f5es durante a campanha salarial. &#8220;Eles (empres\u00e1rios) quiseram colocar a pauta\u00a0de divis\u00e3o de f\u00e9rias para os trabalhadores, discutir o trabalho intermitente dentro das empresas, onde o trabalhador seria convocado para trabalhar menos horas e receberia menos&#8221;, lamenta.<\/p>\n<p>O dirigente sindical explica que os grandes sindicatos ainda conseguem discutir em igualdade com os patr\u00f5es. &#8220;Os outros est\u00e3o sofrendo para negociar. A verdade \u00e9 que, onde voc\u00ea tem uma organiza\u00e7\u00e3o mais evolu\u00edda, mais avan\u00e7ada, como \u00e9 o nosso caso, voc\u00ea conseguiu impedir a implementa\u00e7\u00e3o da reforma trabalhista. Agora, a maioria dos sindicatos n\u00e3o conseguiu, n\u00e3o tendo sequer a reposi\u00e7\u00e3o da infla\u00e7\u00e3o&#8221;, afirma.<\/p>\n<p>N\u00e3o faltaram avisos de que a tal reforma traria preju\u00edzos para os trabalhadores e\u00a0para a economia, lembra o economista Cesar Locatelli. O desemprego caiu muito pouco e atinge 12,5 milh\u00f5es de brasileiros. Al\u00e9m do trabalho sem carteira assinada, a for\u00e7a de trabalho subutilizada \u00e9 estimada em mais de 37 milh\u00f5es de pessoas.<\/p>\n<p>&#8220;Todas as medidas foram tomadas no sentido de cortar gastos, investimentos e direitos. Ao juntar tudo isso, a economia n\u00e3o anda&#8221;, critica Locatelli.<\/p>\n<p>Um dos efeitos colaterais das mudan\u00e7as na legisla\u00e7\u00e3o trabalhista foi a redu\u00e7\u00e3o na\u00a0arrecada\u00e7\u00e3o previdenci\u00e1ria. De acordo com a Universidade Estadual de Campinas (Unicamp), esse montante caiu em mais de R$ 30 bilh\u00f5es desde sua aprova\u00e7\u00e3o.\u00a0&#8220;Por que a gente est\u00e1 criando um d\u00e9ficit enorme em geral? Porque a Previd\u00eancia est\u00e1 recebendo menos e o governo tamb\u00e9m est\u00e1 arrecadando menos impostos. Esse clima de recess\u00e3o n\u00e3o ajuda a cortar gastos, j\u00e1 que voc\u00ea est\u00e1 recebendo muito menos&#8221;, explica o economista.<\/p>\n<p>Na avalia\u00e7\u00e3o tanto do dirigente sindical como do economista, o governo Bolsonaro ser\u00e1 uma\u00a0continua\u00e7\u00e3o piorada do governo Temer. &#8220;O presidente eleito aprovou as medidas do Temer, votou a favor da reforma trabalhista e contra os direitos dos trabalhadores. Ele est\u00e1 junto com o Temer&#8221;, alerta Cayres.<\/p>\n<p>https:\/\/www.redebrasilatual.com.br\/trabalho\/2018\/11\/trabalhadores-sao-prejudicados-um-ano-apos-a-reforma-trabalhista<\/p>\n","protected":false},"excerpt":{"rendered":"<a class=\"moretag\" href=\"https:\/\/pcb.org.br\/portal2\/21293\"> <\/a>","protected":false},"author":1,"featured_media":0,"comment_status":"closed","ping_status":"closed","sticky":false,"template":"","format":"standard","meta":{"jetpack_post_was_ever_published":false,"_jetpack_newsletter_access":"","_jetpack_dont_email_post_to_subs":false,"_jetpack_newsletter_tier_id":0,"_jetpack_memberships_contains_paywalled_content":false,"_jetpack_memberships_contains_paid_content":false,"footnotes":"","jetpack_publicize_message":"","jetpack_publicize_feature_enabled":true,"jetpack_social_post_already_shared":true,"jetpack_social_options":{"image_generator_settings":{"template":"highway","default_image_id":0,"font":"","enabled":false},"version":2}},"categories":[241],"tags":[225],"class_list":["post-21293","post","type-post","status-publish","format-standard","hentry","category-previdencia-social","tag-4a"],"jetpack_publicize_connections":[],"jetpack_featured_media_url":"","jetpack_shortlink":"https:\/\/wp.me\/p659gw-5xr","jetpack-related-posts":[],"jetpack_likes_enabled":true,"jetpack_sharing_enabled":true,"_links":{"self":[{"href":"https:\/\/pcb.org.br\/portal2\/wp-json\/wp\/v2\/posts\/21293","targetHints":{"allow":["GET"]}}],"collection":[{"href":"https:\/\/pcb.org.br\/portal2\/wp-json\/wp\/v2\/posts"}],"about":[{"href":"https:\/\/pcb.org.br\/portal2\/wp-json\/wp\/v2\/types\/post"}],"author":[{"embeddable":true,"href":"https:\/\/pcb.org.br\/portal2\/wp-json\/wp\/v2\/users\/1"}],"replies":[{"embeddable":true,"href":"https:\/\/pcb.org.br\/portal2\/wp-json\/wp\/v2\/comments?post=21293"}],"version-history":[{"count":0,"href":"https:\/\/pcb.org.br\/portal2\/wp-json\/wp\/v2\/posts\/21293\/revisions"}],"wp:attachment":[{"href":"https:\/\/pcb.org.br\/portal2\/wp-json\/wp\/v2\/media?parent=21293"}],"wp:term":[{"taxonomy":"category","embeddable":true,"href":"https:\/\/pcb.org.br\/portal2\/wp-json\/wp\/v2\/categories?post=21293"},{"taxonomy":"post_tag","embeddable":true,"href":"https:\/\/pcb.org.br\/portal2\/wp-json\/wp\/v2\/tags?post=21293"}],"curies":[{"name":"wp","href":"https:\/\/api.w.org\/{rel}","templated":true}]}}