{"id":21297,"date":"2018-11-03T17:00:40","date_gmt":"2018-11-03T19:00:40","guid":{"rendered":"https:\/\/pcb.org.br\/portal2\/?p=21297"},"modified":"2018-11-04T17:33:47","modified_gmt":"2018-11-04T19:33:47","slug":"unir-a-juventude-contra-o-fascismo-2","status":"publish","type":"post","link":"https:\/\/pcb.org.br\/portal2\/21297","title":{"rendered":"Unir a juventude contra o fascismo"},"content":{"rendered":"<p><img decoding=\"async\" class=\"imagem\" title=\"imagem\" src=\"https:\/\/i0.wp.com\/ujc.org.br\/wp-content\/uploads\/2018\/11\/unir-a-juv-card.png\" alt=\"imagem\" \/><!--more--><strong><em>Coordena\u00e7\u00e3o Nacional da UJC-Brasil<\/em><\/strong><\/p>\n<p>A Coordena\u00e7\u00e3o Nacional da Uni\u00e3o da Juventude Comunista (Brasil) vem a p\u00fablico cumprimentar todos os jovens antifascistas, progressistas, humanistas e revolucion\u00e1rios que se empenharam neste segundo turno das elei\u00e7\u00f5es gerais a denunciar os riscos do bolsonarismo para o pa\u00eds e o futuro da juventude brasileira. Agradecemos a solidariedade internacional, em especial \u00e0s juventudes comunistas irm\u00e3s de todo o mundo. Oferecemos nosso apoio f\u00edsico e moral a todos os jovens abalados pela vit\u00f3ria eleitoral de Jair Bolsonaro.<\/p>\n<p>Contudo,\u00a0<strong>mais do que oferecer apoio, queremos apresentar em cada rinc\u00e3o deste enorme pa\u00eds, a coer\u00eancia e firmeza revolucion\u00e1ria dos jovens comunistas<\/strong>. N\u00e3o h\u00e1 tempo de termos medo, nem choramingos.\u00a0Precisamos extrapolar os limites das a\u00e7\u00f5es individuais, meramente reativas ou isoladas. \u00c9 hora de organizarmos a luta e resist\u00eancia com intelig\u00eancia e\u00a0const\u00e2ncia, colocando-a em nossas agendas do dia-a-dia, dando \u00e0 ela a import\u00e2ncia de necessidade hist\u00f3rica que \u00e9. Sabemos que o Bolsonarismo representou, at\u00e9 ent\u00e3o, a unidade de diversas for\u00e7as reacion\u00e1rias: setores importantes das for\u00e7as armadas e das pol\u00edcias, igrejas neopetencostais, ruralistas, pol\u00edticos corruptos de extrema-direita etc. Al\u00e9m disso, contou com o respaldo e anu\u00eancia da burguesia brasileira e do imperialismo.<\/p>\n<p><strong>O governo Bolsonaro \u00e9 um marco de um novo ciclo na domina\u00e7\u00e3o burguesa no Brasil<\/strong>. Inserido no contexto de acirramento das disputas interimperialistas e ofensiva dos EUA, o bolsonarismo conjuga uma pauta econ\u00f4mica ultraliberal com o reacionarismo por meio da intensifica\u00e7\u00e3o da pol\u00edtica de guerra \u00e0s drogas, apoio a mil\u00edcias, radicaliza a institucionaliza\u00e7\u00e3o da viol\u00eancia racial, \u00e0s mulheres e \u00e0 popula\u00e7\u00e3o LGBT. Trata-se de um novo tipo de fascismo, alinhando caracter\u00edsticas tradicionais deste fen\u00f4meno pol\u00edtico do s\u00e9culo XX, com outras caracter\u00edsticas particulares.<\/p>\n<p>Convergente com as pol\u00edticas de Bolsonaro, uma expressiva bancada foi eleita para o Congresso Nacional e as Assembleias Legislativas dos estados, o que torna a escalada do fascismo mais ampla do que a catastr\u00f3fica elei\u00e7\u00e3o presidencial e intensifica o grau de repress\u00e3o \u00e0 classe trabalhadora e o desmonte das pol\u00edticas e servi\u00e7os p\u00fablicos como parte de sua agenda. Al\u00e9m disso, uma s\u00e9rie de governadores eleitos comp\u00f5e o mesmo campo pol\u00edtico fascista, alastrando a n\u00edveis estaduais os resultados de suas a\u00e7\u00f5es, com enfoque, sobretudo, nas pol\u00edticas de educa\u00e7\u00e3o e seguran\u00e7a p\u00fablicas, responsabilidades dos governos estaduais, como no caso das pol\u00edcias militar e civil e o ensino m\u00e9dio da educa\u00e7\u00e3o p\u00fablica, alvo de sistem\u00e1ticos ataques de movimentos antidemocr\u00e1ticos vinculados a estes grupos como o Escola Sem Partido, de iniciativas privatizantes e ensino \u00e0 dist\u00e2ncia.<\/p>\n<p>Para reprimir, cercear direitos e aplicar pautas antipopulares, al\u00e9m da manipula\u00e7\u00e3o, o bolsonarismo utilizar\u00e1 as pr\u00f3prias leis e quadro institucional j\u00e1 existente. Um prel\u00fadio disso, foram as\u00a0<strong>invas\u00f5es arbitr\u00e1rias nas universidades<\/strong>\u00a0realizadas por agentes federais e representantes da Justi\u00e7a Eleitoral, combinadas com\u00a0<strong>a\u00e7\u00f5es truculentas contra a imprensa de esquerda<\/strong>\u00a0(a exemplo da apreens\u00e3o do Jornal\u00a0<em>Brasil de Fato<\/em>)\u00a0<strong>e entidades que vinham realizando assembleias e atividades contra o fascismo<\/strong>. Tamb\u00e9m devemos estar atentos para a forma\u00e7\u00e3o de grupos paramilitares de extrema direita pelo pa\u00eds.<\/p>\n<p><strong>O fim da previd\u00eancia social, a retirada de direitos trabalhistas, a privatiza\u00e7\u00e3o do SUS, das escolas e universidades federais, privatiza\u00e7\u00e3o do pr\u00e9-sal e de estatais tamb\u00e9m fazem parte do programa de Bolsonaro. Todas essas medidas afetam direta ou indiretamente a perspectiva de futuro, emprego e direitos para a nossa juventude. Nenhuma dessas medidas ser\u00e1 implementada sem luta, resist\u00eancia e mobiliza\u00e7\u00e3o popular.<\/strong><\/p>\n<p>Devemos, nesse cen\u00e1rio,\u00a0<strong>refor\u00e7ar a mais ampla unidade social e pol\u00edtica contra o bolsonarismo<\/strong>. Defendamos o car\u00e1ter p\u00fablico das escolas e universidades, defendamos as vidas de nossos jovens, em especial a juventude negra das periferias, defendamos os nossos direitos e a perspectiva de futuro. Por isso, \u00e9 hora de muita\u00a0<strong>resist\u00eancia e organiza\u00e7\u00e3o<\/strong>. Massificar as entidades de juventude: dinamizar o movimento estudantil para al\u00e9m da sua l\u00f3gica cupulista, aproximar das lutas antifascistas a juventude progressista e humanista crist\u00e3, articularmos as diversas experi\u00eancias de extens\u00e3o e pr\u00e9-vestibulares comunit\u00e1rios nas periferias, reocuparmos os bairros e espa\u00e7os p\u00fablicos para a pr\u00e1tica desportiva e cultural. Os comunistas, sem qualquer sectarismo, devem valorizar e buscar a unidade de todas as express\u00f5es antifascistas na juventude. Manter a nossa juventude viva, sonhando, lutando, organizada e ocupando os espa\u00e7os p\u00fablicos tamb\u00e9m ser\u00e1 um ato de resist\u00eancia.\u00a0<strong>No interior dessa ampla frente, devemos refor\u00e7ar nossa perspectiva anticapitalista e anti-imperialista<\/strong>.<\/p>\n<p><strong>Por fim, salientamos que nesta conjuntura, nos orgulhamos de ser a organiza\u00e7\u00e3o de juventude de esquerda que se afirma abertamente comunista e est\u00e1 organizada nacionalmente. Nos orgulhamos de nossa hist\u00f3ria, nossa luta e, em especial, nossas vit\u00f3rias contra o fascismo. Com intelig\u00eancia, sabendo a hora de recuar e avan\u00e7ar, sem covardia e bravatas, convidamos a juventude indignada com o fascismo a conhecer e estar nas fileiras da juventude comunista, ou ent\u00e3o, fortalecer as entidades estudantis, culturais e de bairro. Estamos convictos que esta luta ser\u00e1 dura, talvez mais longa do que gostar\u00edamos, mas venceremos em defesa da humanidade e suas conquistas.<\/strong><\/p>\n<p><strong>Ousar lutar, ousar vencer!<\/strong><\/p>\n<blockquote class=\"wp-embedded-content\" data-secret=\"iswcqzuloJ\"><p><a href=\"http:\/\/ujc.org.br\/unir-a-juventude-contra-o-fascismo\/\">Unir a juventude contra o fascismo<\/a><\/p><\/blockquote>\n<p><iframe loading=\"lazy\" class=\"wp-embedded-content\" sandbox=\"allow-scripts\" security=\"restricted\" style=\"position: absolute; clip: rect(1px, 1px, 1px, 1px);\" src=\"http:\/\/ujc.org.br\/unir-a-juventude-contra-o-fascismo\/embed\/#?secret=iswcqzuloJ\" data-secret=\"iswcqzuloJ\" width=\"600\" height=\"338\" title=\"&#8220;Unir a juventude contra o fascismo&#8221; &#8212; UJC\" frameborder=\"0\" marginwidth=\"0\" marginheight=\"0\" scrolling=\"no\"><\/iframe><\/p>\n","protected":false},"excerpt":{"rendered":"<a class=\"moretag\" href=\"https:\/\/pcb.org.br\/portal2\/21297\"> <\/a>","protected":false},"author":1,"featured_media":0,"comment_status":"closed","ping_status":"closed","sticky":false,"template":"","format":"standard","meta":{"jetpack_post_was_ever_published":false,"_jetpack_newsletter_access":"","_jetpack_dont_email_post_to_subs":false,"_jetpack_newsletter_tier_id":0,"_jetpack_memberships_contains_paywalled_content":false,"_jetpack_memberships_contains_paid_content":false,"footnotes":"","jetpack_publicize_message":"","jetpack_publicize_feature_enabled":true,"jetpack_social_post_already_shared":true,"jetpack_social_options":{"image_generator_settings":{"template":"highway","default_image_id":0,"font":"","enabled":false},"version":2}},"categories":[27],"tags":[223,247],"class_list":["post-21297","post","type-post","status-publish","format-standard","hentry","category-c27-ujc","tag-3a","tag-jd"],"jetpack_publicize_connections":[],"jetpack_featured_media_url":"","jetpack_shortlink":"https:\/\/wp.me\/p659gw-5xv","jetpack-related-posts":[],"jetpack_likes_enabled":true,"jetpack_sharing_enabled":true,"_links":{"self":[{"href":"https:\/\/pcb.org.br\/portal2\/wp-json\/wp\/v2\/posts\/21297","targetHints":{"allow":["GET"]}}],"collection":[{"href":"https:\/\/pcb.org.br\/portal2\/wp-json\/wp\/v2\/posts"}],"about":[{"href":"https:\/\/pcb.org.br\/portal2\/wp-json\/wp\/v2\/types\/post"}],"author":[{"embeddable":true,"href":"https:\/\/pcb.org.br\/portal2\/wp-json\/wp\/v2\/users\/1"}],"replies":[{"embeddable":true,"href":"https:\/\/pcb.org.br\/portal2\/wp-json\/wp\/v2\/comments?post=21297"}],"version-history":[{"count":0,"href":"https:\/\/pcb.org.br\/portal2\/wp-json\/wp\/v2\/posts\/21297\/revisions"}],"wp:attachment":[{"href":"https:\/\/pcb.org.br\/portal2\/wp-json\/wp\/v2\/media?parent=21297"}],"wp:term":[{"taxonomy":"category","embeddable":true,"href":"https:\/\/pcb.org.br\/portal2\/wp-json\/wp\/v2\/categories?post=21297"},{"taxonomy":"post_tag","embeddable":true,"href":"https:\/\/pcb.org.br\/portal2\/wp-json\/wp\/v2\/tags?post=21297"}],"curies":[{"name":"wp","href":"https:\/\/api.w.org\/{rel}","templated":true}]}}