{"id":21316,"date":"2018-11-07T11:24:44","date_gmt":"2018-11-07T13:24:44","guid":{"rendered":"https:\/\/pcb.org.br\/portal2\/?p=21316"},"modified":"2018-11-07T11:24:44","modified_gmt":"2018-11-07T13:24:44","slug":"pcv-denunciou-a-tempo-as-ameacas-a-vida-de-luis-fajardo","status":"publish","type":"post","link":"https:\/\/pcb.org.br\/portal2\/21316","title":{"rendered":"PCV denunciou a tempo as amea\u00e7as \u00e0 vida de Luis Fajardo"},"content":{"rendered":"<p><img decoding=\"async\" class=\"imagem\" title=\"imagem\" src=\"https:\/\/i0.wp.com\/prensapcv.files.wordpress.com\/2018\/11\/luis-fajardo-31-oct-2018.jpg\" alt=\"imagem\" \/><!--more--><em>Tribuna Popular &#8211; Partido Comunista da Venezuela<\/em><\/p>\n<p>Luis Fajardo, membro do Comit\u00ea Central do Partido Comunista da Venezuela (PCV), produtor agr\u00e1rio e dirigente campon\u00eas, de 49 anos, foi assassinado de maneira suja e covarde na noite do dia 31 de outubro, em Nova Bol\u00edvia, capital do munic\u00edpio Tulio Febres Cordero (M\u00e9rida), junto com seu cunhado e ativista campon\u00eas Javier Aldana, militante do PCV naquela regi\u00e3o.<\/p>\n<p>Quando se dirigiam na moto para a casa de Fajardo foram alvejados por um ve\u00edculo em marcha, materializando as amea\u00e7as de morte que reiteradamente receberam de funcion\u00e1rios militares, grandes propriet\u00e1rios e pol\u00edticos inescrupulosos, em raz\u00e3o de sua luta consequente na defesa do direito de coletivos camponeses \u00e0 terra e \u00e0 produ\u00e7\u00e3o.<\/p>\n<p>Fajardo, oriundo de San Nicol\u00e1s, localidade do munic\u00edpio de San Genaro de Bocono\u00edto (Portuguesa), nasceu em 10 de outubro de 1969, convertendo-se em filho adotivo do centro panamericano do estado de M\u00e9rida, onde fixou resid\u00eancia durante muitos anos e chegou a constituir-se num dos principais e mais reconhecidos dirigentes camponeses da zona sul do Lago de Maracaibo, desde que h\u00e1 quase 17 anos encabe\u00e7ou o primeiro resgate de terras realizado sobre o Fundo Santa Ana, propriedade da fam\u00edlia Belloso, integrantes da carcomida oligarquia sulista.<\/p>\n<p>Nos anos mais recentes Fajardo, juntamente com 300 fam\u00edlias, tem liderado uma importante luta pela tomada do Fundo Ca\u00f1o Rico, localizado no setor Las Veritas, par\u00f3quia Gibraltar do munic\u00edpio Sucre (Zulia), onde se encontrava inculta e ociosa a quase totalidade de seus 522 hectares; mas as a\u00e7\u00f5es do movimento campesino alarmaram os grandes propriet\u00e1rios, os quais mant\u00eam grande poder pol\u00edtico e econ\u00f4mico na regi\u00e3o e sobre funcion\u00e1rios civis e militares.<\/p>\n<p>A representa\u00e7\u00e3o do PCV e da Corrente Classista Campesina \u00abNicomedes Abreu\u00bb foi uma das cabe\u00e7as mais vis\u00edveis e simb\u00f3licas da\u00a0<em>Marcha Campesina Admir\u00e1vel\u00a0<\/em>que partiu no dia 12 de julho de Guanare (Portuguesa) e chegou a Caracas em 1\u00ba de agosto.<\/p>\n<p><b>Alerta ignorado<\/b><\/p>\n<p>Como bem assinalou Oscar Figuera, secret\u00e1rio geral do PCV, ap\u00f3s o assassinato dos l\u00edderes camponeses: \u00abA dire\u00e7\u00e3o nacional do PCV denunciou uma infinidade de vezes as amea\u00e7as \u00e0 vida de nosso combativo camarada Fajardo, sem que as autoridades adotassem as\u00a0medidas de\u00a0prote\u00e7\u00e3o adequadas\u00bb.<\/p>\n<p>Nas p\u00e1ginas do peri\u00f3dico\u00a0<em>Tribuna Popular<\/em>\u00a0(N\u00ba 2.996, de 14 de junho de 2018), o Bir\u00f4 Pol\u00edtico do PCV \u00ab[\u2026]\u00a0<em>expressou sua mais contundente condena\u00e7\u00e3o aos recentes atos de persegui\u00e7\u00e3o, hostilidade e agress\u00e3o realizados por efetivos militares e policiais contra dirigentes campesinos, tentando desaloj\u00e1-los das terras em que t\u00eam trabalhado com muito esfor\u00e7o h\u00e1 v\u00e1rios anos; e exigiu ao Governo nacional medidas urgentes para garantir a seguran\u00e7a e integridade destes l\u00edderes populares e de suas fam\u00edlias<\/em>.\u00bb; por\u00e9m, o recente crime corrobora que as inst\u00e2ncias competentes do Estado venezuelano fizeram caso omisso deste chamado.<\/p>\n<p>Inclusive, a dire\u00e7\u00e3o comunista manifestou-se claramente sobre \u00aba<em>s inten\u00e7\u00f5es de amedrontamento e as amea\u00e7as de morte contra o camarada Luis Fajardo, membro do Comit\u00ea Central do PCV e dirigente campon\u00eas, por parte de funcion\u00e1rios da Guarda Nacional (GNB) liderados pelo c<\/em><em>apit\u00e3o Jos\u00e9 Villasmil Toro, comandante do Posto de Fronteira n\u00ba 32 de El Batey, munic\u00edpio Sucre (Zulia), e o sargento ajudante Freddy Ojeda<\/em>.\u00bb<\/p>\n<p>Assim mesmo, dias depois, como consta na \u00faltima edi\u00e7\u00e3o impressa de\u00a0<em>Tribuna Popular<\/em>\u00a0(N\u00ba 2.998, de 19 de julho de 2018), o Bir\u00f4 Pol\u00edtico do PCV insistiu na exig\u00eancia de \u00ab[\u2026]\u00a0<em>pol\u00edticas agr\u00e1rias de apoio financeiro, t\u00e9cnico, de insumos agr\u00edcolas e na defesa aos camponeses contra a atua\u00e7\u00e3o impune de funcion\u00e1rios castrenses, de burocratas do INTI e de propriet\u00e1rios civis e militares; para resgatar a produ\u00e7\u00e3o nacional<\/em>\u00bb.<\/p>\n<p>Voltando a expor \u00ab[\u2026]\u00a0o<em>\u00a0caso de Ca\u00f1o Rico, no munic\u00edpio Sucre (Zulia) ao sul do Lago de Maracaibo, onde est\u00e3o coligados o diretor regional do INTI, o legislador<\/em>\u00a0(do PSUV)\u00a0<em>Guly Bert Ant\u00fanez, o capit\u00e3o (GNB) Jos\u00e9 Villasmil Toro e o 4\u00aa Juizado Agr\u00e1rio, assediando o movimento agr\u00e1rio e amea\u00e7ando a vida de Luis Fajardo,\u00a0<\/em><em>dirigente campon\u00eas e membro do Comit\u00ea Central do PCV<\/em>.\u00bb<\/p>\n","protected":false},"excerpt":{"rendered":"<a class=\"moretag\" href=\"https:\/\/pcb.org.br\/portal2\/21316\"> <\/a>","protected":false},"author":1,"featured_media":0,"comment_status":"closed","ping_status":"closed","sticky":false,"template":"","format":"standard","meta":{"jetpack_post_was_ever_published":false,"_jetpack_newsletter_access":"","_jetpack_dont_email_post_to_subs":false,"_jetpack_newsletter_tier_id":0,"_jetpack_memberships_contains_paywalled_content":false,"_jetpack_memberships_contains_paid_content":false,"footnotes":"","jetpack_publicize_message":"","jetpack_publicize_feature_enabled":true,"jetpack_social_post_already_shared":true,"jetpack_social_options":{"image_generator_settings":{"template":"highway","default_image_id":0,"font":"","enabled":false},"version":2}},"categories":[45],"tags":[234],"class_list":["post-21316","post","type-post","status-publish","format-standard","hentry","category-c54-venezuela","tag-6b"],"jetpack_publicize_connections":[],"jetpack_featured_media_url":"","jetpack_shortlink":"https:\/\/wp.me\/p659gw-5xO","jetpack-related-posts":[],"jetpack_likes_enabled":true,"jetpack_sharing_enabled":true,"_links":{"self":[{"href":"https:\/\/pcb.org.br\/portal2\/wp-json\/wp\/v2\/posts\/21316","targetHints":{"allow":["GET"]}}],"collection":[{"href":"https:\/\/pcb.org.br\/portal2\/wp-json\/wp\/v2\/posts"}],"about":[{"href":"https:\/\/pcb.org.br\/portal2\/wp-json\/wp\/v2\/types\/post"}],"author":[{"embeddable":true,"href":"https:\/\/pcb.org.br\/portal2\/wp-json\/wp\/v2\/users\/1"}],"replies":[{"embeddable":true,"href":"https:\/\/pcb.org.br\/portal2\/wp-json\/wp\/v2\/comments?post=21316"}],"version-history":[{"count":0,"href":"https:\/\/pcb.org.br\/portal2\/wp-json\/wp\/v2\/posts\/21316\/revisions"}],"wp:attachment":[{"href":"https:\/\/pcb.org.br\/portal2\/wp-json\/wp\/v2\/media?parent=21316"}],"wp:term":[{"taxonomy":"category","embeddable":true,"href":"https:\/\/pcb.org.br\/portal2\/wp-json\/wp\/v2\/categories?post=21316"},{"taxonomy":"post_tag","embeddable":true,"href":"https:\/\/pcb.org.br\/portal2\/wp-json\/wp\/v2\/tags?post=21316"}],"curies":[{"name":"wp","href":"https:\/\/api.w.org\/{rel}","templated":true}]}}