{"id":21392,"date":"2018-11-15T09:33:43","date_gmt":"2018-11-15T11:33:43","guid":{"rendered":"https:\/\/pcb.org.br\/portal2\/?p=21392"},"modified":"2018-11-15T09:33:43","modified_gmt":"2018-11-15T11:33:43","slug":"centrais-programam-atos-contra-reforma-da-previdencia","status":"publish","type":"post","link":"https:\/\/pcb.org.br\/portal2\/21392","title":{"rendered":"Centrais programam atos contra reforma da Previd\u00eancia"},"content":{"rendered":"<p><img decoding=\"async\" class=\"imagem\" title=\"imagem\" src=\"https:\/\/i0.wp.com\/farm5.staticflickr.com\/4846\/31994264568_1829b45b5e_z.jpg\" alt=\"imagem\" \/><!--more-->Mobiliza\u00e7\u00f5es em defesa dos direitos dos trabalhadores ser\u00e3o realizadas em 22 e 26 de novembro<\/p>\n<p>Reda\u00e7\u00e3o RBA<\/p>\n<p>Rede Brasil Atual<\/p>\n<p>As\u00a0centrais\u00a0CUT, For\u00e7a Sindical, CTB, Intersindical, CSB, CSP-Conlutas, NCST, UGT e CGTB lan\u00e7aram documento com princ\u00edpios gerais que garantem a universalidade e o futuro da\u00a0Previd\u00eancia\u00a0e da Seguridade Social. Ap\u00f3s encontro\u00a0nesta segunda-feira (12), no audit\u00f3rio da Escola Dieese de Ci\u00eancias do Trabalho, em S\u00e3o Paulo,\u00a0foram anunciadas mobiliza\u00e7\u00f5es contra o fim da aposentadoria nos dias 22 e 26 deste m\u00eas.\u00a0Segundo\u00a0reportagem de Tatiana Melim, no Portal CUT, o objetivo \u00e9 fazer frente \u00e0 ideia de\u00a0reforma\u00a0da Previd\u00eancia que vem sendo defendida pelo presidente eleito, Jair Bolsonaro.<\/p>\n<p>O documento divulgado pelos sindicalistas destaca direitos a serem assegurados, pol\u00edticas p\u00fablicas a serem aprimoradas, formas de financiamento alternativas que podem melhorar a gest\u00e3o, como a revis\u00e3o de todas as desonera\u00e7\u00f5es e isen\u00e7\u00f5es, a recria\u00e7\u00e3o do Minist\u00e9rio da Previd\u00eancia Social, al\u00e9m de medidas de avalia\u00e7\u00e3o e monitoramento permanente do sistema previdenci\u00e1rio brasileiro.<\/p>\n<p>\u201cCom o lan\u00e7amento deste documento, demos in\u00edcio a uma campanha permanente em defesa da Previd\u00eancia e do direito dos trabalhadores e trabalhadoras se aposentarem&#8221;, disse o secret\u00e1rio-geral da CUT, S\u00e9rgio Nobre.<\/p>\n<p>No pr\u00f3ximo dia 22 ser\u00e1 realizado um dia Nacional de Mobiliza\u00e7\u00e3o, com panfletagens, assembleias nos locais de trabalho e di\u00e1logo com a popula\u00e7\u00e3o para esclarecer os riscos de uma nova proposta de reforma da Previd\u00eancia nos moldes exigidos pelo mercado, como prop\u00f5e o presidente de extrema-direita, que pretende adotar o\u00a0modelo de capitaliza\u00e7\u00e3o.<\/p>\n<p>Em 26 de novembro, os trabalhadores far\u00e3o atos em frente ao Minist\u00e9rio do Trabalho e em todas as Superintend\u00eancias Regionais do Trabalho espalhadas pelo Brasil para protestar contra a proposta do fim da pasta e reitera a defesa\u00a0 das aposentadorias.<\/p>\n<p>Para o secret\u00e1rio-geral da CUT-SP, Jo\u00e3o Cayres, o pr\u00f3ximo per\u00edodo ser\u00e1 de intensa luta para conseguir barrar as propostas apresentadas por Bolsonaro e seu guru econ\u00f4mico, Paulo Guedes, j\u00e1 indicado como futuro ministro da Economia.<\/p>\n<p>\u201cGuedes \u00e9 oriundo da Escola de Chicago e foi um dos respons\u00e1veis por ajudar a implementar a capitaliza\u00e7\u00e3o da Previd\u00eancia no Chile durante a ditadura de Pinochet e agora ele quer trazer essa agenda que deu errado l\u00e1 para o Brasil\u201d, critica o dirigente.<\/p>\n<p>\u201cPara se ter ideia de como a proposta chilena \u00e9 ruim \u00e9 s\u00f3 pedir para o trabalhador entrar em qualquer banco e pedir uma simula\u00e7\u00e3o de previd\u00eancia privada. A\u00ed \u00e9 s\u00f3 comparar por quantos anos tem de contribuir, o valor m\u00ednimo e quanto ir\u00e1 receber, considerando os riscos de investimentos. Todos se convencer\u00e3o que o nosso modelo p\u00fablico \u00e9 uma conquista que n\u00e3o podemos perder\u201d, disse Cayres.<\/p>\n<p>Edi\u00e7\u00e3o: Rede Brasil Atual<\/p>\n<p>Ilustra\u00e7\u00e3o: Assembleia no audit\u00f3rio da Escola Dieese de Ci\u00eancias do Trabalho estabeleceu agenda contra ataques a direitos dos trabalhadores \/ Roberto Parizotti | CUT<\/p>\n<p>https:\/\/www.redebrasilatual.com.br\/trabalho\/2018\/11\/centrais-realizam-atos-contra-reforma-da-previdencia-e-fim-do-ministerio-do-trabalho<\/p>\n","protected":false},"excerpt":{"rendered":"<a class=\"moretag\" href=\"https:\/\/pcb.org.br\/portal2\/21392\"> <\/a>","protected":false},"author":1,"featured_media":0,"comment_status":"closed","ping_status":"closed","sticky":false,"template":"","format":"standard","meta":{"jetpack_post_was_ever_published":false,"_jetpack_newsletter_access":"","_jetpack_dont_email_post_to_subs":false,"_jetpack_newsletter_tier_id":0,"_jetpack_memberships_contains_paywalled_content":false,"_jetpack_memberships_contains_paid_content":false,"footnotes":"","jetpack_publicize_message":"","jetpack_publicize_feature_enabled":true,"jetpack_social_post_already_shared":true,"jetpack_social_options":{"image_generator_settings":{"template":"highway","default_image_id":0,"font":"","enabled":false},"version":2}},"categories":[15],"tags":[225],"class_list":["post-21392","post","type-post","status-publish","format-standard","hentry","category-s18-sindical","tag-4a"],"jetpack_publicize_connections":[],"jetpack_featured_media_url":"","jetpack_shortlink":"https:\/\/wp.me\/p659gw-5z2","jetpack-related-posts":[],"jetpack_likes_enabled":true,"jetpack_sharing_enabled":true,"_links":{"self":[{"href":"https:\/\/pcb.org.br\/portal2\/wp-json\/wp\/v2\/posts\/21392","targetHints":{"allow":["GET"]}}],"collection":[{"href":"https:\/\/pcb.org.br\/portal2\/wp-json\/wp\/v2\/posts"}],"about":[{"href":"https:\/\/pcb.org.br\/portal2\/wp-json\/wp\/v2\/types\/post"}],"author":[{"embeddable":true,"href":"https:\/\/pcb.org.br\/portal2\/wp-json\/wp\/v2\/users\/1"}],"replies":[{"embeddable":true,"href":"https:\/\/pcb.org.br\/portal2\/wp-json\/wp\/v2\/comments?post=21392"}],"version-history":[{"count":0,"href":"https:\/\/pcb.org.br\/portal2\/wp-json\/wp\/v2\/posts\/21392\/revisions"}],"wp:attachment":[{"href":"https:\/\/pcb.org.br\/portal2\/wp-json\/wp\/v2\/media?parent=21392"}],"wp:term":[{"taxonomy":"category","embeddable":true,"href":"https:\/\/pcb.org.br\/portal2\/wp-json\/wp\/v2\/categories?post=21392"},{"taxonomy":"post_tag","embeddable":true,"href":"https:\/\/pcb.org.br\/portal2\/wp-json\/wp\/v2\/tags?post=21392"}],"curies":[{"name":"wp","href":"https:\/\/api.w.org\/{rel}","templated":true}]}}