{"id":214,"date":"2008-11-27T09:20:57","date_gmt":"2008-11-27T09:20:57","guid":{"rendered":"http:\/\/pcb.org.br\/portal2\/?p=214"},"modified":"2008-11-27T09:20:57","modified_gmt":"2008-11-27T09:20:57","slug":"nota-oficial-do-pcb-sobre-o-processo-contra-o-governador-da-paraiba","status":"publish","type":"post","link":"https:\/\/pcb.org.br\/portal2\/214","title":{"rendered":"NOTA OFICIAL DO PCB SOBRE O PROCESSO CONTRA O GOVERNADOR DA PARA\u00cdBA"},"content":{"rendered":"\n<p>3 \u2013 Reconstru\u00edda a dire\u00e7\u00e3o do Partido na Para\u00edba, o nosso candidato a Governador, Francisco Carlos Firmino, honrou a tradi\u00e7\u00e3o de luta do PCB, fazendo de sua campanha um instrumento de afirma\u00e7\u00e3o do ide\u00e1rio partid\u00e1rio e de conscientiza\u00e7\u00e3o popular.<\/p>\n<p>4 \u2013 Avocando pol\u00edtica e juridicamente a quest\u00e3o, a Dire\u00e7\u00e3o Nacional do PCB solicitou ao TRE da Para\u00edba que decretasse a anula\u00e7\u00e3o de todo o processo eleitoral e n\u00e3o a posse do segundo colocado, por entendermos que todo o processo eleitoral estava contaminado, por existirem processos de crimes eleitorais tamb\u00e9m contra este.<\/p>\n<p>5 \u2013 Cabe-nos deixar claro \u00e0 opini\u00e3o p\u00fablica brasileira, sobretudo a paraibana, que o PCB n\u00e3o tem qualquer lado nesta batalha judicial, que em verdade reproduz a disputa entre setores da oligarquia pelo controle da m\u00e1quina do Estado. Seja qual for o resultado, a Para\u00edba nos encontrar\u00e1 na oposi\u00e7\u00e3o ao governo estadual, construindo o futuro, na luta por uma sociedade socialista.<\/p>\n<p>Em anexo: peti\u00e7\u00e3o ao TRE da Para\u00edba<\/p>\n<p>Rio de Janeiro, 27 de novembro de 2008<\/p>\n<p>Ivan Martins Pinheiro Secret\u00e1rio Geral<\/p>\n","protected":false},"excerpt":{"rendered":"A respeito da confirma\u00e7\u00e3o, por parte do TSE, da decis\u00e3o do TRE da Para\u00edba de cassar o mandato do Governador do Estado, vem o Comit\u00ea Central do PCB a p\u00fablico, no sentido de esclarecer:\n1 \u2013 O processo judicial foi uma iniciativa do Sr. Jos\u00e9 Calistrato Cardoso Filho (ex-Presidente do PCB no Estado da Para\u00edba, at\u00e9 setembro de 2006), sem o conhecimento pr\u00e9vio da dire\u00e7\u00e3o regional e nacional do Partido.\n2 \u2013 Logo em seguida \u00e0 propositura da a\u00e7\u00e3o, nosso Comit\u00ea Central desautorizou e destituiu esse ex-presidente, que atuava para tentar coligar o PCB no Estado com partidos conservadores, contrariando decis\u00e3o nacional no sentido de que o Partido apresentasse um candidato pr\u00f3prio a Governador na Para\u00edba.\n<a class=\"moretag\" href=\"https:\/\/pcb.org.br\/portal2\/214\"> <\/a>","protected":false},"author":1,"featured_media":0,"comment_status":"open","ping_status":"open","sticky":false,"template":"","format":"standard","meta":{"jetpack_post_was_ever_published":false,"_jetpack_newsletter_access":"","_jetpack_dont_email_post_to_subs":false,"_jetpack_newsletter_tier_id":0,"_jetpack_memberships_contains_paywalled_content":false,"_jetpack_memberships_contains_paid_content":false,"footnotes":"","jetpack_publicize_message":"","jetpack_publicize_feature_enabled":true,"jetpack_social_post_already_shared":false,"jetpack_social_options":{"image_generator_settings":{"template":"highway","default_image_id":0,"font":"","enabled":false},"version":2}},"categories":[23],"tags":[],"class_list":["post-214","post","type-post","status-publish","format-standard","hentry","category-c29-organizacao"],"jetpack_publicize_connections":[],"jetpack_featured_media_url":"","jetpack_shortlink":"https:\/\/wp.me\/p659gw-3s","jetpack-related-posts":[],"jetpack_likes_enabled":true,"jetpack_sharing_enabled":true,"_links":{"self":[{"href":"https:\/\/pcb.org.br\/portal2\/wp-json\/wp\/v2\/posts\/214","targetHints":{"allow":["GET"]}}],"collection":[{"href":"https:\/\/pcb.org.br\/portal2\/wp-json\/wp\/v2\/posts"}],"about":[{"href":"https:\/\/pcb.org.br\/portal2\/wp-json\/wp\/v2\/types\/post"}],"author":[{"embeddable":true,"href":"https:\/\/pcb.org.br\/portal2\/wp-json\/wp\/v2\/users\/1"}],"replies":[{"embeddable":true,"href":"https:\/\/pcb.org.br\/portal2\/wp-json\/wp\/v2\/comments?post=214"}],"version-history":[{"count":0,"href":"https:\/\/pcb.org.br\/portal2\/wp-json\/wp\/v2\/posts\/214\/revisions"}],"wp:attachment":[{"href":"https:\/\/pcb.org.br\/portal2\/wp-json\/wp\/v2\/media?parent=214"}],"wp:term":[{"taxonomy":"category","embeddable":true,"href":"https:\/\/pcb.org.br\/portal2\/wp-json\/wp\/v2\/categories?post=214"},{"taxonomy":"post_tag","embeddable":true,"href":"https:\/\/pcb.org.br\/portal2\/wp-json\/wp\/v2\/tags?post=214"}],"curies":[{"name":"wp","href":"https:\/\/api.w.org\/{rel}","templated":true}]}}