{"id":21402,"date":"2018-11-16T23:20:59","date_gmt":"2018-11-17T01:20:59","guid":{"rendered":"https:\/\/pcb.org.br\/portal2\/?p=21402"},"modified":"2018-11-21T10:05:10","modified_gmt":"2018-11-21T12:05:10","slug":"toda-solidariedade-aos-medicos-cubanos","status":"publish","type":"post","link":"https:\/\/pcb.org.br\/portal2\/21402","title":{"rendered":"Toda solidariedade aos m\u00e9dicos cubanos!"},"content":{"rendered":"<p><img decoding=\"async\" class=\"imagem\" title=\"imagem\" src=\"https:\/\/i0.wp.com\/2.bp.blogspot.com\/-ENeTCL_aNbw\/W-2fVkVTycI\/AAAAAAADC78\/bJxMUSNyR3o-65t36yTCYS7089l_zT_fQCLcBGAs\/s1600\/mais%2Bmedicos%2Baraquem.jpeg\" alt=\"imagem\" \/><!--more--><strong>Por um programa de sa\u00fade universal e 100% p\u00fablico!<\/strong><\/p>\n<p>O Comit\u00ea Central do Partido Comunista Brasileiro (PCB) vem a p\u00fablico externar seu mais veemente rep\u00fadio \u00e0s declara\u00e7\u00f5es depreciativas e amea\u00e7adoras do presidente eleito Jair Bolsonaro \u00e0 presen\u00e7a dos m\u00e9dicos cubanos no Brasil, provocando\u00a0a rea\u00e7\u00e3o do Minist\u00e9rio da Sa\u00fade cubano, que anunciou, no \u00faltimo dia 14, a interrup\u00e7\u00e3o de sua participa\u00e7\u00e3o no programa brasileiro, inaugurado em 2013.<\/p>\n<p>Desde o in\u00edcio do programa criado pelo governo da ex-presidente Dilma Roussef e mesmo ainda se tratando de uma iniciativa insuficiente para atender plenamente as necessidades da popula\u00e7\u00e3o brasileira, cerca de 20 mil colaboradores cubanos ofereceram aten\u00e7\u00e3o m\u00e9dica a 113 milh\u00f5es 359 mil pacientes, em quase quatro mil cidades no Brasil. Em mais de 700 munic\u00edpios foi a primeira vez que a popula\u00e7\u00e3o local teve acesso a um tratamento m\u00e9dico.<\/p>\n<p>Objetivamente, os m\u00e9dicos cubanos atuaram nos lugares de pobreza mais extrema no interior do Brasil, em favelas das grandes cidades, nos 34 Distritos Especiais Ind\u00edgenas, na Amaz\u00f4nia. Onde atuaram, os m\u00e9dicos cubanos tiveram seu trabalho profissional reconhecido pela popula\u00e7\u00e3o assistida, especialmente as pessoas mais pobres, que passaram a ter uma aten\u00e7\u00e3o mais cuidadosa e marcada pela preocupa\u00e7\u00e3o com um atendimento humanizado e promotor de qualidade de vida.<\/p>\n<p>Muitos destes m\u00e9dicos atuavam, sozinhos, em mais de 1.500 munic\u00edpios, cuidando de 24 milh\u00f5es de pessoas. Tendo em vista que nem o governo Temer, que aprovou emenda constitucional congelando as verbas de programas sociais e da sa\u00fade por 20 anos, nem Bolsonaro t\u00eam interesse em promover uma pol\u00edtica p\u00fablica de sa\u00fade, j\u00e1 que defendem abertamente medidas privatizantes, de uma hora para outra, muito mais gente vai ficar sem atendimento m\u00e9dico no Brasil.<\/p>\n<p>Al\u00e9m de ter desenvolvido uma sa\u00fade p\u00fablica de ponta, totalmente financiada pelo Estado e atendendo, de forma universal e gratuita, o conjunto das necessidades da popula\u00e7\u00e3o de Cuba, o governo socialista cubano, ao longo dos quase 60 anos de hist\u00f3ria, desde a Revolu\u00e7\u00e3o de janeiro de 1959, presta solidariedade internacionalista concreta em todo o mundo, por meio de iniciativas que expressam uma verdadeira ajuda humanit\u00e1ria e tamb\u00e9m atrav\u00e9s de conv\u00eanios com diversos pa\u00edses, formas de obten\u00e7\u00e3o de divisas para o pa\u00eds que at\u00e9 hoje sofre com o bloqueio econ\u00f4mico criminoso imposto pelos Estados Unidos. At\u00e9 o final de 2016, m\u00e9dicos cubanos trabalhavam em 62 pa\u00edses, dos quais em apenas 35 o governo cobrou por seus servi\u00e7os. Esta atividade atualmente representa a principal fonte de capta\u00e7\u00e3o de recursos do governo socialista, logo acima do turismo.<\/p>\n<p>Os profissionais cubanos est\u00e3o atuando em 24 pa\u00edses da Am\u00e9rica Latina e do Caribe, em 27 na\u00e7\u00f5es da \u00c1frica subsaariana, em dois do Oriente M\u00e9dio e da \u00c1frica setentrional, em sete da \u00c1sia Oriental e do Pac\u00edfico, al\u00e9m de R\u00fassia e Portugal. Cuba tamb\u00e9m oferece servi\u00e7os gratuitos por interm\u00e9dio do Programa Integral de Sa\u00fade, destinado a 27 pa\u00edses mais pobres, tais como Haiti, Bol\u00edvia, El Salvador, Guatemala, Nicar\u00e1gua, Honduras, Eti\u00f3pia, Congo, Tanz\u00e2nia, Zimb\u00e1bue, entre outros.<\/p>\n<p>Portanto, a sa\u00edda dos m\u00e9dicos cubanos do Brasil, sem quaisquer perspectivas de ado\u00e7\u00e3o de uma alternativa capaz de promover a sa\u00fade p\u00fablica da popula\u00e7\u00e3o mais necessitada, representa mais um enorme retrocesso social, resultante das a\u00e7\u00f5es desenvolvidas pela burguesia brasileira, desejosa de ampliar os processos de privatiza\u00e7\u00e3o dos servi\u00e7os p\u00fablicos e de destruir por completo a no\u00e7\u00e3o de sa\u00fade \u2013 assim como a educa\u00e7\u00e3o e demais necessidades da popula\u00e7\u00e3o \u2013 como direito social fundamental, transformando tudo em mercadoria.<\/p>\n<p>Temos o entendimento de que o Programa Mais M\u00e9dicos se constituiu como uma medida emergencial, limitando sua atua\u00e7\u00e3o \u00e0 aten\u00e7\u00e3o b\u00e1sica e concentrando a pol\u00edtica de sa\u00fade no atendimento m\u00e9dico, tendo em vista que, nos governos anteriores, n\u00e3o houve o devido investimento na sa\u00fade preventiva e em infraestrutura, pois o projeto burgu\u00eas \u00e9 o de sucateamento e privatiza\u00e7\u00e3o do SUS e dos hospitais universit\u00e1rios, al\u00e9m da autoriza\u00e7\u00e3o da entrada do capital internacional para investir em servi\u00e7os assistenciais \u00e0 popula\u00e7\u00e3o. Mas \u00e9 ineg\u00e1vel que este programa vinha cumprindo um papel importante no atendimento \u00e0 popula\u00e7\u00e3o, raz\u00e3o pela qual consideramos inadmiss\u00edvel a postura do presidente eleito Bolsonaro, que, com suas falas e atitudes anticomunistas, xen\u00f3fobas, totalmente desrespeitosas e falsas em rela\u00e7\u00e3o \u00e0 forma\u00e7\u00e3o profissional dos m\u00e9dicos cubanos, demonstrou claramente seu desprezo para com as necessidades mais prementes do povo brasileiro e seu apre\u00e7o por projetos privatistas e de favorecimento aos interesses do capital.<\/p>\n<p>A milit\u00e2ncia do PCB sa\u00fada o governo cubano e presta assim sua mais irrestrita solidariedade aos profissionais que dedicam parte consider\u00e1vel de suas vidas a um trabalho de car\u00e1ter humanista junto ao proletariado em v\u00e1rias partes do planeta.<\/p>\n<p>Viva Cuba! Viva a Revolu\u00e7\u00e3o Socialista!<\/p>\n<p>Refor\u00e7amos nossa disposi\u00e7\u00e3o de seguir lutando junto com a classe trabalhadora e o povo brasileiro em defesa do direito universal \u00e0 sa\u00fade.<\/p>\n<p>Por um sistema de sa\u00fade para todos, 100% p\u00fablico e sob controle popular!<\/p>\n<p>Comit\u00ea Central do Partido Comunista Brasileiro (PCB)<\/p>\n<p>Fotos: Araqu\u00e9m Alc\u00e2ntara<\/p>\n","protected":false},"excerpt":{"rendered":"<a class=\"moretag\" href=\"https:\/\/pcb.org.br\/portal2\/21402\"> <\/a>","protected":false},"author":1,"featured_media":0,"comment_status":"closed","ping_status":"closed","sticky":false,"template":"","format":"standard","meta":{"jetpack_post_was_ever_published":false,"_jetpack_newsletter_access":"","_jetpack_dont_email_post_to_subs":false,"_jetpack_newsletter_tier_id":0,"_jetpack_memberships_contains_paywalled_content":false,"_jetpack_memberships_contains_paid_content":false,"footnotes":"","jetpack_publicize_message":"","jetpack_publicize_feature_enabled":true,"jetpack_social_post_already_shared":true,"jetpack_social_options":{"image_generator_settings":{"template":"highway","default_image_id":0,"font":"","enabled":false},"version":2}},"categories":[268,26,197],"tags":[221,246],"class_list":["post-21402","post","type-post","status-publish","format-standard","hentry","category-eleicoes-2018","category-c25-notas-politicas-do-pcb","category-saude","tag-2a","tag-np"],"jetpack_publicize_connections":[],"jetpack_featured_media_url":"","jetpack_shortlink":"https:\/\/wp.me\/p659gw-5zc","jetpack-related-posts":[],"jetpack_likes_enabled":true,"jetpack_sharing_enabled":true,"_links":{"self":[{"href":"https:\/\/pcb.org.br\/portal2\/wp-json\/wp\/v2\/posts\/21402","targetHints":{"allow":["GET"]}}],"collection":[{"href":"https:\/\/pcb.org.br\/portal2\/wp-json\/wp\/v2\/posts"}],"about":[{"href":"https:\/\/pcb.org.br\/portal2\/wp-json\/wp\/v2\/types\/post"}],"author":[{"embeddable":true,"href":"https:\/\/pcb.org.br\/portal2\/wp-json\/wp\/v2\/users\/1"}],"replies":[{"embeddable":true,"href":"https:\/\/pcb.org.br\/portal2\/wp-json\/wp\/v2\/comments?post=21402"}],"version-history":[{"count":0,"href":"https:\/\/pcb.org.br\/portal2\/wp-json\/wp\/v2\/posts\/21402\/revisions"}],"wp:attachment":[{"href":"https:\/\/pcb.org.br\/portal2\/wp-json\/wp\/v2\/media?parent=21402"}],"wp:term":[{"taxonomy":"category","embeddable":true,"href":"https:\/\/pcb.org.br\/portal2\/wp-json\/wp\/v2\/categories?post=21402"},{"taxonomy":"post_tag","embeddable":true,"href":"https:\/\/pcb.org.br\/portal2\/wp-json\/wp\/v2\/tags?post=21402"}],"curies":[{"name":"wp","href":"https:\/\/api.w.org\/{rel}","templated":true}]}}