{"id":21438,"date":"2018-11-21T23:14:33","date_gmt":"2018-11-22T01:14:33","guid":{"rendered":"https:\/\/pcb.org.br\/portal2\/?p=21438"},"modified":"2018-11-24T04:41:03","modified_gmt":"2018-11-24T06:41:03","slug":"sobre-os-verdadeiros-guardioes-da-saude-da-vida","status":"publish","type":"post","link":"https:\/\/pcb.org.br\/portal2\/21438","title":{"rendered":"Sobre os verdadeiros guardi\u00f5es da sa\u00fade e da vida"},"content":{"rendered":"<p><img decoding=\"async\" class=\"imagem\" title=\"imagem\" src=\"https:\/\/i0.wp.com\/lh3.googleusercontent.com\/02NmbRy8zXYQKT7BoNpyXaEmcNg25ZVVV6lzF_juDM051pQqZ1HDqQVg6-u4US821XCfrWgRlH4nBUKREpj4_f7M1I8EVYVqUT39QoALErL73qZi4ZXhA2oxRiwUOPRElGRAKx_QBJndNxUsNzaOa3m81Gu-fqsgd-sCZkoZIknCukmLRGf8tCORaVPq93RSDadOyDVMvhKFmwakwgaroCS_usa9GIAyiyjvUqSSgoosp4KMyhD80SgwN3ah5m-V9hYEFVFx6LaJF2i93qHbAuujKwi1w5Vg1RigAXdp_ig1sl0Q_HQ77hOrL7UikL_ded3d98sU8lnpaYVljhtqn5VOWv-eK0XTsMOsQFjuS5Bh43kYeElT7I7NyrH714O7vQ2xHiwTHri6hkflhYwkqIbH53lJQbdsUAK9gUOXsvlZOoUVr1xvmpwx9AEYWQi9zXHZrlyvdxqZU7vQPjXRiiMZ79uE_HHPp8mWafmCdDRSa8_xTpWkq8C_px_4QCHEpsflTmywaNj1nl-A8nv62bbLVOpYXNZ_f2_hXFyssguC1v1Fn7vIZq9gZ4U7WR7XdR2SZgunwVe5tAzkJUhAOXf_EwUzsxQOuFHzyugG6d4Rqc9KBTI2pIlRCqieofZqmEQzjIVYl9DjGN0LCDdKQe8Rfw=s295-no\" alt=\"imagem\" \/><!--more-->Coordena\u00e7\u00e3o Nacional da Uni\u00e3o da Juventude Comunista (UJC)<\/p>\n<p>No dia 14 de novembro, foi divulgado o fim do acordo de coopera\u00e7\u00e3o t\u00e9cnica entre Cuba e Brasil no Programa Mais M\u00e9dicos (PMM), consequ\u00eancia do oferecimento, por parte do presidente eleito no Brasil Jair Bolsonaro, de condi\u00e7\u00f5es inaceit\u00e1veis ao governo cubano, al\u00e9m de in\u00fameras declara\u00e7\u00f5es desrespeitosas feitas aos m\u00e9dicos e ao programa. O fim Programa Mais M\u00e9dicos coloca em grande risco a aten\u00e7\u00e3o b\u00e1sica do Sistema \u00danico de Sa\u00fade (SUS) e o atendimento de necessidades de sa\u00fade de popula\u00e7\u00f5es espec\u00edficas, al\u00e9m de representar o sucateamento da assist\u00eancia \u00e0 sa\u00fade de mais de 60 milh\u00f5es de brasileiros que s\u00e3o cobertos pelo PMM, principalmente a popula\u00e7\u00e3o negra, ind\u00edgena e quilombola.<\/p>\n<p>De acordo com a OPAS\/OMS, Cuba apresenta o maior n\u00famero de m\u00e9dicos por mil habitantes do mundo: 7,519 (dado de 2014). O \u00edndice \u00e9 quatro vezes maior do que o do Brasil: 1,852 (dado de 2013), sendo este um dos motivos para a coopera\u00e7\u00e3o entre os dois pa\u00edses. Os m\u00e9dicos cubanos estavam presentes em 2.800 dos 3.228 munic\u00edpios participantes do PMM, e em 611 munic\u00edpios atuavam somente m\u00e9dicos cubanos. A sa\u00edda de mais de 8 mil m\u00e9dicos do Brasil deixar\u00e1 os locais mais pobres desassistidos, lugares que j\u00e1 s\u00e3o sucateados diariamente e onde as desigualdades sociais est\u00e3o mais vis\u00edveis; tamb\u00e9m deixar\u00e1 desassistidas as favelas, os interiores, os quilombos. Al\u00e9m de representar um grande risco epidemiol\u00f3gico para essas popula\u00e7\u00f5es, essa situa\u00e7\u00e3o mostra uma das faces mais perversas do governo Bolsonaro, que visa o sucateamento do Sistema \u00danico de Sa\u00fade e as privatiza\u00e7\u00f5es em massa.<\/p>\n<p>Cabe ressaltar que a sa\u00fade depende de uma s\u00e9rie de condi\u00e7\u00f5es coletivas, sofrendo a influ\u00eancia de fatores socio-econ\u00f4micos, pol\u00edticos, culturais e socio-ambientais. O acesso \u00e0 sa\u00fade pela popula\u00e7\u00e3o negra e quilombola \u00e9 historicamente negado, assim como as condi\u00e7\u00f5es de moradia e habita\u00e7\u00e3o, o acesso \u00e0 educa\u00e7\u00e3o, ao saneamento b\u00e1sico, \u00e0 cultura, emprego e renda, mostrando n\u00e3o somente a desigualdade ao acesso \u00e0 sa\u00fade, mas tamb\u00e9m \u00e0s condi\u00e7\u00f5es de sa\u00fade. Se a cobertura do sistema de sa\u00fade no pa\u00eds n\u00e3o abrange todas as popula\u00e7\u00f5es, estamos em falha epidemiol\u00f3gica grave. O acesso \u00e0 sa\u00fade deve ser integral e universal!<\/p>\n<p>Por isso, a nossa luta \u00e9 por uma sa\u00fade coletiva e popular! A nossa luta \u00e9 contra o sucateamento do Sistema \u00danico de Sa\u00fade e para que ele abranja todas as \u00e1reas e todas as popula\u00e7\u00f5es! A nossa luta \u00e9 contra as privatiza\u00e7\u00f5es em massa! \u00c9 pelas vidas negras, ind\u00edgenas e quilombolas!<\/p>\n<p>&#8211; QUEM VAI ASSUMIR O LUGAR DOS M\u00c9DICOS CUBANOS?<\/p>\n<p>Hoje, 45,7% das vagas do programa Mais M\u00e9dicos s\u00e3o ocupadas por m\u00e9dicos cubanos. Se os brasileiros formados aqui ou no exterior deixaram claro j\u00e1 em 2013 que n\u00e3o iriam ocupar essas vagas, quem vai?<\/p>\n<p>&#8211; O M\u00c9DICO BRASILEIRO \u00c9 FORMADO PARA ATENDER A QUEM?<\/p>\n<p>Pelo menos 2,8 mil cidades ser\u00e3o afetadas, sair\u00e3o 8,5 mil m\u00e9dicos de \u00e1reas carentes. Mais de 1,5 mil cidades tem atendimento exclusivamente por meio do Mais M\u00e9dicos. Calcula-se uma perda de mais de 70% dos atendimentos em aldeias ind\u00edgenas. Quem vai atender as aldeias ind\u00edgenas que ficar\u00e3o completamente desassistidas com a sa\u00fade desses profissionais?<\/p>\n<p>&#8211; MEDICINA PARA ATENDER SERES HUMANOS, N\u00c3O AO MERCADO<\/p>\n<p>S\u00e3o muitos os pa\u00edses que pregam a paz ao mesmo tempo em que vendem armas a estados e grupos terroristas, que lucram em cima da morte e do sofrimento humano. Cuba tem sido fiel desde o princ\u00edpio da revolu\u00e7\u00e3o aos seus ideais internacionalistas e humanit\u00e1rios e envia m\u00e9dicos e profissionais da sa\u00fade aonde quer que eles sejam requisitados, incluindo pa\u00edses em guerra civil e acometidos por epidemias nos quais a grande maioria dos profissionais se recusam a atuar.<\/p>\n<p>&#8211; A MEDICINA, PARA CUBA, \u00c9 VISTA DE FATO COMO UM DIREITO HUMANO<\/p>\n<p>Os profissionais cubanos t\u00eam sua forma\u00e7\u00e3o baseada no conhecimento t\u00e9cnico-cient\u00edfico mais atual, ao mesmo tempo que tem a filosofia e a \u00e9tica como pilares indissoci\u00e1veis do conhecimento m\u00e9dico. O tecnicismo superficial e baseado nos interesses do mercado; a chamada Medicina-Mercadoria n\u00e3o faz sentido para esses profissionais, fato que entendemos como inalcan\u00e7\u00e1vel para grande parte dos profissionais do pa\u00eds que se formam com o objetivo de enriquecer e trabalhar sob a l\u00f3gica privada sobre um direito humano.<\/p>\n<p>A UJC repudia a histeria criada em torno dos m\u00e9dicos cubanos que trabalharam com a popula\u00e7\u00e3o mais pobre do Brasil, a partir das alega\u00e7\u00f5es de que n\u00e3o teriam o diploma reconhecido e de que seriam explorados pelo governo de Cuba. \u00c9 importante lembrar que, atualmente, mais de cem engenheiros franceses trabalham na constru\u00e7\u00e3o de submarinos no Brasil.\u00a0 \u00c9 muito comum encontrarmos declara\u00e7\u00f5es sobre o pagamento de uma parte dos vencimentos dos m\u00e9dicos cubanos para a empresa estatal cubana que sagrou o contrato com o governo brasileiro. A estatal cubana \u00e9 respons\u00e1vel por todos os seguros, direitos trabalhistas e assist\u00eancia \u00e0s fam\u00edlias dos m\u00e9dicos e m\u00e9dicas cubanas em miss\u00e3o no Brasil. \u00c9 uma contrapartida absolutamente razo\u00e1vel e comum neste tipo de acordo internacional. Al\u00e9m do mais, insistindo no exemplo dos engenheiros franceses que trabalham no Brasil, eles pagam 50% de seus vencimentos em impostos em seus pa\u00edses de origem.<\/p>\n<p>POR UMA SA\u00daDE COLETIVA E POPULAR!<\/p>\n<p>Foto: Araqu\u00e9m Alc\u00e2ntara (2016)<\/p>\n<blockquote class=\"wp-embedded-content\" data-secret=\"ZdpIhGsSIn\"><p><a href=\"http:\/\/ujc.org.br\/\">In\u00edcio<\/a><\/p><\/blockquote>\n<p><iframe loading=\"lazy\" class=\"wp-embedded-content\" sandbox=\"allow-scripts\" security=\"restricted\" style=\"position: absolute; clip: rect(1px, 1px, 1px, 1px);\" src=\"http:\/\/ujc.org.br\/embed\/#?secret=ZdpIhGsSIn\" data-secret=\"ZdpIhGsSIn\" width=\"600\" height=\"338\" title=\"&#8220;In\u00edcio&#8221; &#8212; UJC\" frameborder=\"0\" marginwidth=\"0\" marginheight=\"0\" scrolling=\"no\"><\/iframe><\/p>\n","protected":false},"excerpt":{"rendered":"<a class=\"moretag\" href=\"https:\/\/pcb.org.br\/portal2\/21438\"> <\/a>","protected":false},"author":1,"featured_media":0,"comment_status":"closed","ping_status":"closed","sticky":false,"template":"","format":"standard","meta":{"jetpack_post_was_ever_published":false,"_jetpack_newsletter_access":"","_jetpack_dont_email_post_to_subs":false,"_jetpack_newsletter_tier_id":0,"_jetpack_memberships_contains_paywalled_content":false,"_jetpack_memberships_contains_paid_content":false,"footnotes":"","jetpack_publicize_message":"","jetpack_publicize_feature_enabled":true,"jetpack_social_post_already_shared":true,"jetpack_social_options":{"image_generator_settings":{"template":"highway","default_image_id":0,"font":"","enabled":false},"version":2}},"categories":[47,197],"tags":[223],"class_list":["post-21438","post","type-post","status-publish","format-standard","hentry","category-c57-revolucao-cubana","category-saude","tag-3a"],"jetpack_publicize_connections":[],"jetpack_featured_media_url":"","jetpack_shortlink":"https:\/\/wp.me\/p659gw-5zM","jetpack-related-posts":[],"jetpack_likes_enabled":true,"jetpack_sharing_enabled":true,"_links":{"self":[{"href":"https:\/\/pcb.org.br\/portal2\/wp-json\/wp\/v2\/posts\/21438","targetHints":{"allow":["GET"]}}],"collection":[{"href":"https:\/\/pcb.org.br\/portal2\/wp-json\/wp\/v2\/posts"}],"about":[{"href":"https:\/\/pcb.org.br\/portal2\/wp-json\/wp\/v2\/types\/post"}],"author":[{"embeddable":true,"href":"https:\/\/pcb.org.br\/portal2\/wp-json\/wp\/v2\/users\/1"}],"replies":[{"embeddable":true,"href":"https:\/\/pcb.org.br\/portal2\/wp-json\/wp\/v2\/comments?post=21438"}],"version-history":[{"count":0,"href":"https:\/\/pcb.org.br\/portal2\/wp-json\/wp\/v2\/posts\/21438\/revisions"}],"wp:attachment":[{"href":"https:\/\/pcb.org.br\/portal2\/wp-json\/wp\/v2\/media?parent=21438"}],"wp:term":[{"taxonomy":"category","embeddable":true,"href":"https:\/\/pcb.org.br\/portal2\/wp-json\/wp\/v2\/categories?post=21438"},{"taxonomy":"post_tag","embeddable":true,"href":"https:\/\/pcb.org.br\/portal2\/wp-json\/wp\/v2\/tags?post=21438"}],"curies":[{"name":"wp","href":"https:\/\/api.w.org\/{rel}","templated":true}]}}