{"id":21493,"date":"2018-11-28T09:05:25","date_gmt":"2018-11-28T11:05:25","guid":{"rendered":"https:\/\/pcb.org.br\/portal2\/?p=21493"},"modified":"2018-11-28T09:05:25","modified_gmt":"2018-11-28T11:05:25","slug":"mais-medicas-cubanas-hoje","status":"publish","type":"post","link":"https:\/\/pcb.org.br\/portal2\/21493","title":{"rendered":"Mais m\u00e9dicas cubanas hoje"},"content":{"rendered":"<p><img decoding=\"async\" class=\"imagem\" title=\"imagem\" src=\"https:\/\/i0.wp.com\/gz.diarioliberdade.org\/media\/k2\/items\/cache\/8275e3b11b94cdcaaa337880fb33d29a_XL.jpg\" alt=\"imagem\" \/><!--more-->As cubanas constituem hoje 69% dos trabalhadores da Sa\u00fade P\u00fablica e Assist\u00eancia Social, pois assumiram o desafio da forma\u00e7\u00e3o de m\u00e9dicos e enfermeiras, carreiras vedadas no passado a seu g\u00eanero.<\/p>\n<p>Milhares de jovens cubanas tomaram em suas m\u00e3os essa nobre miss\u00e3o, comprometidas a erradicar numerosas doen\u00e7as cur\u00e1veis que a cada ano provocavam a morte ou deixavam sequelas nos setores mais pobres da sociedade.<\/p>\n<p>Em 1953 s\u00f3 havia 403 m\u00e9dicas em Cuba, 6,5% dos cl\u00ednicos existentes, e a car\u00eancia se agravou pelo abandono do pa\u00eds de uns tr\u00eas mil, a metade dos profissionais desse ramo, depois do triunfo da Revolu\u00e7\u00e3o Cubana. Desde 1959 at\u00e9 o curso de 2016-2017, as universidades graduaram 331.518 m\u00e9dicos, em benef\u00edcio de toda a popula\u00e7\u00e3o que desfruta dos servi\u00e7os de sa\u00fade, gratuitos e de alta qualidade.<\/p>\n<p>Em 1964 uma das primeiras graduadas foi Pura Avil\u00e9s Cruz (nascida em 1935), destacada Professora Titular e Professora Consultante, Doutor em Ci\u00eancias M\u00e9dicas do Hospital Provincial Docente V. I. Lenin, da cidade de Holgu\u00edn.<\/p>\n<p>Especialista de segundo grau em anestesiologia e reanima\u00e7\u00e3o e em cuidados intensivos e emerg\u00eancias, tem a condi\u00e7\u00e3o de Hero\u00edna do Trabalho da Rep\u00fablica de Cuba. Tamb\u00e9m foi deputada \u00e0 Assembleia Nacional na VII Legislatura (2008-2013).<\/p>\n<p>Rosa Elena Sime\u00f3n Negr\u00edn (1943-2004), antes que fosse eleita Presidenta da Academia de Ci\u00eancias de Cuba e Ministra de Ci\u00eancia, Tecnologia e Meio ambiente, era formada de medicina (1967) e, depois, em ci\u00eancias veterin\u00e1rias.<\/p>\n<p>Not\u00e1vel cient\u00edfica e deputada, foi especialista em virologia da Organiza\u00e7\u00e3o das Na\u00e7\u00f5es Unidas para a Agricultura e a Alimenta\u00e7\u00e3o (FAO) e representou Cuba na C\u00fapula da Terra, Rio de Janeiro, 1992.<\/p>\n<p>Mar\u00eda Felicia Casanova Gonz\u00e1lez \u00e9 a primeira doutora em Ci\u00eancias M\u00e9dicas de Cienfuegos e uma cientista not\u00e1vel; especialista de segundo grau em Neurofisiologia e Professora Titular, preside atualmente o Conselho Cient\u00edfico do Hospital Pedi\u00e1trico Provincial Paquito Gonz\u00e1lez Cueto.<\/p>\n<p>Ao redor de uma vintena de m\u00e9dicas e enfermeiras integram a IX Legislatura da Assembleia Nacional no 2018 e ocupam importantes responsabilidades em sua vida trabalhista.<\/p>\n<p>Est\u00e3o presentes as estudantes de Medicina Yanet Pupo Estupi\u00f1\u00e1n (22 anos), Presidenta da Federa\u00e7\u00e3o Estudiantil Universit\u00e1ria (FEU) na Universidade de Ci\u00eancias M\u00e9dicas de Holgu\u00edn, e Anabel Treto da Paz (23 anos), de igual cargo na Universidade de Ci\u00eancias M\u00e9dicas de Santa Clara.<\/p>\n<p>A elas se acrescentam as jovens profissionais Arletis Igreja Romero (27 anos), assistente do Hospital Fausto Javier, de Guant\u00e1namo, e Marie Castillo Fiallo (26 anos), enfermeira de Neurocirurgia do Hospital Pedi\u00e1trico Juan Manuel M\u00e1rquez, de Havana, junto a um grupo de maior experi\u00eancia.<\/p>\n<p>A deputada Niurka Rosa Aguilera Batallan (52 anos), Metod\u00f3loga de Postgrado na Dire\u00e7\u00e3o Municipal de Sa\u00fade de Holgu\u00edn, tem sido desde M\u00e9dico Geral Integral (MGI) at\u00e9 diretora de Policl\u00ednico. Cumpriu miss\u00f5es internacionalistas em Z\u00e2mbia e Nam\u00edbia e integrou o Contingente Henry Rev\u00e9 na Guatemala.<\/p>\n<p>Outra destacada profissional da Sa\u00fade \u00e9 Miladys Orraca Castillo (52 anos), especialista de segundo grau em Gen\u00e9tica Cl\u00ednica, com mestrado em Aten\u00e7\u00e3o Integral \u00e0 Crian\u00e7a, Doutora em Ci\u00eancias e Professora Titular.<\/p>\n<p>Orraca preside a Comercializadora de Servi\u00e7os M\u00e9dicos Cubanos S.A; esteve \u00e0 frente da Dire\u00e7\u00e3o Provincial de Sa\u00fade P\u00fablica em Pinar do Rio e integra o Comit\u00ea Central do Partido Comunista de Cuba desde 2011.<\/p>\n<p>Galina Galcer\u00e1n Chac\u00f3n (49 anos) \u00e9 tamb\u00e9m m\u00e9dica e diretora do Hospital Pedi\u00e1trico Octavio da Concep\u00e7\u00e3o da Pedraja. Antes trabalhou no Hospital Pedi\u00e1trico de Holgu\u00edn e foi especialista de primeiro grau em Pediatria na Policl\u00ednica M\u00e1rtires de Calabazar, em Havana.<\/p>\n<p>Belkis Alfonso Biart (47 anos), Diretora da Cl\u00ednica Estomatol\u00f3gica 27 de Novembro, Col\u00f3n, Matan\u00e7as, cumpriu miss\u00e3o internacionalista na Venezuela.<\/p>\n<p>Rivil Morej\u00f3n Neira (47 anos), outra deputada, dirige a Policl\u00ednica Dionisio Sainz, de Madruga, Mayabeque. Master em Aten\u00e7\u00e3o Integral \u00e0 mulher, cumpriu miss\u00e3o internacionalista na Venezuela durante tr\u00eas anos.<\/p>\n<p>Arelys Falc\u00f3n Hern\u00e1ndez (49 anos), Reitora da Universidade de Ci\u00eancias M\u00e9dicas de Cienfuegos, \u00e9 especialista de Segundo Grau em Medicina Intensiva e Emerg\u00eancias.<\/p>\n<p>Lourdes Milagres Caballero Garz\u00f3n (46 anos), M\u00e9dica Especialista em Medicina Geral Integral da Policl\u00ednica Jos\u00e9 Mart\u00ed, Santiago de Cuba, cumpriu miss\u00e3o m\u00e9dica em \u00c1frica, Belize e Brasil.<\/p>\n<p>Yenisey Mora F\u00e9rguson (36 anos), especialista em Nefrologia do Hospital Provincial de Cego de Avila, tamb\u00e9m cumpriu miss\u00e3o na Venezuela.<\/p>\n<p>Tania Cabrera Mari\u00f1o (49 anos), enfermeira do Policl\u00ednico Mario Mu\u00f1oz., cumpriu miss\u00f5es na Venezuela e no Haiti.<\/p>\n<p>Zulema Currais Aroche (54 anos), enfermeira do Consult\u00f3rio 9, Policl\u00ednica Manuel La\u00e7o, Pinar do Rio, cumpriu duas miss\u00f5es internacionalistas, na Eti\u00f3pia e, depois, Venezuela.<\/p>\n<p>Estela Cristina Lua Morais (54 anos), especialista em Medicina Geral Integral, com mestrado em ci\u00eancia de II Grau e Professora assistente, assumiu como nova presidenta da Comiss\u00e3o de Sa\u00fade e Desporto da Assembleia Nacional de Cuba, constitu\u00edda este ano. No Sistema Nacional de Sa\u00fade trabalhou no Programa do M\u00e9dico e da Enfermeira da Fam\u00edlia, Diretora de Policl\u00ednica, Diretora de Aten\u00e7\u00e3o Prim\u00e1ria, de Aten\u00e7\u00e3o M\u00e9dica e Vice-ministra de Sa\u00fade P\u00fablica para a \u00e1rea de Assist\u00eancia M\u00e9dica e Social.<\/p>\n<p>Lua Morais foi Chefa da Miss\u00e3o M\u00e9dica no Brasil, liderando contingente integrado por 60% de mulheres.<\/p>\n<p>Segundo afirmou recentemente o chanceler cubano Bruno Rodr\u00edguez, elas n\u00e3o medem esfor\u00e7os nem se recusam a trabalhar em lugares de pobreza extrema, em favelas do Rio de Janeiro, S\u00e3o Paulo, Salvador de Bahia, nos 34 Distritos Especiais Ind\u00edgenas, em particular, na Amaz\u00f4nia.<\/p>\n<p>Para perto de 20 mil cubanos integraram o Programa Mais M\u00e9dicos durante cinco anos, durante os quais atenderam a 113 milh\u00f5es 359 mil pacientes, em mais de tr\u00eas mil e 600 munic\u00edpios, um universo de aten\u00e7\u00e3o a at\u00e9 60 milh\u00f5es de brasileiros, de acordo com estudos e controles do Minist\u00e9rio da Sa\u00fade de Cuba.<\/p>\n<p>Esta dedica\u00e7\u00e3o recebeu reconhecimento dos governos federal, estaduais e municipais desse pa\u00eds sul-americano, de sua popula\u00e7\u00e3o e da Organiza\u00e7\u00e3o Pan-Americana da Sa\u00fade (OPAS).<\/p>\n<p>Foto: Leandro Neumann Ciuffo (CC BY 2.0) https:\/\/creativecommons.org\/licenses\/by\/2.0\/<\/p>\n<p>https:\/\/gz.diarioliberdade.org\/artigos-em-destaque\/item\/254096-mais-medicas-cubanas-hoje.html<\/p>\n","protected":false},"excerpt":{"rendered":"<a class=\"moretag\" href=\"https:\/\/pcb.org.br\/portal2\/21493\"> <\/a>","protected":false},"author":1,"featured_media":0,"comment_status":"closed","ping_status":"closed","sticky":false,"template":"","format":"standard","meta":{"jetpack_post_was_ever_published":false,"_jetpack_newsletter_access":"","_jetpack_dont_email_post_to_subs":false,"_jetpack_newsletter_tier_id":0,"_jetpack_memberships_contains_paywalled_content":false,"_jetpack_memberships_contains_paid_content":false,"footnotes":"","jetpack_publicize_message":"","jetpack_publicize_feature_enabled":true,"jetpack_social_post_already_shared":true,"jetpack_social_options":{"image_generator_settings":{"template":"highway","default_image_id":0,"font":"","enabled":false},"version":2}},"categories":[180,47,197],"tags":[223],"class_list":["post-21493","post","type-post","status-publish","format-standard","hentry","category-feminista","category-c57-revolucao-cubana","category-saude","tag-3a"],"jetpack_publicize_connections":[],"jetpack_featured_media_url":"","jetpack_shortlink":"https:\/\/wp.me\/p659gw-5AF","jetpack-related-posts":[],"jetpack_likes_enabled":true,"jetpack_sharing_enabled":true,"_links":{"self":[{"href":"https:\/\/pcb.org.br\/portal2\/wp-json\/wp\/v2\/posts\/21493","targetHints":{"allow":["GET"]}}],"collection":[{"href":"https:\/\/pcb.org.br\/portal2\/wp-json\/wp\/v2\/posts"}],"about":[{"href":"https:\/\/pcb.org.br\/portal2\/wp-json\/wp\/v2\/types\/post"}],"author":[{"embeddable":true,"href":"https:\/\/pcb.org.br\/portal2\/wp-json\/wp\/v2\/users\/1"}],"replies":[{"embeddable":true,"href":"https:\/\/pcb.org.br\/portal2\/wp-json\/wp\/v2\/comments?post=21493"}],"version-history":[{"count":0,"href":"https:\/\/pcb.org.br\/portal2\/wp-json\/wp\/v2\/posts\/21493\/revisions"}],"wp:attachment":[{"href":"https:\/\/pcb.org.br\/portal2\/wp-json\/wp\/v2\/media?parent=21493"}],"wp:term":[{"taxonomy":"category","embeddable":true,"href":"https:\/\/pcb.org.br\/portal2\/wp-json\/wp\/v2\/categories?post=21493"},{"taxonomy":"post_tag","embeddable":true,"href":"https:\/\/pcb.org.br\/portal2\/wp-json\/wp\/v2\/tags?post=21493"}],"curies":[{"name":"wp","href":"https:\/\/api.w.org\/{rel}","templated":true}]}}