{"id":21508,"date":"2018-12-01T00:25:06","date_gmt":"2018-12-01T02:25:06","guid":{"rendered":"https:\/\/pcb.org.br\/portal2\/?p=21508"},"modified":"2018-12-01T00:25:06","modified_gmt":"2018-12-01T02:25:06","slug":"mais-um-lider-social-e-assassinado-na-colombia","status":"publish","type":"post","link":"https:\/\/pcb.org.br\/portal2\/21508","title":{"rendered":"Mais um l\u00edder social \u00e9 assassinado na Col\u00f4mbia"},"content":{"rendered":"<p><img decoding=\"async\" class=\"imagem\" title=\"imagem\" src=\"https:\/\/i0.wp.com\/www.resumenlatinoamericano.org\/wp-content\/uploads\/2018\/11\/30-de-nov-colimbia-asesinato-l%C3%ADder-social-620x400.jpg\" alt=\"imagem\" \/><!--more-->Resumen Latinoamericano<\/p>\n<p>Outro l\u00edder social foi morto em 29 de novembro na Col\u00f4mbia, conforme denunciaram diferentes organiza\u00e7\u00f5es sociais e o senador de esquerda Iv\u00e1n Cepeda.<\/p>\n<p>\u201cNo dia 23 de novembro, a Comiss\u00e3o de Paz do Congresso realizou audi\u00eancia em Catatumbo [Norte de Santander, noroeste], quando se denunciou a viol\u00eancia contra os l\u00edderes da Associa\u00e7\u00e3o Campesina de Catatumbo [Ascamcat]. Em 30 de novembro, foi informado o assassinato de Jos\u00e9 Antonio Navas, l\u00edder de Ascamcat em Catatumbo e defensor dos direitos humanos&#8221;, declarou Cepeda, que integra a dita comiss\u00e3o, na rede social Twitter.<\/p>\n<p>De igual modo, o l\u00edder ind\u00edgena Feliciano Valencia, integrante da Organiza\u00e7\u00e3o Nacional Ind\u00edgena da Col\u00f4mbia, disse neste 30 de novembro na mesma rede social que repudia o assassinato do l\u00edder social e pediu ao presidente colombiano, Iv\u00e1n Duque, que garanta prote\u00e7\u00e3o aos defensores dos Direitos Humanos.<\/p>\n<p>Navas integrava o movimento pol\u00edtico de esquerda Marcha Patri\u00f3tica, era dirigente da Junta de A\u00e7\u00e3o Comunal (JAC) da aldeia El L\u00edbano e estava inscrito no Programa Nacional Integral de Substitui\u00e7\u00e3o de Cultivos Il\u00edcitos, ao mesmo tempo que fazia parte da guarda camponesa e promovia a cria\u00e7\u00e3o de Zonas de Reserva Camponesa.<\/p>\n<p>Segundo informou a Ascamcat, o assassinato foi perpetrado por v\u00e1rios homens que o abordaram e dispararam repetidas vezes.<\/p>\n<p>Na regi\u00e3o j\u00e1 foram assassinados 15 l\u00edderes sociais ao longo de um ano.<\/p>\n<p>Esse n\u00famero faz parte da tenebrosa estat\u00edstica que soma 226 l\u00edderes e defensores de Direitos Humanos que foram mortos de maneira violenta entre 1\u00ba de janeiro e 17 de novembro deste ano, de acordo com o informe \u201cTodos os nomes, todos os rostros\u201d, publicado pelo Instituto de Estudos para o Desenvolvimento e a Paz (Indepaz).<\/p>\n<p>Esse estudo registrou que 80,08% das v\u00edtimas, ou seja, 181 casos, eram de pessoas pertencentes a organiza\u00e7\u00f5es camponesas, \u00e9tnicas ou \u00e0s Juntas de A\u00e7\u00e3o Comunit\u00e1ria (JAC).<\/p>\n<p>Os n\u00fameros revelados pelo Indepaz refletem um aumento dos assassinatos de l\u00edderes sociais no pa\u00eds, j\u00e1 que no mesmo per\u00edodo de 2016 foram mortos 97 deles e, em 2017, a cifra foi de 159.<\/p>\n<p>O assassinato de Navas foi divulgado justamente neste 30 de novembro, quando o presidente Duque se reunia pela primeira vez com l\u00edderes comunit\u00e1rios de todo o pa\u00eds.<\/p>\n<p>http:\/\/www.resumenlatinoamericano.org\/2018\/11\/30\/denuncian-asesinato-de-otro-lider-social-en-colombia\/<\/p>\n","protected":false},"excerpt":{"rendered":"<a class=\"moretag\" href=\"https:\/\/pcb.org.br\/portal2\/21508\"> <\/a>","protected":false},"author":1,"featured_media":0,"comment_status":"closed","ping_status":"closed","sticky":false,"template":"","format":"standard","meta":{"jetpack_post_was_ever_published":false,"_jetpack_newsletter_access":"","_jetpack_dont_email_post_to_subs":false,"_jetpack_newsletter_tier_id":0,"_jetpack_memberships_contains_paywalled_content":false,"_jetpack_memberships_contains_paid_content":false,"footnotes":"","jetpack_publicize_message":"","jetpack_publicize_feature_enabled":true,"jetpack_social_post_already_shared":true,"jetpack_social_options":{"image_generator_settings":{"template":"highway","default_image_id":0,"font":"","enabled":false},"version":2}},"categories":[34],"tags":[227],"class_list":["post-21508","post","type-post","status-publish","format-standard","hentry","category-c39-colombia","tag-5a"],"jetpack_publicize_connections":[],"jetpack_featured_media_url":"","jetpack_shortlink":"https:\/\/wp.me\/p659gw-5AU","jetpack-related-posts":[],"jetpack_likes_enabled":true,"jetpack_sharing_enabled":true,"_links":{"self":[{"href":"https:\/\/pcb.org.br\/portal2\/wp-json\/wp\/v2\/posts\/21508","targetHints":{"allow":["GET"]}}],"collection":[{"href":"https:\/\/pcb.org.br\/portal2\/wp-json\/wp\/v2\/posts"}],"about":[{"href":"https:\/\/pcb.org.br\/portal2\/wp-json\/wp\/v2\/types\/post"}],"author":[{"embeddable":true,"href":"https:\/\/pcb.org.br\/portal2\/wp-json\/wp\/v2\/users\/1"}],"replies":[{"embeddable":true,"href":"https:\/\/pcb.org.br\/portal2\/wp-json\/wp\/v2\/comments?post=21508"}],"version-history":[{"count":0,"href":"https:\/\/pcb.org.br\/portal2\/wp-json\/wp\/v2\/posts\/21508\/revisions"}],"wp:attachment":[{"href":"https:\/\/pcb.org.br\/portal2\/wp-json\/wp\/v2\/media?parent=21508"}],"wp:term":[{"taxonomy":"category","embeddable":true,"href":"https:\/\/pcb.org.br\/portal2\/wp-json\/wp\/v2\/categories?post=21508"},{"taxonomy":"post_tag","embeddable":true,"href":"https:\/\/pcb.org.br\/portal2\/wp-json\/wp\/v2\/tags?post=21508"}],"curies":[{"name":"wp","href":"https:\/\/api.w.org\/{rel}","templated":true}]}}