{"id":21514,"date":"2018-12-01T00:37:47","date_gmt":"2018-12-01T02:37:47","guid":{"rendered":"https:\/\/pcb.org.br\/portal2\/?p=21514"},"modified":"2018-12-01T00:37:47","modified_gmt":"2018-12-01T02:37:47","slug":"mbl-derrotado-pela-frente-democratica-na-unicap-pe","status":"publish","type":"post","link":"https:\/\/pcb.org.br\/portal2\/21514","title":{"rendered":"MBL derrotado pela frente democr\u00e1tica na Unicap (PE)"},"content":{"rendered":"<p><img decoding=\"async\" class=\"imagem\" title=\"imagem\" src=\"https:\/\/i0.wp.com\/ujc.org.br\/wp-content\/uploads\/2018\/11\/PHOTO-2018-11-29-21-17-08.jpg\" alt=\"imagem\" \/><!--more-->Coordena\u00e7\u00e3o Nacional da Uni\u00e3o da Juventude Comunista (UJC)<\/p>\n<p>A UJC sa\u00fada todos os estudantes que compuseram, em unidade, a Chapa 2 para a elei\u00e7\u00e3o do DCE da Universidade Cat\u00f3lica de Pernambuco. Numa vota\u00e7\u00e3o hist\u00f3rica, em que atingimos quase o dobro de votos em compara\u00e7\u00e3o \u00e0 Chapa 1 (vinculada ao MBL), reiteramos a import\u00e2ncia de construirmos uma Frente Ampla que re\u00fana todas as for\u00e7as progressistas que estejam, nesse momento\u00a0hist\u00f3rico em que vive o Brasil, comprometidas com a derrota da extrema-direita.<\/p>\n<p>Desse modo, demonstra-se que a Unicap n\u00e3o corrobora com o projeto que a extrema-direita tem a apresentar para o movimento estudantil brasileiro, representada nesse processo pelo MBL. Comprometidos apenas com a descaracteriza\u00e7\u00e3o dessas entidades (que carregam na sua hist\u00f3ria importantes trajet\u00f3rias de lutas a servi\u00e7o dos interesses das e dos estudantes), o MBL, atrav\u00e9s da Chapa 1, n\u00e3o tinha outro compromisso que n\u00e3o o de destruir o car\u00e1ter pol\u00edtico do DCE, privando-o de debater a realidade brasileira e de mobilizar a comunidade estudantil para enfrentar o capital e seus ataques contra os direitos dos trabalhadores e da juventude, inclusive no \u00e2mbito da educa\u00e7\u00e3o, num momento grave como esse que vem se desenhando j\u00e1 h\u00e1 anos e que ganha maior express\u00e3o na candidatura de Jair Bolsonaro.<\/p>\n<p>Sendo assim, convidamos a todas e todos estudantes da Unicap para que contribuam na constru\u00e7\u00e3o da resist\u00eancia ao bolsonarismo, para que avancemos na organiza\u00e7\u00e3o da comunidade estudantil da Unicap, para al\u00e9m da resist\u00eancia, com a possibilidade de construirmos uma universidade verdadeiramente voltada aos interesses da classe trabalhadora!<\/p>\n<p>Ousar lutar, ousar vencer!<\/p>\n","protected":false},"excerpt":{"rendered":"<a class=\"moretag\" href=\"https:\/\/pcb.org.br\/portal2\/21514\"> <\/a>","protected":false},"author":1,"featured_media":0,"comment_status":"closed","ping_status":"closed","sticky":false,"template":"","format":"standard","meta":{"jetpack_post_was_ever_published":false,"_jetpack_newsletter_access":"","_jetpack_dont_email_post_to_subs":false,"_jetpack_newsletter_tier_id":0,"_jetpack_memberships_contains_paywalled_content":false,"_jetpack_memberships_contains_paid_content":false,"footnotes":"","jetpack_publicize_message":"","jetpack_publicize_feature_enabled":true,"jetpack_social_post_already_shared":true,"jetpack_social_options":{"image_generator_settings":{"template":"highway","default_image_id":0,"font":"","enabled":false},"version":2}},"categories":[108,27],"tags":[224],"class_list":["post-21514","post","type-post","status-publish","format-standard","hentry","category-c121-estudantil","category-c27-ujc","tag-3b"],"jetpack_publicize_connections":[],"jetpack_featured_media_url":"","jetpack_shortlink":"https:\/\/wp.me\/p659gw-5B0","jetpack-related-posts":[],"jetpack_likes_enabled":true,"jetpack_sharing_enabled":true,"_links":{"self":[{"href":"https:\/\/pcb.org.br\/portal2\/wp-json\/wp\/v2\/posts\/21514","targetHints":{"allow":["GET"]}}],"collection":[{"href":"https:\/\/pcb.org.br\/portal2\/wp-json\/wp\/v2\/posts"}],"about":[{"href":"https:\/\/pcb.org.br\/portal2\/wp-json\/wp\/v2\/types\/post"}],"author":[{"embeddable":true,"href":"https:\/\/pcb.org.br\/portal2\/wp-json\/wp\/v2\/users\/1"}],"replies":[{"embeddable":true,"href":"https:\/\/pcb.org.br\/portal2\/wp-json\/wp\/v2\/comments?post=21514"}],"version-history":[{"count":0,"href":"https:\/\/pcb.org.br\/portal2\/wp-json\/wp\/v2\/posts\/21514\/revisions"}],"wp:attachment":[{"href":"https:\/\/pcb.org.br\/portal2\/wp-json\/wp\/v2\/media?parent=21514"}],"wp:term":[{"taxonomy":"category","embeddable":true,"href":"https:\/\/pcb.org.br\/portal2\/wp-json\/wp\/v2\/categories?post=21514"},{"taxonomy":"post_tag","embeddable":true,"href":"https:\/\/pcb.org.br\/portal2\/wp-json\/wp\/v2\/tags?post=21514"}],"curies":[{"name":"wp","href":"https:\/\/api.w.org\/{rel}","templated":true}]}}