{"id":216,"date":"2008-12-03T09:23:08","date_gmt":"2008-12-03T09:23:08","guid":{"rendered":"http:\/\/pcb.org.br\/portal2\/?p=216"},"modified":"2008-12-03T09:23:08","modified_gmt":"2008-12-03T09:23:08","slug":"solidariedade-ao-povo-do-equador","status":"publish","type":"post","link":"https:\/\/pcb.org.br\/portal2\/216","title":{"rendered":"Solidariedade ao povo do Equador"},"content":{"rendered":"\n<p>Diante dessa situa\u00e7\u00e3o, o governo brasileiro, em vez de criticar a empreiteira em fun\u00e7\u00e3o do preju\u00edzo causado ao povo do Equador e dos danos provocados \u00e0 imagem do Brasil, chamou de volta o embaixador brasileiro em Quito, numa medida truculenta e inteiramente at\u00edpica nas rela\u00e7\u00f5es bilaterais. Agindo assim, o governo transformou um problema comercial entre o Equador e uma empresa privada numa crise diplom\u00e1tica.<\/p>\n<p>Com esta medida, na verdade, o governo Lula cede \u00e0s press\u00f5es da direita mais reacion\u00e1ria brasileira e da m\u00eddia vendida ao imperialismo norte-americano, que por todos os meios quer criar conflitos artificiais, desmoralizar e satanizar os governos progressistas da regi\u00e3o, impedir a integra\u00e7\u00e3o latino-americana e transformar o Brasil num gendarme dos pa\u00edses irm\u00e3os da regi\u00e3o, tudo isso para satisfazer os interesses da pol\u00edtica de Washington na Am\u00e9rica Latina.<\/p>\n<p>O Partido Comunista Brasileiro, coerente com seu internacionalismo militante, conclama o governo Lula a rever sua posi\u00e7\u00e3o, reconhecer o grande preju\u00edzo que a Odebrecth causou ao povo irm\u00e3o equatoriano, e buscar uma solu\u00e7\u00e3o negociada da crise, de forma a respeitar a soberania equatoriana e dar continuidade ao processo de integra\u00e7\u00e3o latino-americana.<\/p>\n<p>Rio de Janeiro 28 de novembro de 2008<\/p>\n","protected":false},"excerpt":{"rendered":"Nota Pol\u00edtica do PCB &#8211; Partido Comunista Brasileiro\nA Comiss\u00e3o Pol\u00edtica Nacional do Partido Comunista Brasileiro (PCB) manifesta sua solidariedade ao povo e ao governo do Equador em rela\u00e7\u00e3o ao recente lit\u00edgio comercial e diplom\u00e1tico envolvendo os dois pa\u00edses. Como todos se recordam, a empreiteira brasileira Odebrecht foi respons\u00e1vel pela constru\u00e7\u00e3o da hidroel\u00e9trica de San Francisco, no Equador, obra que realizou com tantas falhas t\u00e9cnicas que a usina, ao ser conclu\u00edda, deixou de funcionar, tal o n\u00edvel de rachaduras e problemas na sua estrutura.\nCoerentemente, o governo do Equador expulsou a empreiteira Odebrecht do Pa\u00eds, interrompeu os contratos suplementares que ainda existiam com esta empresa e anunciou que iria questionar o pagamento da d\u00edvida ao BNDEs, que financiou a obra, junto a um tribunal internacional de arbitragem, em conseq\u00fc\u00eancia das irregularidades cometidas pela empreiteira.\n<a class=\"moretag\" href=\"https:\/\/pcb.org.br\/portal2\/216\"> <\/a>","protected":false},"author":1,"featured_media":0,"comment_status":"open","ping_status":"open","sticky":false,"template":"","format":"standard","meta":{"jetpack_post_was_ever_published":false,"_jetpack_newsletter_access":"","_jetpack_dont_email_post_to_subs":false,"_jetpack_newsletter_tier_id":0,"_jetpack_memberships_contains_paywalled_content":false,"_jetpack_memberships_contains_paid_content":false,"footnotes":"","jetpack_publicize_message":"","jetpack_publicize_feature_enabled":true,"jetpack_social_post_already_shared":false,"jetpack_social_options":{"image_generator_settings":{"template":"highway","default_image_id":0,"font":"","enabled":false},"version":2}},"categories":[26],"tags":[],"class_list":["post-216","post","type-post","status-publish","format-standard","hentry","category-c25-notas-politicas-do-pcb"],"jetpack_publicize_connections":[],"jetpack_featured_media_url":"","jetpack_shortlink":"https:\/\/wp.me\/p659gw-3u","jetpack-related-posts":[],"jetpack_likes_enabled":true,"jetpack_sharing_enabled":true,"_links":{"self":[{"href":"https:\/\/pcb.org.br\/portal2\/wp-json\/wp\/v2\/posts\/216","targetHints":{"allow":["GET"]}}],"collection":[{"href":"https:\/\/pcb.org.br\/portal2\/wp-json\/wp\/v2\/posts"}],"about":[{"href":"https:\/\/pcb.org.br\/portal2\/wp-json\/wp\/v2\/types\/post"}],"author":[{"embeddable":true,"href":"https:\/\/pcb.org.br\/portal2\/wp-json\/wp\/v2\/users\/1"}],"replies":[{"embeddable":true,"href":"https:\/\/pcb.org.br\/portal2\/wp-json\/wp\/v2\/comments?post=216"}],"version-history":[{"count":0,"href":"https:\/\/pcb.org.br\/portal2\/wp-json\/wp\/v2\/posts\/216\/revisions"}],"wp:attachment":[{"href":"https:\/\/pcb.org.br\/portal2\/wp-json\/wp\/v2\/media?parent=216"}],"wp:term":[{"taxonomy":"category","embeddable":true,"href":"https:\/\/pcb.org.br\/portal2\/wp-json\/wp\/v2\/categories?post=216"},{"taxonomy":"post_tag","embeddable":true,"href":"https:\/\/pcb.org.br\/portal2\/wp-json\/wp\/v2\/tags?post=216"}],"curies":[{"name":"wp","href":"https:\/\/api.w.org\/{rel}","templated":true}]}}