{"id":21613,"date":"2018-12-11T06:17:52","date_gmt":"2018-12-11T08:17:52","guid":{"rendered":"https:\/\/pcb.org.br\/portal2\/?p=21613"},"modified":"2018-12-11T06:20:29","modified_gmt":"2018-12-11T08:20:29","slug":"fim-do-mte-brutal-ataque-a-classe-trabalhadora","status":"publish","type":"post","link":"https:\/\/pcb.org.br\/portal2\/21613","title":{"rendered":"Fim do MTE: brutal ataque \u00e0 classe trabalhadora"},"content":{"rendered":"<p><img decoding=\"async\" class=\"imagem\" title=\"imagem\" src=\"https:\/\/i0.wp.com\/unidadeclassista.org.br\/uc1\/wp-content\/uploads\/2018\/12\/FIm-do-minist%C3%A9rio-do-trabalho-uc.jpg\" alt=\"imagem\"><!--more-->Coordena\u00e7\u00e3o Nacional da Unidade Classista<\/p>\n<p>O presidente eleito, Jair Bolsonaro, em sua campanha eleitoral apresentou de forma nebulosa diversas propostas estarrecedoras at\u00e9 para os liberais mais \u00e1vidos pelo lucro promovido atrav\u00e9s da explora\u00e7\u00e3o da classe trabalhadora. Repetiu como um mantra a frase: \u201dChegar\u00e1 um dia em que os trabalhadores v\u00e3o ter que escolher: nenhum direito e seu emprego, ou todos os direitos, mas sem emprego\u201d.<\/p>\n<p>A confusa equipe de transi\u00e7\u00e3o do futuro governo, novamente voltou atr\u00e1s e anunciou o fim do Minist\u00e9rio do Trabalho, confirmando esse ataque brutal contra a classe trabalhadora, ao encerrar as atividades desse \u00f3rg\u00e3o hist\u00f3rico que exercia a fun\u00e7\u00e3o de regular os interesses entre patr\u00f5es e empregados.<\/p>\n<p>Mesmo com todas as limita\u00e7\u00f5es e contradi\u00e7\u00f5es que o Minist\u00e9rio do Trabalho carregava, ainda servia como um ref\u00fagio para os trabalhadores em suas garantias m\u00ednimas nesses quase 90 anos de exist\u00eancia. Abre-se um novo per\u00edodo de retrocesso que nos leva praticamente aos anos 20 do s\u00e9culo passado.<\/p>\n<p>Al\u00e9m da extin\u00e7\u00e3o desse \u00f3rg\u00e3o, j\u00e1 havia sido anunciada a consolida\u00e7\u00e3o de uma promessa de campanha: a carteira de trabalho verde e amarela.<\/p>\n<p>Esse eufemismo delirante, com uma apar\u00eancia de fortalecimento do car\u00e1ter nacionalista, serve apenas para aumentar ainda mais a explora\u00e7\u00e3o sobre os trabalhadores. N\u00e3o bastasse a j\u00e1 terr\u00edvel Reforma Trabalhista do governo Temer, o futuro presidente e seu ministro de estima\u00e7\u00e3o Paulo Guedes, apresentam uma carteira de trabalho com aus\u00eancia de direitos.<\/p>\n<p>Segundo as apresenta\u00e7\u00f5es preliminares desse cruel instrumento, os novos trabalhadores devem ser &#8220;livres&#8221; para fazer a sua op\u00e7\u00e3o entre as duas carteiras, escolhendo a mais conveniente para o patr\u00e3o. E os que ainda utilizam a carteira azul podem permanecer ou migrar para essa nova modalidade de explora\u00e7\u00e3o sem limites.<\/p>\n<p>Alguns juristas j\u00e1 se manifestaram, apontando que \u00e9 um disparate essa nova regra no contrato de trabalho, superando at\u00e9 a quest\u00e3o do Acordo Coletivo do negociado sobre o legislado, por\u00e9m, individualizando o problema e trazendo uma diversidade de quest\u00f5es para cada trabalhador.<\/p>\n<p>A Unidade Classista convoca sua milit\u00e2ncia e toda a classe trabalhadora a se somarem aos atos em protesto contra essa medida arbitr\u00e1ria contra o fim do Minist\u00e9rio do Trabalho em todo pa\u00eds.<\/p>\n<p>Unidade Classista!<\/p>\n<p>Futuro Socialista!<\/p>\n<p><strong>Em S\u00e3o Paulo:<\/strong><\/p>\n<p>Dia 11\/12\/2018<br \/>\nHor\u00e1rio: a partir das 10h<br \/>\nManifesta\u00e7\u00e3o das Centrais Sindicais contra o fechamento do Minist\u00e9rio do Trabalho.<br \/>\nLocal: Superintend\u00eancia do Trabalho\/antiga DRT<br \/>\nRua Martins Fontes, 109<\/p>\n<p><strong>Em Porto Alegre:<\/strong><\/p>\n<p>Dia 11\/12\/2018<br \/>\nHor\u00e1rio: a partir das 7h30<br \/>\nManifesta\u00e7\u00e3o das Centrais Sindicais contra o fechamento do Minist\u00e9rio do Trabalho.<br \/>\nLocal: Superintend\u00eancia do Trabalho<br \/>\nAv. Mau\u00e1, 1013<\/p>\n<p><strong>Em Teresina:<\/strong><\/p>\n<p>Dia 11\/12\/2018<br \/>\nHor\u00e1rio: a partir das 7h30<br \/>\nManifesta\u00e7\u00e3o das Centrais Sindicais contra o fechamento do Minist\u00e9rio do Trabalho.<br \/>\nLocal: Superintend\u00eancia do Trabalho<br \/>\nAv. Frei Serafim, 1860<\/p>\n<p><strong>Em Belo Horizonte:<\/strong><\/p>\n<p>Dia 11\/12\/2018<br \/>\nHor\u00e1rio: a partir das 8h30<br \/>\nManifesta\u00e7\u00e3o das Centrais Sindicais contra o fechamento do Minist\u00e9rio do Trabalho.<br \/>\nLocal: Superintend\u00eancia do Trabalho<br \/>\nRua Curitiba, 832<\/p>\n<p><strong>Em Recife:<\/strong><\/p>\n<p>Dia 11\/12\/2018<br \/>\nHor\u00e1rio: a partir das 7h30<br \/>\nManifesta\u00e7\u00e3o das Centrais Sindicais contra o fechamento do Minist\u00e9rio do Trabalho.<br \/>\nLocal: Superintend\u00eancia do Trabalho<br \/>\nAv. Gov. Agamenon Magalh\u00e3es, 2000 \u2013 Espinheiro<\/p>\n<blockquote class=\"wp-embedded-content\" data-secret=\"1u5dm5hExa\"><p><a href=\"http:\/\/unidadeclassista.org.br\/uc1\/3540\">O FIM DO MINIST\u00c9RIO DO TRABALHO E A ABERRA\u00c7\u00c3O DA CARTEIRA VERDE E AMARELA<\/a><\/p><\/blockquote>\n<p><iframe loading=\"lazy\" class=\"wp-embedded-content\" sandbox=\"allow-scripts\" security=\"restricted\" style=\"position: absolute; clip: rect(1px, 1px, 1px, 1px);\" src=\"http:\/\/unidadeclassista.org.br\/uc1\/3540\/embed#?secret=1u5dm5hExa\" data-secret=\"1u5dm5hExa\" width=\"600\" height=\"338\" title=\"&#8220;O FIM DO MINIST\u00c9RIO DO TRABALHO E A ABERRA\u00c7\u00c3O DA CARTEIRA VERDE E AMARELA&#8221; &#8212; Unidade Classista\" frameborder=\"0\" marginwidth=\"0\" marginheight=\"0\" scrolling=\"no\"><\/iframe><\/p>\n","protected":false},"excerpt":{"rendered":"<a class=\"moretag\" href=\"https:\/\/pcb.org.br\/portal2\/21613\"> <\/a>","protected":false},"author":1,"featured_media":0,"comment_status":"closed","ping_status":"closed","sticky":false,"template":"","format":"standard","meta":{"jetpack_post_was_ever_published":false,"_jetpack_newsletter_access":"","_jetpack_dont_email_post_to_subs":false,"_jetpack_newsletter_tier_id":0,"_jetpack_memberships_contains_paywalled_content":false,"_jetpack_memberships_contains_paid_content":false,"footnotes":"","jetpack_publicize_message":"","jetpack_publicize_feature_enabled":true,"jetpack_social_post_already_shared":true,"jetpack_social_options":{"image_generator_settings":{"template":"highway","default_image_id":0,"font":"","enabled":false},"version":2}},"categories":[268,31],"tags":[222],"class_list":["post-21613","post","type-post","status-publish","format-standard","hentry","category-eleicoes-2018","category-c31-unidade-classista","tag-2b"],"jetpack_publicize_connections":[],"jetpack_featured_media_url":"","jetpack_shortlink":"https:\/\/wp.me\/p659gw-5CB","jetpack-related-posts":[],"jetpack_likes_enabled":true,"jetpack_sharing_enabled":true,"_links":{"self":[{"href":"https:\/\/pcb.org.br\/portal2\/wp-json\/wp\/v2\/posts\/21613","targetHints":{"allow":["GET"]}}],"collection":[{"href":"https:\/\/pcb.org.br\/portal2\/wp-json\/wp\/v2\/posts"}],"about":[{"href":"https:\/\/pcb.org.br\/portal2\/wp-json\/wp\/v2\/types\/post"}],"author":[{"embeddable":true,"href":"https:\/\/pcb.org.br\/portal2\/wp-json\/wp\/v2\/users\/1"}],"replies":[{"embeddable":true,"href":"https:\/\/pcb.org.br\/portal2\/wp-json\/wp\/v2\/comments?post=21613"}],"version-history":[{"count":0,"href":"https:\/\/pcb.org.br\/portal2\/wp-json\/wp\/v2\/posts\/21613\/revisions"}],"wp:attachment":[{"href":"https:\/\/pcb.org.br\/portal2\/wp-json\/wp\/v2\/media?parent=21613"}],"wp:term":[{"taxonomy":"category","embeddable":true,"href":"https:\/\/pcb.org.br\/portal2\/wp-json\/wp\/v2\/categories?post=21613"},{"taxonomy":"post_tag","embeddable":true,"href":"https:\/\/pcb.org.br\/portal2\/wp-json\/wp\/v2\/tags?post=21613"}],"curies":[{"name":"wp","href":"https:\/\/api.w.org\/{rel}","templated":true}]}}