{"id":21630,"date":"2018-12-12T22:42:31","date_gmt":"2018-12-13T00:42:31","guid":{"rendered":"https:\/\/pcb.org.br\/portal2\/?p=21630"},"modified":"2018-12-12T22:42:53","modified_gmt":"2018-12-13T00:42:53","slug":"diaz-canel-discurso-dos-eua-sobre-dh-e-pura-hipocrisia","status":"publish","type":"post","link":"https:\/\/pcb.org.br\/portal2\/21630","title":{"rendered":"D\u00edaz-Canel: discurso dos EUA sobre DH \u00e9 pura hipocrisia"},"content":{"rendered":"<p><img decoding=\"async\" class=\"imagem\" title=\"imagem\" alt=\"imagem\" src=\"https:\/\/i0.wp.com\/www.patrialatina.com.br\/wp-content\/uploads\/2018\/12\/a-canel.jpg\"><!--more-->Havana, 11 dez (Prensa Latina)<\/p>\n<p>O presidente de Cuba, Miguel D\u00edaz-Canel, qualificou de hip\u00f3crita e desonesto o discurso dos Estados Unidos contra a ilha em mat\u00e9ria de direitos humanos.<\/p>\n<p>&#8220;Os EUA n\u00e3o t\u00eam moral para falar de Direitos Humanos; seu discurso \u00e9 hip\u00f3crita, desonesto, de duplo crit\u00e9rio&#8221;, advertiu em sua conta na rede social Twitter, em um contexto de crescente hostilidade do governo norte-americano, cujo secret\u00e1rio de Estado, Michael Pompeo, aproveitou o Dia dos Direitos Humanos para atacar a Ilha maior das Antilhas.<\/p>\n<p>D\u00edaz-Canel acrescentou que n\u00e3o existe uma viola\u00e7\u00e3o mais cruel, prolongada e em massa dos direitos humanos que o bloqueio econ\u00f4mico, comercial e financeiro imposto a Cuba durante quase seis d\u00e9cadas, uma pol\u00edtica que aqui recebe a qualifica\u00e7\u00e3o de genoc\u00eddio, a partir do objetivo de conseguir uma mudan\u00e7a de regime apelando \u00e0 fome e \u00e0s calamidades como instrumentos para execut\u00e1-lo.<\/p>\n<p>O chefe de Estado tamb\u00e9m se referiu no Twitter \u00e0s diferentes vis\u00f5es que marcam ambos os pa\u00edses em mat\u00e9ria de direitos humanos.<\/p>\n<p>&#8220;Enquanto outros exportam armas e guerras, Cuba compartilha conhecimentos e servi\u00e7os. Nossos m\u00e9dicos e professores t\u00eam iluminado e iluminam regi\u00f5es remotas. Nossa divisa \u00e9 a solidariedade&#8221;, sentenciou.<\/p>\n<p>mem\/wmr\/mm\/gdc<\/p>\n<blockquote class=\"wp-embedded-content\" data-secret=\"zXFQAwWkNZ\"><p><a href=\"http:\/\/www.patrialatina.com.br\/diaz-canel-chama-de-hipocrita-discurso-dos-eua-sobre-dh\/\">D\u00edaz-Canel chama de hip\u00f3crita discurso dos EUA sobre DH<\/a><\/p><\/blockquote>\n<p><iframe loading=\"lazy\" class=\"wp-embedded-content\" sandbox=\"allow-scripts\" security=\"restricted\" style=\"position: absolute; clip: rect(1px, 1px, 1px, 1px);\" src=\"http:\/\/www.patrialatina.com.br\/diaz-canel-chama-de-hipocrita-discurso-dos-eua-sobre-dh\/embed\/#?secret=zXFQAwWkNZ\" data-secret=\"zXFQAwWkNZ\" width=\"600\" height=\"338\" title=\"&#8220;D\u00edaz-Canel chama de hip\u00f3crita discurso dos EUA sobre DH&#8221; &#8212; Patria Latina\" frameborder=\"0\" marginwidth=\"0\" marginheight=\"0\" scrolling=\"no\"><\/iframe><\/p>\n","protected":false},"excerpt":{"rendered":"<a class=\"moretag\" href=\"https:\/\/pcb.org.br\/portal2\/21630\"> <\/a>","protected":false},"author":1,"featured_media":0,"comment_status":"closed","ping_status":"closed","sticky":false,"template":"","format":"standard","meta":{"jetpack_post_was_ever_published":false,"_jetpack_newsletter_access":"","_jetpack_dont_email_post_to_subs":false,"_jetpack_newsletter_tier_id":0,"_jetpack_memberships_contains_paywalled_content":false,"_jetpack_memberships_contains_paid_content":false,"footnotes":"","jetpack_publicize_message":"","jetpack_publicize_feature_enabled":true,"jetpack_social_post_already_shared":true,"jetpack_social_options":{"image_generator_settings":{"template":"highway","default_image_id":0,"font":"","enabled":false},"version":2}},"categories":[73,245,165,38,47],"tags":[234],"class_list":["post-21630","post","type-post","status-publish","format-standard","hentry","category-c86-anti-imperialismo","category-direitos-humanos","category-eua","category-c43-imperialismo","category-c57-revolucao-cubana","tag-6b"],"jetpack_publicize_connections":[],"jetpack_featured_media_url":"","jetpack_shortlink":"https:\/\/wp.me\/p659gw-5CS","jetpack-related-posts":[],"jetpack_likes_enabled":true,"jetpack_sharing_enabled":true,"_links":{"self":[{"href":"https:\/\/pcb.org.br\/portal2\/wp-json\/wp\/v2\/posts\/21630","targetHints":{"allow":["GET"]}}],"collection":[{"href":"https:\/\/pcb.org.br\/portal2\/wp-json\/wp\/v2\/posts"}],"about":[{"href":"https:\/\/pcb.org.br\/portal2\/wp-json\/wp\/v2\/types\/post"}],"author":[{"embeddable":true,"href":"https:\/\/pcb.org.br\/portal2\/wp-json\/wp\/v2\/users\/1"}],"replies":[{"embeddable":true,"href":"https:\/\/pcb.org.br\/portal2\/wp-json\/wp\/v2\/comments?post=21630"}],"version-history":[{"count":0,"href":"https:\/\/pcb.org.br\/portal2\/wp-json\/wp\/v2\/posts\/21630\/revisions"}],"wp:attachment":[{"href":"https:\/\/pcb.org.br\/portal2\/wp-json\/wp\/v2\/media?parent=21630"}],"wp:term":[{"taxonomy":"category","embeddable":true,"href":"https:\/\/pcb.org.br\/portal2\/wp-json\/wp\/v2\/categories?post=21630"},{"taxonomy":"post_tag","embeddable":true,"href":"https:\/\/pcb.org.br\/portal2\/wp-json\/wp\/v2\/tags?post=21630"}],"curies":[{"name":"wp","href":"https:\/\/api.w.org\/{rel}","templated":true}]}}