{"id":21652,"date":"2018-12-14T23:24:10","date_gmt":"2018-12-15T01:24:10","guid":{"rendered":"https:\/\/pcb.org.br\/portal2\/?p=21652"},"modified":"2018-12-14T23:24:14","modified_gmt":"2018-12-15T01:24:14","slug":"colombia-farc-sauda-decisao-sobre-vaga-de-santrich-no-parlamento","status":"publish","type":"post","link":"https:\/\/pcb.org.br\/portal2\/21652","title":{"rendered":"Colombia: FARC sa\u00fada decis\u00e3o sobre vaga de Santrich no parlamento"},"content":{"rendered":"<p><img decoding=\"async\" class=\"imagem\" title=\"imagem\" alt=\"imagem\" src=\"https:\/\/i0.wp.com\/www.resumenlatinoamericano.org\/wp-content\/uploads\/2018\/12\/14-de-dic-farc-620x400.jpg\"><!--more-->Resumen Latinoamericano<\/p>\n<p>\u201cEsta decis\u00e3o do Tribunal Administrativo de Cundinamarca \u00e9 um triunfo n\u00e3o para o partido pol\u00edtico FARC mas para a democracia colombiana\u201d<\/p>\n<p>A For\u00e7a Alternativa Revolucion\u00e1ria do Comum \u2013 FARC manifesta seu respaldo \u00e0 decis\u00e3o do Tribunal Administrativo de Cundinamarca de amparar os direitos pol\u00edticos de Jes\u00fas Santrich e da FARC, ordenando, nas pr\u00f3ximas 48 horas, chamar a lista de suplentes na C\u00e2mara de Representantes pelo Atl\u00e2ntico, enquanto se define a situa\u00e7\u00e3o jur\u00eddica do nosso camarada Santrich.<\/p>\n<p>Saudamos fraternalmente Benedicto de Jes\u00fas Gonz\u00e1lez, de quem conhecemos suas capacidades intelectuais, seu humanismo e sua entrega pela causa dos humildes. Sabemos que ele ter\u00e1 um papel digno na C\u00e2mara de Representantes como tamb\u00e9m teria Jes\u00fas Santrich, a quem reiteramos nosso apoio irrestrito. As manobras judiciais que buscam acabar com o Processo de Paz n\u00e3o abatem nossa moral para defend\u00ea-la, sem importar as circunst\u00e2ncias.<\/p>\n<p>A paz implica na abertura democr\u00e1tica e na possibilidade de que o pensamento divergente ao de quem tem governado tradicionalmente possa ser escutado. Esta decis\u00e3o do Tribunal Administrativo de Cundinamarca \u00e9 uma vit\u00f3ria para o partido pol\u00edtico FARC e para a democracia colombiana, sendo ao mesmo tempo uma mensagem para que se entenda que os direitos pol\u00edticos n\u00e3o s\u00e3o concess\u00f5es do poder, mas sim pilares que todas e todos devemos proteger para garantir um  pa\u00eds onde possamos viver em paz.<\/p>\n<p>Bogot\u00e1, 12 de dezembro de 2018<\/p>\n<p>Conselho Pol\u00edtico Nacional da FARC &#8211; For\u00e7a Alternativa Revolucion\u00e1ria do Comum<\/p>\n<p>http:\/\/www.resumenlatinoamericano.org\/2018\/12\/14\/colombia-farc-saludamos-la-decision-del-tribunal-administrativo-de-cundinamarca-sobre-la-curul-de-santrich\/<\/p>\n","protected":false},"excerpt":{"rendered":"<a class=\"moretag\" href=\"https:\/\/pcb.org.br\/portal2\/21652\"> <\/a>","protected":false},"author":1,"featured_media":0,"comment_status":"closed","ping_status":"closed","sticky":false,"template":"","format":"standard","meta":{"jetpack_post_was_ever_published":false,"_jetpack_newsletter_access":"","_jetpack_dont_email_post_to_subs":false,"_jetpack_newsletter_tier_id":0,"_jetpack_memberships_contains_paywalled_content":false,"_jetpack_memberships_contains_paid_content":false,"footnotes":"","jetpack_publicize_message":"","jetpack_publicize_feature_enabled":true,"jetpack_social_post_already_shared":true,"jetpack_social_options":{"image_generator_settings":{"template":"highway","default_image_id":0,"font":"","enabled":false},"version":2}},"categories":[34],"tags":[233],"class_list":["post-21652","post","type-post","status-publish","format-standard","hentry","category-c39-colombia","tag-6a"],"jetpack_publicize_connections":[],"jetpack_featured_media_url":"","jetpack_shortlink":"https:\/\/wp.me\/p659gw-5De","jetpack-related-posts":[],"jetpack_likes_enabled":true,"jetpack_sharing_enabled":true,"_links":{"self":[{"href":"https:\/\/pcb.org.br\/portal2\/wp-json\/wp\/v2\/posts\/21652","targetHints":{"allow":["GET"]}}],"collection":[{"href":"https:\/\/pcb.org.br\/portal2\/wp-json\/wp\/v2\/posts"}],"about":[{"href":"https:\/\/pcb.org.br\/portal2\/wp-json\/wp\/v2\/types\/post"}],"author":[{"embeddable":true,"href":"https:\/\/pcb.org.br\/portal2\/wp-json\/wp\/v2\/users\/1"}],"replies":[{"embeddable":true,"href":"https:\/\/pcb.org.br\/portal2\/wp-json\/wp\/v2\/comments?post=21652"}],"version-history":[{"count":0,"href":"https:\/\/pcb.org.br\/portal2\/wp-json\/wp\/v2\/posts\/21652\/revisions"}],"wp:attachment":[{"href":"https:\/\/pcb.org.br\/portal2\/wp-json\/wp\/v2\/media?parent=21652"}],"wp:term":[{"taxonomy":"category","embeddable":true,"href":"https:\/\/pcb.org.br\/portal2\/wp-json\/wp\/v2\/categories?post=21652"},{"taxonomy":"post_tag","embeddable":true,"href":"https:\/\/pcb.org.br\/portal2\/wp-json\/wp\/v2\/tags?post=21652"}],"curies":[{"name":"wp","href":"https:\/\/api.w.org\/{rel}","templated":true}]}}