{"id":21730,"date":"2018-12-24T04:29:35","date_gmt":"2018-12-24T06:29:35","guid":{"rendered":"https:\/\/pcb.org.br\/portal2\/?p=21730"},"modified":"2018-12-24T04:29:39","modified_gmt":"2018-12-24T06:29:39","slug":"usiminas-condicoes-degradantes-de-trabalho-e-perseguicoes","status":"publish","type":"post","link":"https:\/\/pcb.org.br\/portal2\/21730","title":{"rendered":"Usiminas: condi\u00e7\u00f5es degradantes de trabalho e persegui\u00e7\u00f5es"},"content":{"rendered":"<p><img decoding=\"async\" class=\"imagem\" title=\"imagem\" alt=\"imagem\" src=\"https:\/\/i0.wp.com\/www.intersindical.org.br\/wp-content\/uploads\/2017\/09\/cropped-imagem-cabe%C3%A7alho-01-1.jpg\"><!--more-->Intersindical &#8211; instrumento de luta e organiza\u00e7\u00e3o da classe trabalhadora<\/p>\n<p>USIMINAS IMP\u00d5E CONDI\u00c7\u00d5ES DE TRABALHO QUE ADOECEM E MATAM E PERSEGUE O SINDICATO QUE EST\u00c1 NA LUTA EM DEFESA DA VIDA E DOS DIREITOS DOS TRABALHADORES<\/p>\n<p>Em agosto, um trabalhador morre intoxicado por mon\u00f3xido de carbono na Usiminas em Ipatinga\/MG. No mesmo m\u00eas um gas\u00f4metro explode deixando 34 trabalhadores hospitalizados e, dias depois, um trabalhador tem o bra\u00e7o e o ombro decepados dentro da usina. At\u00e9 agora nenhuma puni\u00e7\u00e3o recaiu sobre a empresa.<\/p>\n<p>No dia 24 de novembro, um trabalhador que tamb\u00e9m \u00e9 diretor do Sindicato dos Metal\u00fargicos de Ipatinga estava numa opera\u00e7\u00e3o dentro da usina e fez de tudo para garantir que a opera\u00e7\u00e3o n\u00e3o colocasse em risco os trabalhadores. Mas, para a Usiminas, o que vale s\u00e3o seus lucros e n\u00e3o a seguran\u00e7a dos trabalhadores. \u00c9 por isso que o companheiro Luciano Ambr\u00f3sio Poubel Souza, conhecido como Jil\u00f3, est\u00e1 afastado pela usina, que quer a sua demiss\u00e3o.<\/p>\n<p>A dire\u00e7\u00e3o da Usiminas quer a demiss\u00e3o para tentar enfraquecer a a\u00e7\u00e3o do Sindicato dentro da usina, para avan\u00e7ar nos ataques aos trabalhadores. Mas n\u00e3o vai conseguir.<\/p>\n<p>No dia 24 de novembro de 2018, uma panela estava recebendo a\u00e7o do convertedor na Aciaria 2. Quando a panela estava quase cheia, Luciano, respons\u00e1vel por acompanhar o vazamento de a\u00e7o, percebeu que a panela furou e come\u00e7ou a vazar o a\u00e7o l\u00edquido e acionou o bot\u00e3o de emerg\u00eancia, parando o vazamento do forno para a panela. Fez isso justamente para evitar um acidente que atingisse os trabalhadores.<\/p>\n<p>Luciano fez as opera\u00e7\u00f5es mais importantes e seguras: interromper o enchimento da panela e tir\u00e1-la debaixo do forno convertedor, ou seja, evitou uma trag\u00e9dia.<\/p>\n<p>Mas para a Usiminas, opera\u00e7\u00e3o segura \u00e9 opera\u00e7\u00e3o que garanta seus lucros, ent\u00e3o para tentar atacar a a\u00e7\u00e3o do Sindicato dentro das \u00e1reas exigindo melhores condi\u00e7\u00f5es de trabalho. A dire\u00e7\u00e3o da empresa afastou o companheiro Luciano com a inten\u00e7\u00e3o de demit\u00ed-lo.<\/p>\n<p>A panela furou, o a\u00e7o e alguns equipamentos se perderam, mas a opera\u00e7\u00e3o feita pelo trabalhador impediu que vidas fossem atingidas. Mas isso n\u00e3o importa para a Usiminas, o que importa, para os acionistas, s\u00e3o seus lucros.<\/p>\n<p>A mesma Usiminas que at\u00e9 agora n\u00e3o fez nada para garantir condi\u00e7\u00f5es seguras de trabalho quer demitir o trabalhador que tamb\u00e9m \u00e9 diretor do Sindicato dizendo que teve preju\u00edzos enormes por causa da opera\u00e7\u00e3o feita por ele.<\/p>\n<p>A opera\u00e7\u00e3o feita pelo trabalhador evitou um acidente que atingisse os trabalhadores.<\/p>\n<p>Isso \u00e9 a Usiminas: para ela a sa\u00fade e vida dos trabalhadores n\u00e3o t\u00eam nenhum valor, o que vale s\u00e3o seus lucros.<\/p>\n<p>N\u00e3o vamos recuar. Mais do que defender o companheiro Luciano, vamos seguir exigindo melhores condi\u00e7\u00f5es de trabalho e puni\u00e7\u00e3o para a Usiminas, que ataca a sa\u00fade e a vida dos trabalhadores.<\/p>\n<p>http:\/\/www.intersindical.org.br\/2018\/12\/14\/usiminas-impoe-condicoes-de-trabalho-que-adoecem-e-matam-e-persegue-o-sindicato-que-esta-na-luta-em-defesa-da-vida-e-dos-direitos-dos-trabalhadores\/<\/p>\n","protected":false},"excerpt":{"rendered":"<a class=\"moretag\" href=\"https:\/\/pcb.org.br\/portal2\/21730\"> <\/a>","protected":false},"author":1,"featured_media":0,"comment_status":"closed","ping_status":"closed","sticky":false,"template":"","format":"standard","meta":{"jetpack_post_was_ever_published":false,"_jetpack_newsletter_access":"","_jetpack_dont_email_post_to_subs":false,"_jetpack_newsletter_tier_id":0,"_jetpack_memberships_contains_paywalled_content":false,"_jetpack_memberships_contains_paid_content":false,"footnotes":"","jetpack_publicize_message":"","jetpack_publicize_feature_enabled":true,"jetpack_social_post_already_shared":true,"jetpack_social_options":{"image_generator_settings":{"template":"highway","default_image_id":0,"font":"","enabled":false},"version":2}},"categories":[15],"tags":[223],"class_list":["post-21730","post","type-post","status-publish","format-standard","hentry","category-s18-sindical","tag-3a"],"jetpack_publicize_connections":[],"jetpack_featured_media_url":"","jetpack_shortlink":"https:\/\/wp.me\/p659gw-5Eu","jetpack-related-posts":[],"jetpack_likes_enabled":true,"jetpack_sharing_enabled":true,"_links":{"self":[{"href":"https:\/\/pcb.org.br\/portal2\/wp-json\/wp\/v2\/posts\/21730","targetHints":{"allow":["GET"]}}],"collection":[{"href":"https:\/\/pcb.org.br\/portal2\/wp-json\/wp\/v2\/posts"}],"about":[{"href":"https:\/\/pcb.org.br\/portal2\/wp-json\/wp\/v2\/types\/post"}],"author":[{"embeddable":true,"href":"https:\/\/pcb.org.br\/portal2\/wp-json\/wp\/v2\/users\/1"}],"replies":[{"embeddable":true,"href":"https:\/\/pcb.org.br\/portal2\/wp-json\/wp\/v2\/comments?post=21730"}],"version-history":[{"count":0,"href":"https:\/\/pcb.org.br\/portal2\/wp-json\/wp\/v2\/posts\/21730\/revisions"}],"wp:attachment":[{"href":"https:\/\/pcb.org.br\/portal2\/wp-json\/wp\/v2\/media?parent=21730"}],"wp:term":[{"taxonomy":"category","embeddable":true,"href":"https:\/\/pcb.org.br\/portal2\/wp-json\/wp\/v2\/categories?post=21730"},{"taxonomy":"post_tag","embeddable":true,"href":"https:\/\/pcb.org.br\/portal2\/wp-json\/wp\/v2\/tags?post=21730"}],"curies":[{"name":"wp","href":"https:\/\/api.w.org\/{rel}","templated":true}]}}