{"id":21749,"date":"2018-12-26T23:09:00","date_gmt":"2018-12-27T01:09:00","guid":{"rendered":"https:\/\/pcb.org.br\/portal2\/?p=21749"},"modified":"2018-12-26T23:09:57","modified_gmt":"2018-12-27T01:09:57","slug":"um-antifascismo-a-la-carte","status":"publish","type":"post","link":"https:\/\/pcb.org.br\/portal2\/21749","title":{"rendered":"Um antifascismo \u201c\u00e0 la carte\u201d?"},"content":{"rendered":"<p><img decoding=\"async\" class=\"imagem\" title=\"imagem\" alt=\"imagem\" src=\"https:\/\/i0.wp.com\/ujc.org.br\/wp-content\/uploads\/2018\/12\/thumbnail_moysika-sxoleia-prosygkentrosi-14.jpg\"><!--more-->Por Nikos Abatielos, Secret\u00e1rio do Comit\u00ea Central da Juventude Comunista da Gr\u00e9cia (KNE)*<\/p>\n<p>Gra\u00e7as \u00e0 posi\u00e7\u00e3o determinada dos estudantes, de suas entidades coletivas \u2013 os conselhos escolares de 5 e de 15 membros \u2013 e da comunidade estudantil nas escolas, os esfor\u00e7os de v\u00e1rios fascistas para espalhar seu veneno nazista e nacionalista \u2013 junto com o apoio da Nova Democracia [partido de centro-direita na Gr\u00e9cia] e se\u00e7\u00f5es da Igreja \u2013 falharam. Os membros e amigos da KNE [Juventude Comunista da Gr\u00e9cia] tiveram um papel central em isolar os fascistas e acabar com seus planos.<\/p>\n<p>O que aumenta a preocupa\u00e7\u00e3o \u00e9 o fato de que essas mobiliza\u00e7\u00f5es, organizadas atrav\u00e9s de apelos an\u00f4nimos e n\u00e3o atrav\u00e9s de constru\u00e7\u00f5es coletivas, com motes nacionalistas e irredentistas, foram propagandeadas com chamados \u201cpegajosos\u201d contr\u00e1rios ao seu impacto atual. Ao mesmo tempo, est\u00e3o sendo \u201centerrados\u201d os seguintes processos:<\/p>\n<p>As mobiliza\u00e7\u00f5es estudantis com participa\u00e7\u00e3o de dezenas de milhares de estudantes sob o mote \u201cExigimos uma escola que nos eduque, n\u00e3o que nos deixe exaustos\u201d, contra os an\u00fancios do governo Syriza-Anel, assim como contra o envolvimento perigoso do nosso pa\u00eds [Gr\u00e9cia] nos planos imperialistas dos EUA, da OTAN e da Uni\u00e3o Europeia. O Syriza fecha os olhos para essas mobiliza\u00e7\u00f5es que est\u00e3o aumentando sob a luz da \u201cLei do Ensino M\u00e9dio\u201d.<\/p>\n<p>As mobiliza\u00e7\u00f5es de pais, estudantes e professores das Escolas de M\u00fasica e Artes, que for\u00e7aram o governo a recuar.<br \/>\nAs rea\u00e7\u00f5es de milhares de estudantes contra os esfor\u00e7os dos fascistas, que at\u00e9 mesmo quando encontravam faixas com motes nacionalistas escritos do lado de fora de suas escolas, as arrancavam eles mesmos.<\/p>\n<p>Existe uma explica\u00e7\u00e3o para a imensa promo\u00e7\u00e3o e esse \u201centerro\u201d. Eles s\u00e3o convenientes para a Nova Democracia, para que ela possa pescar nas \u00e1guas lamacentas do nacionalismo, assim como para o Syriza, que, atrav\u00e9s dessas rea\u00e7\u00f5es, tenta alimentar um falso esquema bipolar. Ambos aumentam as for\u00e7as da organiza\u00e7\u00e3o criminosa nazista Aurora Dourada. A posi\u00e7\u00e3o do governo, colocando que todos que se op\u00f5em ao tratado Tsipras-Zaec s\u00e3o nacionalistas, aumenta a for\u00e7a do Aurora Dourada ou n\u00e3o? De fato, no exato momento em que a posi\u00e7\u00e3o do KKE [Partido Comunista da Gr\u00e9cia] era negativa, uma vez que o Tratado de Prespes foi imposto pelos EUA, pela OTAN e pela Uni\u00e3o Europeia. O Syriza e a ND est\u00e3o ou n\u00e3o alimentando o Aurora Dourada, quando se focam no problema do nome, escondendo o problema essencial e alarmante para os povos dos B\u00e1lc\u00e3s: que atrav\u00e9s do Tratado Tsipras-Zaev, os planos dos EUA-OTAN-UE se desenvolvem para conter a influ\u00eancia russa na regi\u00e3o, e os antagonismos que cheiram como p\u00f3lvora para os povos est\u00e3o entrando em uma nova e perigosa fase? Todos est\u00e3o escondendo isso, inclusive os fascistas, porque est\u00e3o de acordo.<\/p>\n<p>O antifascismo do Syriza e de sua frente com a extrema-direita \u00e9 \u201c\u00e0 la carte\u201d. Ao mesmo tempo em que derrama l\u00e1grimas pelas v\u00edtimas de racismo, o governo criou infernos como na regi\u00e3o de Moria. Ao mesmo tempo em que Orban, Le Pen etc. s\u00e3o uma amea\u00e7a para o Syriza \u2013 e s\u00e3o mesmo uma amea\u00e7a , o Syriza glorifica Trump como \u201cdiabolicamente bondoso\u201d, que est\u00e1 amea\u00e7ando at\u00e9 mesmo com execu\u00e7\u00f5es os imigrantes na fronteira dos EUA com o M\u00e9xico.<\/p>\n<p>O fascismo e a extrema-direita t\u00eam causas contra as quais o povo e a juventude deve lutar. Existem interesses econ\u00f4micos que subsidiam essas for\u00e7as de v\u00e1rias maneiras, assim como j\u00e1 foi provado com o Aurora Dourada. Existem interesses geopol\u00edticos que investem seus refor\u00e7os nessas for\u00e7as a fim de us\u00e1-las em seus perigosos planos imperialistas. Existem interesses pol\u00edticos e n\u00e3o \u00e9 poss\u00edvel negociar com a serpente do nazismo sob a bandeira da OTAN e da ditadura do capital.<\/p>\n<p>O KKE e a sua juventude, a KNE, t\u00eam uma grande experi\u00eancia em confrontar, revelar e ir ao cabo com o fascismo e o sistema que o cria. Ningu\u00e9m deve esquecer isso, porque, do contr\u00e1rio, ser\u00e3o levados para c\u00e1lculos incorretos.<\/p>\n<p><img decoding=\"async\" class=\"imagem100a\" title=\"imagem100\" alt=\"imagem\" src=\"https:\/\/i0.wp.com\/ujc.org.br\/wp-content\/uploads\/2018\/12\/thumbnail_moysika-sxoleia-prosygkentrosi-14.jpg?w=710\">Mobiliza\u00e7\u00e3o de pais, estudantes e professores das Escolas de M\u00fasica e Artes em Atenas.<\/p>\n<p><img decoding=\"async\" class=\"imagem100a\" title=\"imagem100\" alt=\"imagem\" src=\"https:\/\/i0.wp.com\/ujc.org.br\/wp-content\/uploads\/2018\/12\/thumbnail_sxoleio.jpg?w=710\">Escola ocupada na cidade de Dramas, com as faixas \u201cN\u00e3o ao acordo de Prespes. Fascistas fora de nossas escolas. OTAN fora da Gr\u00e9cia e dos B\u00e1lc\u00e3s.<\/p>\n<p><img decoding=\"async\" class=\"imagem100a\" title=\"imagem100\" alt=\"imagem\" src=\"https:\/\/i0.wp.com\/ujc.org.br\/wp-content\/uploads\/2018\/12\/thumbnail_mathites-thessalonikh-9.jpg?w=710\">Registro de mobiliza\u00e7\u00e3o estudantil em Tessal\u00f4nica, sob a bandeira do \u201cExigimos uma escola que nos eduque, n\u00e3o que nos deixe exaustos\u201d.<\/p>\n<p>Traduzido por: Uni\u00e3o da Juventude Comunista \u2013 Brasil<\/p>\n<blockquote class=\"wp-embedded-content\" data-secret=\"5TAZInNRNf\"><p><a href=\"http:\/\/ujc.org.br\/um-antifascismo-a-la-carte\/\">Um antifascismo \u201c\u00e0 la carte\u201d?<\/a><\/p><\/blockquote>\n<p><iframe loading=\"lazy\" class=\"wp-embedded-content\" sandbox=\"allow-scripts\" security=\"restricted\" style=\"position: absolute; clip: rect(1px, 1px, 1px, 1px);\" src=\"http:\/\/ujc.org.br\/um-antifascismo-a-la-carte\/embed\/#?secret=5TAZInNRNf\" data-secret=\"5TAZInNRNf\" width=\"600\" height=\"338\" title=\"&#8220;Um antifascismo \u201c\u00e0 la carte\u201d?&#8221; &#8212; UJC\" frameborder=\"0\" marginwidth=\"0\" marginheight=\"0\" scrolling=\"no\"><\/iframe><\/p>\n","protected":false},"excerpt":{"rendered":"<a class=\"moretag\" href=\"https:\/\/pcb.org.br\/portal2\/21749\"> <\/a>","protected":false},"author":1,"featured_media":0,"comment_status":"closed","ping_status":"closed","sticky":false,"template":"","format":"standard","meta":{"jetpack_post_was_ever_published":false,"_jetpack_newsletter_access":"","_jetpack_dont_email_post_to_subs":false,"_jetpack_newsletter_tier_id":0,"_jetpack_memberships_contains_paywalled_content":false,"_jetpack_memberships_contains_paid_content":false,"footnotes":"","jetpack_publicize_message":"","jetpack_publicize_feature_enabled":true,"jetpack_social_post_already_shared":true,"jetpack_social_options":{"image_generator_settings":{"template":"highway","default_image_id":0,"font":"","enabled":false},"version":2}},"categories":[107],"tags":[227],"class_list":["post-21749","post","type-post","status-publish","format-standard","hentry","category-c120-grecia","tag-5a"],"jetpack_publicize_connections":[],"jetpack_featured_media_url":"","jetpack_shortlink":"https:\/\/wp.me\/p659gw-5EN","jetpack-related-posts":[],"jetpack_likes_enabled":true,"jetpack_sharing_enabled":true,"_links":{"self":[{"href":"https:\/\/pcb.org.br\/portal2\/wp-json\/wp\/v2\/posts\/21749","targetHints":{"allow":["GET"]}}],"collection":[{"href":"https:\/\/pcb.org.br\/portal2\/wp-json\/wp\/v2\/posts"}],"about":[{"href":"https:\/\/pcb.org.br\/portal2\/wp-json\/wp\/v2\/types\/post"}],"author":[{"embeddable":true,"href":"https:\/\/pcb.org.br\/portal2\/wp-json\/wp\/v2\/users\/1"}],"replies":[{"embeddable":true,"href":"https:\/\/pcb.org.br\/portal2\/wp-json\/wp\/v2\/comments?post=21749"}],"version-history":[{"count":0,"href":"https:\/\/pcb.org.br\/portal2\/wp-json\/wp\/v2\/posts\/21749\/revisions"}],"wp:attachment":[{"href":"https:\/\/pcb.org.br\/portal2\/wp-json\/wp\/v2\/media?parent=21749"}],"wp:term":[{"taxonomy":"category","embeddable":true,"href":"https:\/\/pcb.org.br\/portal2\/wp-json\/wp\/v2\/categories?post=21749"},{"taxonomy":"post_tag","embeddable":true,"href":"https:\/\/pcb.org.br\/portal2\/wp-json\/wp\/v2\/tags?post=21749"}],"curies":[{"name":"wp","href":"https:\/\/api.w.org\/{rel}","templated":true}]}}