{"id":21785,"date":"2018-12-30T10:09:56","date_gmt":"2018-12-30T12:09:56","guid":{"rendered":"https:\/\/pcb.org.br\/portal2\/?p=21785"},"modified":"2019-01-01T19:16:42","modified_gmt":"2019-01-01T21:16:42","slug":"toda-a-solidariedade-a-luta-do-povo-sudanes","status":"publish","type":"post","link":"https:\/\/pcb.org.br\/portal2\/21785","title":{"rendered":"Toda a solidariedade \u00e0 luta do povo sudan\u00eas!"},"content":{"rendered":"<p><img decoding=\"async\" class=\"imagem\" title=\"imagem\" alt=\"imagem\" src=\"https:\/\/i0.wp.com\/cdn.splug.com.br\/fotos\/th_1545993739.jpg\"><!--more-->Pela liberta\u00e7\u00e3o imediata de todos os presos pol\u00edticos!<\/p>\n<p>Uma grande manifesta\u00e7\u00e3o  popular ocorreu no centro da capital do Sud\u00e3o, Cartum, no dia 25 de dezembro.<br \/>\nH\u00e1 v\u00e1rios dias ocorrem protestos populares no pa\u00eds, cujo estopim foi a revolta contra o processo inflacion\u00e1rio, em especial o aumento do pre\u00e7o do p\u00e3o, alimento essencial para os sudaneses. As mobiliza\u00e7\u00f5es tiveram  in\u00edcio em Al-Gadaref, no leste do pa\u00eds, e se espalharam por v\u00e1rias regi\u00f5es e cidades, transfirmando-se num amplo movimento que exige o fim do regime que se apossou do poder pol\u00edtico em 1989.<\/p>\n<p>Em Cartum, a marcha convocada inicialmente pelos sindicatos se transformou em uma grande manifesta\u00e7\u00e3o de massa que tinha, como objetivo, apresentar um memorando de protesto ao ditador Omar Hassan Ahmad al-Bashir, no poder h\u00e1 quase 30 anos, ap\u00f3s um golpe de Estado que atacou as liberdades democr\u00e1ticas, proibindo a a\u00e7\u00e3o de sindicatos, partidos pol\u00edticos e outras entidades &#8220;n\u00e3o religiosas&#8221;. A forte presen\u00e7a de for\u00e7as de seguran\u00e7a armadas em volta do Pal\u00e1cio Republicano impediu que esse objetivo fosse atingido.<\/p>\n<p>A manifesta\u00e7\u00e3o se espalhou para outras \u00e1reas residenciais ao redor da capital e houve enfrentamento entre os manifestantes e as for\u00e7as de seguran\u00e7a. As for\u00e7as de seguran\u00e7a e as mil\u00edcias do regime usaram for\u00e7a excessiva, causando mortes, ferimentos graves e pris\u00f5es. Desde o in\u00edcio dos protestos no pa\u00eds j\u00e1 houve a morte de quase 40 pessoas (segundo a Anistia Internacional) e mais de 80 feridos, al\u00e9m de terem sido presos mais de 500 manifestantes.<\/p>\n<p>O Comit\u00ea Central do Partido Comunista Sudan\u00eas lan\u00e7ou um comunicado no dia 25, chamando a todos para a participa\u00e7\u00e3o na marcha de protesto. Um segundo chamado, divulgado logo em seguida, pediu a unidade do povo na luta para derrubar o regime.<\/p>\n<p>Uma reuni\u00e3o das For\u00e7as Nacionais para Consenso, a alian\u00e7a da oposi\u00e7\u00e3o, teve lugar na sede do Partido Comunista Sudan\u00eas. A reuni\u00e3o decidiu que a luta vai continuar at\u00e9 o fim. Al\u00e9m disso, a alian\u00e7a concordou em convocar uma reuni\u00e3o mais ampla em que representantes dos sindicalistas democr\u00e1ticos, jovens, mulheres, partidos pol\u00edticos e l\u00edderes patri\u00f3ticos devem participar.<\/p>\n<p>O Comit\u00ea Central do PC sudan\u00eas apela a todas as partes fraternas para que intensifiquem as suas iniciativas de apoio, \u00e0 medida que a luta do povo atinge n\u00edveis mais elevados e exige a liberta\u00e7\u00e3o imediata de todos os presos pol\u00edticos, incluindo os camaradas Masoud Ali, Hanadi Fadl, Tariq Abdul-Majeed, o Dr. Sied Ahmed Alkhateeb e o Dr. Amal Gaberalla, todos membros do Comit\u00ea Central do PCS.<\/p>\n<p>O Partido Comunista Brasileiro solidariza-se com o Partido Comunista Sudan\u00eas e com a luta do povo do Sud\u00e3o contra o regime opressor de Albashir e exige a imediata liberta\u00e7\u00e3o dos dirigentes do PCS e de todos os demais presos pol\u00edticos do pa\u00eds.<\/p>\n<p>PCB &#8211; Comiss\u00e3o Pol\u00edtica Nacional<br \/>\n29 de dezembro de 2018<\/p>\n","protected":false},"excerpt":{"rendered":"<a class=\"moretag\" href=\"https:\/\/pcb.org.br\/portal2\/21785\"> <\/a>","protected":false},"author":1,"featured_media":0,"comment_status":"closed","ping_status":"closed","sticky":false,"template":"","format":"standard","meta":{"jetpack_post_was_ever_published":false,"_jetpack_newsletter_access":"","_jetpack_dont_email_post_to_subs":false,"_jetpack_newsletter_tier_id":0,"_jetpack_memberships_contains_paywalled_content":false,"_jetpack_memberships_contains_paid_content":false,"footnotes":"","jetpack_publicize_message":"","jetpack_publicize_feature_enabled":true,"jetpack_social_post_already_shared":true,"jetpack_social_options":{"image_generator_settings":{"template":"highway","default_image_id":0,"font":"","enabled":false},"version":2}},"categories":[26],"tags":[234,246],"class_list":["post-21785","post","type-post","status-publish","format-standard","hentry","category-c25-notas-politicas-do-pcb","tag-6b","tag-np"],"jetpack_publicize_connections":[],"jetpack_featured_media_url":"","jetpack_shortlink":"https:\/\/wp.me\/p659gw-5Fn","jetpack-related-posts":[],"jetpack_likes_enabled":true,"jetpack_sharing_enabled":true,"_links":{"self":[{"href":"https:\/\/pcb.org.br\/portal2\/wp-json\/wp\/v2\/posts\/21785","targetHints":{"allow":["GET"]}}],"collection":[{"href":"https:\/\/pcb.org.br\/portal2\/wp-json\/wp\/v2\/posts"}],"about":[{"href":"https:\/\/pcb.org.br\/portal2\/wp-json\/wp\/v2\/types\/post"}],"author":[{"embeddable":true,"href":"https:\/\/pcb.org.br\/portal2\/wp-json\/wp\/v2\/users\/1"}],"replies":[{"embeddable":true,"href":"https:\/\/pcb.org.br\/portal2\/wp-json\/wp\/v2\/comments?post=21785"}],"version-history":[{"count":0,"href":"https:\/\/pcb.org.br\/portal2\/wp-json\/wp\/v2\/posts\/21785\/revisions"}],"wp:attachment":[{"href":"https:\/\/pcb.org.br\/portal2\/wp-json\/wp\/v2\/media?parent=21785"}],"wp:term":[{"taxonomy":"category","embeddable":true,"href":"https:\/\/pcb.org.br\/portal2\/wp-json\/wp\/v2\/categories?post=21785"},{"taxonomy":"post_tag","embeddable":true,"href":"https:\/\/pcb.org.br\/portal2\/wp-json\/wp\/v2\/tags?post=21785"}],"curies":[{"name":"wp","href":"https:\/\/api.w.org\/{rel}","templated":true}]}}