{"id":21826,"date":"2019-01-03T00:08:47","date_gmt":"2019-01-03T02:08:47","guid":{"rendered":"https:\/\/pcb.org.br\/portal2\/?p=21826"},"modified":"2019-01-03T00:08:52","modified_gmt":"2019-01-03T02:08:52","slug":"o-terror-amadurece-na-america-latina","status":"publish","type":"post","link":"https:\/\/pcb.org.br\/portal2\/21826","title":{"rendered":"O terror amadurece na Am\u00e9rica Latina"},"content":{"rendered":"<p><img decoding=\"async\" class=\"imagem\" title=\"imagem\" alt=\"imagem\" src=\"https:\/\/i0.wp.com\/www.abrilabril.pt\/sites\/default\/files\/styles\/superjumbo\/public\/assets\/img\/8928.jpg\"><!--more-->Jo\u00e3o Goul\u00e3o<br \/>\nAbril Abril<\/p>\n<p>Mercen\u00e1rios est\u00e3o em fase de treino na base de Tona, na Col\u00f4mbia, para desencadear um falso ataque da Venezuela contra territ\u00f3rio colombiano que funcionar\u00e1 como detonador de uma guerra contra Caracas.<\/p>\n<p>O ano de 2019 inicia-se na Am\u00e9rica Latina sob a amea\u00e7a de conflitos de grandes propor\u00e7\u00f5es tendo como objetivo concretizar a consigna norte-americana de erradicar a \u00abtroika da tirania\u00bb, express\u00e3o em que o secret\u00e1rio de Estado, John Bolton, agregou Cuba, Nicar\u00e1gua e Venezuela. O grupo de mercen\u00e1rios, em fase de treino na base de Tona (1), na Col\u00f4mbia, \u00e9 enquadrado por for\u00e7as especiais dos Estados Unidos estacionadas nas bases de Tolemaida (Col\u00f4mbia) e Eglin (Fl\u00f3rida).<\/p>\n<p>A posse de Jair Bolsonaro como presidente do Brasil e de Nicol\u00e1s Maduro para o segundo mandato como presidente da Venezuela s\u00e3o dois momentos considerados decisivos para o tipo de agress\u00e3o militar idealizada pelos Estados Unidos. As linhas gerais da opera\u00e7\u00e3o j\u00e1 tinham sido definidas em maio de 2018 pelo general norte-americano Kurt Tidd, comandante-em-chefe do SouthCom, o Comando Sul das for\u00e7as armadas dos Estados Unidos. Posteriormente, depois das elei\u00e7\u00f5es brasileiras, o secret\u00e1rio de Estado de Trump, John Bolton, falou na constitui\u00e7\u00e3o de um grupo integrado por Iv\u00e1n Duque, presidente da Col\u00f4mbia e Jair Bolsonaro, expoentes do novo fascismo latino-americano, em que assentar\u00e1 a frente sul-americana da guerra contra a Venezuela (2).<\/p>\n<p>O comando operacional da a\u00e7\u00e3o envolvendo os mercen\u00e1rios treinados na Col\u00f4mbia ser\u00e1 assumido pelo general venezuelano Oswaldo Garc\u00eda Palomo, que fugiu para territ\u00f3rio colombiano depois da tentativa de assassinato do presidente Maduro com um drone, em 4 de agosto de 2018. O objetivo estrat\u00e9gico da primeira ofensiva contra territ\u00f3rio venezuelano ser\u00e1 o controle das bases militares de El Libertador (Palo Negro, Maracay), Puerto Cabello e Barcelona (3).<\/p>\n<p>Tudo indica que as tropas envolvidas na invas\u00e3o ser\u00e3o brasileiras, colombianas e da Guiana. Este pa\u00eds tornou-se uma ponta de lan\u00e7a dos projetos norte-americanos contra a Venezuela a partir de 2015, quando reativou velhas reivindica\u00e7\u00f5es sobre o territ\u00f3rio insular venezuelano, precisamente na ocasi\u00e3o em que foram detectadas importantes reservas de hidrocarbonetos nas \u00e1guas envolventes.<\/p>\n<p>No Ver\u00e3o de 2017 j\u00e1 haviam ocorrido grandes manobras multinacionais de transporte de tropas simulando a concentra\u00e7\u00e3o de meios militares em condi\u00e7\u00f5es de atacar a Venezuela.<\/p>\n<p>Cen\u00e1rios \u00abpol\u00edticos\u00bb<\/p>\n<p>A elei\u00e7\u00e3o de Jair Bolsonaro como presidente do Brasil foi um passo que contribuiu para definir, com maior precis\u00e3o, as bases pol\u00edticas que tornam poss\u00edvel desenvolver este tipo de opera\u00e7\u00e3o conduzida pelos Estados Unidos.<\/p>\n<p>Em v\u00e1rias ocasi\u00f5es, os pe\u00f5es do novo regime brasileiro verbalizaram a inten\u00e7\u00e3o de participar em opera\u00e7\u00f5es militares contra a Venezuela com o objetivo de liquidar o sistema popular bolivariano.<\/p>\n<p>Uma dessas situa\u00e7\u00f5es aconteceu na entrevista do vice-presidente eleito, general Hamilton Mour\u00e3o, \u00e0 revista Piau\u00ed. Mour\u00e3o defendeu a derrubada de Maduro pela for\u00e7a e o envio de um \u00abcontingente de paz\u00bb brasileiro para a Venezuela. Bolsonaro tentou apagar os efeitos das palavras do general dizendo que, por vezes, \u00abele fala demais\u00bb \u2013 embora n\u00e3o tenha desmentido o conte\u00fado das afirma\u00e7\u00f5es.<\/p>\n<p>Outro dos pressupostos \u00abpol\u00edticos\u00bb em que assenta o cen\u00e1rio fabricado em Washington resulta do fato de v\u00e1rios chefes de Estado latino-americanos n\u00e3o terem reconhecido, por press\u00e3o dos Estados Unidos, a elei\u00e7\u00e3o de Maduro para o segundo mandato, pondo em causa a \u00ablegitimidade\u00bb do ato eleitoral. Esta situa\u00e7\u00e3o \u00abfacilitaria\u00bb o envolvimento de v\u00e1rios pa\u00edses da regi\u00e3o na opera\u00e7\u00e3o para mudar o regime em Caracas.<\/p>\n<p>Conspira\u00e7\u00e3o permanente<\/p>\n<p>O ambiente est\u00e1 sendo preparado h\u00e1 muitos anos atrav\u00e9s de uma conspira\u00e7\u00e3o permanente contra a Venezuela.<\/p>\n<p>Nesse quadro avultam as tentativas de golpe de Estado (4) e de assassinato dos presidentes Hugo Ch\u00e1vez e Nicol\u00e1s Maduro, a manipula\u00e7\u00e3o da conjuntura internacional dos pre\u00e7os do petr\u00f3leo atrav\u00e9s da Ar\u00e1bia Saudita \u2013 que tamb\u00e9m mina as principais fontes venezuelanas de receitas \u2013 os ataques contra a moeda venezuelana, conduzidos a partir de Washington, os tumultos violentos, ditos \u00abmanifesta\u00e7\u00f5es populares\u00bb, organizados pela oposi\u00e7\u00e3o diretamente vinculada ao Pent\u00e1gono e ao Departamento de Estado norte-americano.<\/p>\n<p>Nesse contexto avultam ainda os incentivos \u00e0 emigra\u00e7\u00e3o de dezenas de milhares de venezuelanos para pa\u00edses vizinhos, com promessas de melhores condi\u00e7\u00f5es de vida que se revelaram falsas. Grande parte desses cidad\u00e3os manipulados t\u00eam regressado ao seu pa\u00eds; outros que pretendem seguir-lhes os passos t\u00eam sido alvo de manobras desencorajadoras que integram a proibi\u00e7\u00e3o de avi\u00f5es venezuelanos de circularem nos espa\u00e7os a\u00e9reos dos pa\u00edses de acolhimento e o levantamento de obst\u00e1culos \u00e0 circula\u00e7\u00e3o de autom\u00f3veis atrav\u00e9s das fronteiras.<\/p>\n<p>Todos os procedimentos conspirativos t\u00eam sido envolvidos por permanentes a\u00e7\u00f5es de propaganda e de dissemina\u00e7\u00e3o de fake news, sobretudo atrav\u00e9s da comunica\u00e7\u00e3o global mainstream. Trata-se, essencialmente, de espalhar a imagem de que um irrevers\u00edvel ambiente de viol\u00eancia, de opress\u00e3o e de ingovernabilidade tornam insuport\u00e1veis as condi\u00e7\u00f5es de vida na Venezuela e tamb\u00e9m na Nicar\u00e1gua, transformados em Estados falidos e fracassados.<\/p>\n<p>N\u00e3o \u00e9 dif\u00edcil perceber o objetivo destas opera\u00e7\u00f5es convergentes e em grande escala: fazer da agress\u00e3o militar contra a Venezuela e a Nicar\u00e1gua, e a consequente substitui\u00e7\u00e3o dos seus regimes pol\u00edticos, n\u00e3o apenas uma \u00abnecessidade democr\u00e1tica\u00bb mas tamb\u00e9m uma \u00abcausa humanit\u00e1ria\u00bb capaz de mobilizar a chamada \u00abcomunidade internacional\u00bb e os seus ramos \u00abbenfeitores\u00bb \u2013 armados ou n\u00e3o.<\/p>\n<p>O ano de 2019 parece ser o do amadurecimento e colheita dos resultados da conspira\u00e7\u00e3o cultivada. Pode acontecer, por\u00e9m, que as evolu\u00e7\u00f5es da rela\u00e7\u00e3o internacional de for\u00e7as j\u00e1 n\u00e3o sejam compat\u00edveis com o primado da arbitrariedade que tornou poss\u00edveis dramas como os do Afeganist\u00e3o, Iraque, I\u00eamen, L\u00edbia e S\u00edria.<\/p>\n<p>1. Tona \u00e9 um munic\u00edpio no departamento de Santander, na fronteira da Col\u00f4mbia com a Venezuela. A zona \u00e9 um local privilegiado de penetra\u00e7\u00e3o na estrat\u00e9gica regi\u00e3o andina venezuelana, que percorre o territ\u00f3rio em dire\u00e7\u00e3o ao mar, com picos entre os 4 mil e 5 mil metros de altitude.<\/p>\n<p>2. Segundo a r\u00e1dio YVKE Mundial, Nicol\u00e1s Maduro denunciou Bolton \u2013 que nos corredores da Casa Branca chamam de \u00abSr. Presidente\u00bb, por afirmar \u00abpoder decidir por conta pr\u00f3pria tudo o que haja para decidir\u00bb \u2013 como tendo afirmado \u00abser ele quem vai derrubar o governo\u00bb da Venezuela. Maduro responsabilizou Bolton por ter aumentado a verba para suborno de oficiais venezuelanos, de 40 para 120 milh\u00f5es de d\u00f3lares, acusa-o de \u00abmanter contato e comunica\u00e7\u00f5es com a direita golpista venezuelana\u00bb e de \u00abter convertido a Col\u00f4mbia em base de opera\u00e7\u00f5es para os seus planos\u00bb golpistas.<\/p>\n<p>3. A base militar El Libertador, em Palo Negro, perto da fronteira com a Col\u00f4mbia, \u00e9 a maior base a\u00e9rea venezuelana.<\/p>\n<p>4. Em 26 de dezembro de 2018, foi conhecida a condena\u00e7\u00e3o, pela justi\u00e7a venezuelana, de nove militares envolvidos, em 2014, num compl\u00f4 para derrubar o presidente da Venezuela, noticiou a Res\u00famen Latinoamericano. O general de divis\u00e3o Oswaldo Hern\u00e1ndez e o coronel na reforma Jos\u00e9 Delgado, mais sete oficiais da Avia\u00e7\u00e3o, da Armada e do Ex\u00e9rcito foram condenados a entre 5 e 8 anos de pris\u00e3o por \u00abprepararem o movimento insurreccional conhecido como Opera\u00e7\u00e3o Jeric\u00f3, contra o governo do presidente Nicol\u00e1s Maduro\u00bb.<\/p>\n<p>https:\/\/www.abrilabril.pt\/internacional\/o-terror-amadurece-na-america-latina<\/p>\n","protected":false},"excerpt":{"rendered":"<a class=\"moretag\" href=\"https:\/\/pcb.org.br\/portal2\/21826\"> <\/a>","protected":false},"author":1,"featured_media":0,"comment_status":"closed","ping_status":"closed","sticky":false,"template":"","format":"standard","meta":{"jetpack_post_was_ever_published":false,"_jetpack_newsletter_access":"","_jetpack_dont_email_post_to_subs":false,"_jetpack_newsletter_tier_id":0,"_jetpack_memberships_contains_paywalled_content":false,"_jetpack_memberships_contains_paid_content":false,"footnotes":"","jetpack_publicize_message":"","jetpack_publicize_feature_enabled":true,"jetpack_social_post_already_shared":true,"jetpack_social_options":{"image_generator_settings":{"template":"highway","default_image_id":0,"font":"","enabled":false},"version":2}},"categories":[34],"tags":[223],"class_list":["post-21826","post","type-post","status-publish","format-standard","hentry","category-c39-colombia","tag-3a"],"jetpack_publicize_connections":[],"jetpack_featured_media_url":"","jetpack_shortlink":"https:\/\/wp.me\/p659gw-5G2","jetpack-related-posts":[],"jetpack_likes_enabled":true,"jetpack_sharing_enabled":true,"_links":{"self":[{"href":"https:\/\/pcb.org.br\/portal2\/wp-json\/wp\/v2\/posts\/21826","targetHints":{"allow":["GET"]}}],"collection":[{"href":"https:\/\/pcb.org.br\/portal2\/wp-json\/wp\/v2\/posts"}],"about":[{"href":"https:\/\/pcb.org.br\/portal2\/wp-json\/wp\/v2\/types\/post"}],"author":[{"embeddable":true,"href":"https:\/\/pcb.org.br\/portal2\/wp-json\/wp\/v2\/users\/1"}],"replies":[{"embeddable":true,"href":"https:\/\/pcb.org.br\/portal2\/wp-json\/wp\/v2\/comments?post=21826"}],"version-history":[{"count":0,"href":"https:\/\/pcb.org.br\/portal2\/wp-json\/wp\/v2\/posts\/21826\/revisions"}],"wp:attachment":[{"href":"https:\/\/pcb.org.br\/portal2\/wp-json\/wp\/v2\/media?parent=21826"}],"wp:term":[{"taxonomy":"category","embeddable":true,"href":"https:\/\/pcb.org.br\/portal2\/wp-json\/wp\/v2\/categories?post=21826"},{"taxonomy":"post_tag","embeddable":true,"href":"https:\/\/pcb.org.br\/portal2\/wp-json\/wp\/v2\/tags?post=21826"}],"curies":[{"name":"wp","href":"https:\/\/api.w.org\/{rel}","templated":true}]}}