{"id":21836,"date":"2019-01-03T22:24:12","date_gmt":"2019-01-04T00:24:12","guid":{"rendered":"https:\/\/pcb.org.br\/portal2\/?p=21836"},"modified":"2019-01-03T22:24:17","modified_gmt":"2019-01-04T00:24:17","slug":"intensifica-se-a-luta-por-democracia-no-sudao","status":"publish","type":"post","link":"https:\/\/pcb.org.br\/portal2\/21836","title":{"rendered":"Intensifica-se a luta por democracia no Sud\u00e3o"},"content":{"rendered":"<p><img decoding=\"async\" class=\"imagem\" title=\"imagem\" alt=\"imagem\" src=\"https:\/\/i0.wp.com\/lh3.googleusercontent.com\/GjbN1b0BMX3wNwbesO_X6Whn-ECAU6j_3Dy304q0C0WQHgtdcbNfl08I-PXt7g5fRClJtzvHMUpVdFz0flL9l_lYO5dueL0P4BFc5Lj8rGiPMxphjTbQYoIuKCMTgFAZSXoN_7XyxA09SZhOhaiRy2mRZY1bnxuXvChjORSws-eF6IMf-vPwLqmAZbKirGb53B7c98640C4fF7f7glYKmOieoG5Kbd19hcHHDu00dLcoAKWTo7Zg1_YfesxcCbxYWqfoAAyNozm8KDUz4us4dyuzbBrOi2j1Q7ApllU78lh4oDTXX0i6Bh9HjjQkt692LdY6Sw6-StRgzKBhpN8wRvxlQ5w0bOJZISYucyWnP0R7YxY-BUTu8uGWUCAqqmWwtOaPXNSeaqE__dOK-OvLx2UU_PdkuSCtMhWzdzSpog2nfch10qamIWERM-oF8rSmpxNiqylzhsIKKLNmbPEPpByS7km5R2ikBjelY8SfBzv7BSqsKzx6JQ_iO8geuoYYn990HpwT5Z1rJRlRhSp4oWFmQKiOXcbfRwhJ-GiCzklRNMJbudLFRHkVt5lHs_tRfO_2dav8ggHtj7i0uAdEfJ7hMIqLse8LCqQzkJVzg-5yom8Ag3-50iS1Etd0EfUomXNdnrY2m9UQnc5Myd7bGKx2jg=s376-no\"><!--more-->Milhares de pessoas marcharam na capital do Sud\u00e3o &#8211; Kartum &#8211; na v\u00e9spera de Ano Novo em mais uma jornada de protesto, cantando &#8220;o povo quer derrubar o regime&#8221; e &#8220;liberdade, justi\u00e7a, a revolu\u00e7\u00e3o \u00e9 a escolha do povo&#8221;. A marcha, convocada pela Alian\u00e7a Profissional dos sindicatos, marcou o 14\u00ba dia de cont\u00ednuas a\u00e7\u00f5es de protesto em massa contra o regime ditatorial e, mais uma vez, o ato, pac\u00edfico, foi atacado com brutalidade pelas for\u00e7as de seguran\u00e7a, que chegaram a usar muni\u00e7\u00e3o real. Os relatos falam que dezenas foram feridos e que dois l\u00edderes da Alian\u00e7a Profissional e o presidente da Uni\u00e3o Sindical foram presos.<\/p>\n<p>Como resultado das cont\u00ednuas a\u00e7\u00f5es de massa, da vitoriosa unidade constru\u00edda pelo povo e do avan\u00e7o dos protestos em todos os cantos do pa\u00eds, rachaduras come\u00e7aram a aparecer no regime, indicando o come\u00e7o de seu fim: vinte partidos, que faziam parte do governo e eram aliados do regime, declararam sua retirada de todos os cargos, citando a brutalidade da repress\u00e3o e pediram a ren\u00fancia de Albashir, a dissolu\u00e7\u00e3o do governo atual e o respeito \u00e0s liberdades b\u00e1sicas e aos direitos democr\u00e1ticos.<\/p>\n<p>O Partido Comunista Sudan\u00eas, em 2 de janeiro, pediu a intensifica\u00e7\u00e3o da solidariedade internacional  e a continua\u00e7\u00e3o das a\u00e7\u00f5es de massa, com base na unidade das for\u00e7as da oposi\u00e7\u00e3o e sua demanda declarada: a derrubada do regime, sua desintegra\u00e7\u00e3o e liquida\u00e7\u00e3o. O PCS denunciou tamb\u00e9m conspira\u00e7\u00f5es em curso, levadas a cabo por for\u00e7as internas e estrangeiras para afastar o povo da luta e abortar a revolu\u00e7\u00e3o, e instou as massas a manterem-se firmes e unidas em torno de suas aspira\u00e7\u00f5es ao estado de direito e \u00e0 participa\u00e7\u00e3o independente dos trabalhadores no processo de tomada de decis\u00f5es e em sua implementa\u00e7\u00e3o. O PCS reafirmou, ainda, seu compromisso com os princ\u00edpios incorporados \u00e0 alternativa democr\u00e1tica adotada pela oposi\u00e7\u00e3o.<\/p>\n<p>&#8220;Est\u00e1 claro agora que a luta do nosso povo atingiu um est\u00e1gio muito importante. O regime n\u00e3o \u00e9 mais capaz de governar. O povo deve avan\u00e7ar ao ponto de dar o golpe final e derrubar o regime ditatorial corrupto&#8221;, afirmou, em nota, o Comit\u00ea Central do Partido Comunista Sudan\u00eas, logo ap\u00f3s o fim da manifesta\u00e7\u00e3o.<\/p>\n<p>Reda\u00e7\u00e3o: Secretaria de Rela\u00e7\u00f5es internacionais do PCB<\/p>\n","protected":false},"excerpt":{"rendered":"<a class=\"moretag\" href=\"https:\/\/pcb.org.br\/portal2\/21836\"> <\/a>","protected":false},"author":1,"featured_media":0,"comment_status":"closed","ping_status":"closed","sticky":false,"template":"","format":"standard","meta":{"jetpack_post_was_ever_published":false,"_jetpack_newsletter_access":"","_jetpack_dont_email_post_to_subs":false,"_jetpack_newsletter_tier_id":0,"_jetpack_memberships_contains_paywalled_content":false,"_jetpack_memberships_contains_paid_content":false,"footnotes":"","jetpack_publicize_message":"","jetpack_publicize_feature_enabled":true,"jetpack_social_post_already_shared":true,"jetpack_social_options":{"image_generator_settings":{"template":"highway","default_image_id":0,"font":"","enabled":false},"version":2}},"categories":[253],"tags":[226],"class_list":["post-21836","post","type-post","status-publish","format-standard","hentry","category-sudao","tag-4b"],"jetpack_publicize_connections":[],"jetpack_featured_media_url":"","jetpack_shortlink":"https:\/\/wp.me\/p659gw-5Gc","jetpack-related-posts":[],"jetpack_likes_enabled":true,"jetpack_sharing_enabled":true,"_links":{"self":[{"href":"https:\/\/pcb.org.br\/portal2\/wp-json\/wp\/v2\/posts\/21836","targetHints":{"allow":["GET"]}}],"collection":[{"href":"https:\/\/pcb.org.br\/portal2\/wp-json\/wp\/v2\/posts"}],"about":[{"href":"https:\/\/pcb.org.br\/portal2\/wp-json\/wp\/v2\/types\/post"}],"author":[{"embeddable":true,"href":"https:\/\/pcb.org.br\/portal2\/wp-json\/wp\/v2\/users\/1"}],"replies":[{"embeddable":true,"href":"https:\/\/pcb.org.br\/portal2\/wp-json\/wp\/v2\/comments?post=21836"}],"version-history":[{"count":0,"href":"https:\/\/pcb.org.br\/portal2\/wp-json\/wp\/v2\/posts\/21836\/revisions"}],"wp:attachment":[{"href":"https:\/\/pcb.org.br\/portal2\/wp-json\/wp\/v2\/media?parent=21836"}],"wp:term":[{"taxonomy":"category","embeddable":true,"href":"https:\/\/pcb.org.br\/portal2\/wp-json\/wp\/v2\/categories?post=21836"},{"taxonomy":"post_tag","embeddable":true,"href":"https:\/\/pcb.org.br\/portal2\/wp-json\/wp\/v2\/tags?post=21836"}],"curies":[{"name":"wp","href":"https:\/\/api.w.org\/{rel}","templated":true}]}}