{"id":21846,"date":"2019-01-03T22:48:03","date_gmt":"2019-01-04T00:48:03","guid":{"rendered":"https:\/\/pcb.org.br\/portal2\/?p=21846"},"modified":"2019-02-07T21:20:05","modified_gmt":"2019-02-07T23:20:05","slug":"esta-no-ar-o-poder-popular-n-37","status":"publish","type":"post","link":"https:\/\/pcb.org.br\/portal2\/21846","title":{"rendered":"Est\u00e1 no ar O Poder Popular n\u00b0 37"},"content":{"rendered":"<p><img decoding=\"async\" class=\"imagem\" title=\"imagem\" src=\"https:\/\/i0.wp.com\/lh3.googleusercontent.com\/JOUE2LLSdMt8FZCFb2KnQH3lR_DnuqfnH8RiGa0661fT9JVfpZQVh8U6-ujLTtHcXaQQw5w99zzxRfPYn9-LM0dJ4UY8JbVYIKZXwnsse5dxAuzC-COcWridH4IVMnnChfPCLaFYMhzwbmT3_IyW0HO7q6PHBlmzsa_qHO85qX2hgMjvA7NZigZzkhKz7BrKIOYaNhegJfDAKns5hiitIo2mHgTIGBYIkqrHz6Z3TnL1S7n-c1e6_xaUG9OrVHBjvobwoGj3Dm_zYJClvaL24BrK0Nz9FTOEl5Pgu5WHh9rbYivYBMG_92Sj9NKwPx48_TTBZxmq6Nvoose0jxONYq6mZK6OJo9DMT7Rh3IDmH9satrIIxL9haRzGQPBnwy8LrfYHFrLok5DRQs0U9ZTr-3_bnu_xQwYXlvOIyw-GfXTbZwO6wbKXBNbaDkwyJlR_EOls_h8g469mzTCYA2P6m_k6bmnV5DzYIbujK9GylyOnRSGU4L95IvtcbaEYzQ5mqXtKTqr7QbUHVZE0YIrCMfxG1L2yEmhamiuo3ey-w3q1DM47goFJMLf98-tBkqdsNMiMOELu-8lfBhmkrp3j3syG7SQWSe6ycBHSI8osyNTZKh3IcrvNplAQWPrr1NLOAGS0MxkxhGYl9YFOq_dQRp6XQ=w617-h873-no\" alt=\"imagem\"><!--more-->Um jornal a servi\u00e7o das lutas populares e do socialismo<br \/>\nEst\u00e1 no ar O Poder Popular n\u00ba 37 (edi\u00e7\u00e3o de janeiro de 2019), com as seguintes mat\u00e9rias:<\/p>\n<p>P\u00e1gina 2 &#8211; Editorial &#8211; RESIST\u00caNCIA E LUTA PARA COMBATER OS RETROCESSOS<\/p>\n<p>P\u00e1gina 3 &#8211; Querem proibir o povo de lutar! Contra a criminaliza\u00e7\u00e3o dos movimentos sociais e do comunismo no Brasil.<\/p>\n<p>P\u00e1gina 4 &#8211; A Reforma da Previd\u00eancia de Bolsonaro: capitaliza\u00e7\u00e3o da aposentadoria para favorecer os banqueiros<\/p>\n<p>P\u00e1gina 5 &#8211; Mulher e Trabalho: Ass\u00e9dio moral e sexual<\/p>\n<p>P\u00e1ginas 6 e 7 &#8211; REVOLU\u00c7\u00c3O CUBANA: 60 ANOS DE LUTAS EM DEFESA DA DIGNIDADE DOS POVOS E DO SOCIALISMO CONTRA OS ATAQUES DO IMPERIALISMO<\/p>\n<p>P\u00e1gina 8 &#8211; M\u00e9dicos Cubanos: verdadeiros guardi\u00f5es da sa\u00fade e da vida<\/p>\n<p>P\u00e1gina 9 &#8211; Nova Constitui\u00e7\u00e3o cubana reafirma o Socialismo<\/p>\n<p>P\u00e1gina 10 &#8211; As amea\u00e7as \u00e0 educa\u00e7\u00e3o p\u00fablica no Brasil<\/p>\n<p>P\u00e1gina 11 &#8211; Itair Velozo: oper\u00e1rio comunista assassinado pela ditadura<\/p>\n<p>P\u00e1gina 12 &#8211; 50 anos do AI-5: a luta pelas liberdades democr\u00e1ticas jamais ser\u00e1 em v\u00e3o<\/p>\n<hr>\n<div align=\"center\">Leitura:<br \/>\n<a href=\"http:\/\/opp.dls.hol.es\/O_Poder_Popular_37-LEITURA.pdf\" target=\"_blank\" rel=\"noopener noreferrer\"><img loading=\"lazy\" decoding=\"async\" class=\"jetpack-lazy-image jetpack-lazy-image--handled\" src=\"https:\/\/i0.wp.com\/pcb.org.br\/portal\/images\/stories\/download1.png?resize=48%2C48\" width=\"48\" height=\"48\" data-lazy-loaded=\"1\"><\/a><\/p>\n<hr>\n<p>Impress\u00e3o:<\/p>\n<p><a href=\"http:\/\/opp.dls.hol.es\/O_Poder_Popular_37-IMPRESSAO.pdf\" target=\"_blank\" rel=\"noopener noreferrer\"><img loading=\"lazy\" decoding=\"async\" class=\"jetpack-lazy-image jetpack-lazy-image--handled\" src=\"https:\/\/i0.wp.com\/pcb.org.br\/portal\/images\/stories\/download1.png?resize=48%2C48\" width=\"48\" height=\"48\" data-lazy-loaded=\"1\"><\/a><\/p>\n<hr>\n<p>Todas as edi\u00e7\u00f5es:<\/p>\n<p><a href=\"http:\/\/opp.dls.hol.es\/\" target=\"_blank\" rel=\"noopener noreferrer\"><img loading=\"lazy\" decoding=\"async\" class=\"jetpack-lazy-image jetpack-lazy-image--handled\" src=\"https:\/\/i0.wp.com\/pcb.org.br\/portal\/images\/stories\/download1.png?resize=48%2C48\" width=\"48\" height=\"48\" data-lazy-loaded=\"1\"><\/a><\/p>\n<\/div>\n","protected":false},"excerpt":{"rendered":"<a class=\"moretag\" href=\"https:\/\/pcb.org.br\/portal2\/21846\"> <\/a>","protected":false},"author":1,"featured_media":0,"comment_status":"closed","ping_status":"closed","sticky":false,"template":"","format":"standard","meta":{"jetpack_post_was_ever_published":false,"_jetpack_newsletter_access":"","_jetpack_dont_email_post_to_subs":false,"_jetpack_newsletter_tier_id":0,"_jetpack_memberships_contains_paywalled_content":false,"_jetpack_memberships_contains_paid_content":false,"footnotes":"","jetpack_publicize_message":"","jetpack_publicize_feature_enabled":true,"jetpack_social_post_already_shared":true,"jetpack_social_options":{"image_generator_settings":{"template":"highway","default_image_id":0,"font":"","enabled":false},"version":2}},"categories":[140],"tags":[221,229],"class_list":["post-21846","post","type-post","status-publish","format-standard","hentry","category-c140-jornal-o-poder-popular","tag-2a","tag-opprecente"],"jetpack_publicize_connections":[],"jetpack_featured_media_url":"","jetpack_shortlink":"https:\/\/wp.me\/p659gw-5Gm","jetpack-related-posts":[],"jetpack_likes_enabled":true,"jetpack_sharing_enabled":true,"_links":{"self":[{"href":"https:\/\/pcb.org.br\/portal2\/wp-json\/wp\/v2\/posts\/21846","targetHints":{"allow":["GET"]}}],"collection":[{"href":"https:\/\/pcb.org.br\/portal2\/wp-json\/wp\/v2\/posts"}],"about":[{"href":"https:\/\/pcb.org.br\/portal2\/wp-json\/wp\/v2\/types\/post"}],"author":[{"embeddable":true,"href":"https:\/\/pcb.org.br\/portal2\/wp-json\/wp\/v2\/users\/1"}],"replies":[{"embeddable":true,"href":"https:\/\/pcb.org.br\/portal2\/wp-json\/wp\/v2\/comments?post=21846"}],"version-history":[{"count":0,"href":"https:\/\/pcb.org.br\/portal2\/wp-json\/wp\/v2\/posts\/21846\/revisions"}],"wp:attachment":[{"href":"https:\/\/pcb.org.br\/portal2\/wp-json\/wp\/v2\/media?parent=21846"}],"wp:term":[{"taxonomy":"category","embeddable":true,"href":"https:\/\/pcb.org.br\/portal2\/wp-json\/wp\/v2\/categories?post=21846"},{"taxonomy":"post_tag","embeddable":true,"href":"https:\/\/pcb.org.br\/portal2\/wp-json\/wp\/v2\/tags?post=21846"}],"curies":[{"name":"wp","href":"https:\/\/api.w.org\/{rel}","templated":true}]}}