{"id":21865,"date":"2019-01-07T22:15:32","date_gmt":"2019-01-08T00:15:32","guid":{"rendered":"https:\/\/pcb.org.br\/portal2\/?p=21865"},"modified":"2019-01-07T22:54:14","modified_gmt":"2019-01-08T00:54:14","slug":"mt-mais-um-trabalhador-rural-assassinado-na-luta-pela-terra","status":"publish","type":"post","link":"https:\/\/pcb.org.br\/portal2\/21865","title":{"rendered":"MT: mais um trabalhador rural assassinado na luta pela terra"},"content":{"rendered":"<p><img decoding=\"async\" class=\"imagem\" title=\"imagem\" alt=\"imagem\" src=\"https:\/\/i0.wp.com\/farm5.staticflickr.com\/4861\/45716790825_0a5742bfb5_z.jpg\"><!--more-->COMISS\u00c3O PASTORAL DA TERRA<\/p>\n<p>(CPT Mato Grosso \/ foto: Caio Mota)<\/p>\n<p>Essa \u00e9 a primeira morte registrada pela CPT em 2019 por conflitos agr\u00e1rios. O ataque deixou ainda nove feridos, sendo tr\u00eas em estado grave.<\/p>\n<p>O trabalhador rural identificado at\u00e9 o momento como Eliseu Queres, foi assassinado na madrugada do dia 5, dentro da Fazenda Agropecu\u00e1ria Bauru, conhecida como Fazenda Magali, no munic\u00edpio de Colniza, Mato Grosso. O conflito deixou outras nove pessoas feridas, tr\u00eas delas em estado grave.<\/p>\n<p>Esse \u00e9 o primeiro assassinato registrado pela CPT, em 2019, por conflitos no Campo. Uma trag\u00e9dia anunciada e denunciada pelo F\u00f3rum de Direitos Humanos e da Terra de Mato Grosso (FDHT-MT) e pela Comiss\u00e3o Pastoral da Terra (CPT) no Estado, no dia 1\u00ba de novembro de 2018. Em nota as entidades alertavam para o eminente conflito na regi\u00e3o onde 200 fam\u00edlias reivindicam o direito \u00e0 terra e viviam sob a mira de cerca de 30 pistoleiros.<\/p>\n<p>\u201cDas quase 200 fam\u00edlias que l\u00e1 est\u00e3o sob a mira dos pistoleiros na Fazenda Agropecu\u00e1ria Bauru, algumas s\u00e3o posseiras, outras compraram o direito de estar na terra, e j\u00e1 moram em seus lotes h\u00e1 algum tempo. Produzem e criam animais. S\u00e3o pessoas que apostaram no sonho de construir uma vida com o suor do trabalho. N\u00e3o podemos deixar que mais um massacre aconte\u00e7a, que mais uma viol\u00eancia aconte\u00e7a a estas pessoas que j\u00e1 nasceram vulner\u00e1veis e que, por sua condi\u00e7\u00e3o de pobreza, j\u00e1 nasceram em estado de exce\u00e7\u00e3o.\u201d Alertaram as entidades em nota.<\/p>\n<p>Leia a den\u00fancia das entidades nesse link: URGENTE: Organiza\u00e7\u00f5es sociais do Mato Grosso denunciam possibilidade de novo massacre na regi\u00e3o de Colniza<\/p>\n<p>Confira Nota P\u00fablica divulgada por entidades do MT em 05\/01\/2019:  NOTA P\u00daBLICA &#8211; Tentativa anunciada de Massacre em Colniza (MT) em \u00e1rea de terras de ex-deputado estadual Jos\u00e9 Riva e do ex-governador Silval Barbosa<\/p>\n<p>De acordo com testemunhas do conflito que ocorreu na madrugada deste s\u00e1bado, o ataque aconteceu no momento em que algumas pessoas que ocupam a \u00e1rea da fazenda pegavam \u00e1gua na beira do rio Tra\u00edra, que \u00e9 pr\u00f3ximo ao acampamento onde est\u00e3o as fam\u00edlias. A CPT e o (FDHT-MT) est\u00e3o acompanhando o caso que indica que pode agravar ainda mais os conflitos na regi\u00e3o.<\/p>\n<p>Conflitos<\/p>\n<p>Nos \u00faltimos tr\u00eas anos a viol\u00eancia no campo aumentou drasticamente no Brasil, ap\u00f3s o golpe pol\u00edtico-parlamentar-midi\u00e1tico de 2016, com o impeachment da presidenta Dilma Rousseff. A cada cinco dias uma pessoa \u00e9 assassinada por conflitos agr\u00e1rios, segundo relat\u00f3rio Conflitos no Campo, publicado pela CPT. Em 2017, o n\u00famero de assassinatos registrados foi o maior, desde 2003, com 71 trabalhadores e trabalhadoras rurais mortos.<\/p>\n<p>Colniza<\/p>\n<p>A Organiza\u00e7\u00e3o dos Estados Ibero-Americanos (OEI) divulgou um estudo, em 2004, que apontava Colniza como a cidade mais violenta do Brasil. A cidade, que fica distante 1,2 mil quil\u00f4metros de Cuiab\u00e1, chegou a registrar 165,3 mortes para cada grupo de 100 mil habitantes \u2013 o mais alto \u00edndice de homic\u00eddios do Brasil. O motivo das mortes? Conflitos gerados por quest\u00f5es agr\u00e1rias, explora\u00e7\u00e3o de madeira e min\u00e9rios.<\/p>\n<p>No dia 19 de abril de 2017, nove trabalhadores rurais foram brutalmente assassinados no Projeto de Assentamento Taquaru\u00e7u do Norte, em Colniza. Muitos foram surpreendidos enquanto trabalhavam na terra ou dentro de seus barracos. Foram mortos a tiros e por golpes de fac\u00e3o. De acordo com a per\u00edcia houve tortura. V\u00e1rios corpos estavam amarrados e dois foram degolados.<\/p>\n<p>Os assassinatos marcaram o in\u00edcio de uma s\u00e9rie de massacres no campo em 2017. Dos 71 assassinatos registrados pela CPT, em 2017, 28 ocorreram em massacres. Devido ao grande n\u00famero de assassinatos a pastoral tornou p\u00fablico os registros de massacres no campo dos \u00faltimos 32 anos. Acesse:http:\/\/cptnacional.org.br\/mnc\/<\/p>\n<p>https:\/\/www.cptnacional.org.br\/publicacoes-2\/destaque\/4583-colniza-mt-trabalhador-rural-e-assassinado-em-conflitos-por-terra<\/p>\n","protected":false},"excerpt":{"rendered":"<a class=\"moretag\" href=\"https:\/\/pcb.org.br\/portal2\/21865\"> <\/a>","protected":false},"author":1,"featured_media":0,"comment_status":"closed","ping_status":"closed","sticky":false,"template":"","format":"standard","meta":{"jetpack_post_was_ever_published":false,"_jetpack_newsletter_access":"","_jetpack_dont_email_post_to_subs":false,"_jetpack_newsletter_tier_id":0,"_jetpack_memberships_contains_paywalled_content":false,"_jetpack_memberships_contains_paid_content":false,"footnotes":"","jetpack_publicize_message":"","jetpack_publicize_feature_enabled":true,"jetpack_social_post_already_shared":true,"jetpack_social_options":{"image_generator_settings":{"template":"highway","default_image_id":0,"font":"","enabled":false},"version":2}},"categories":[118],"tags":[222],"class_list":["post-21865","post","type-post","status-publish","format-standard","hentry","category-c131-reforma-agraria","tag-2b"],"jetpack_publicize_connections":[],"jetpack_featured_media_url":"","jetpack_shortlink":"https:\/\/wp.me\/p659gw-5GF","jetpack-related-posts":[],"jetpack_likes_enabled":true,"jetpack_sharing_enabled":true,"_links":{"self":[{"href":"https:\/\/pcb.org.br\/portal2\/wp-json\/wp\/v2\/posts\/21865","targetHints":{"allow":["GET"]}}],"collection":[{"href":"https:\/\/pcb.org.br\/portal2\/wp-json\/wp\/v2\/posts"}],"about":[{"href":"https:\/\/pcb.org.br\/portal2\/wp-json\/wp\/v2\/types\/post"}],"author":[{"embeddable":true,"href":"https:\/\/pcb.org.br\/portal2\/wp-json\/wp\/v2\/users\/1"}],"replies":[{"embeddable":true,"href":"https:\/\/pcb.org.br\/portal2\/wp-json\/wp\/v2\/comments?post=21865"}],"version-history":[{"count":0,"href":"https:\/\/pcb.org.br\/portal2\/wp-json\/wp\/v2\/posts\/21865\/revisions"}],"wp:attachment":[{"href":"https:\/\/pcb.org.br\/portal2\/wp-json\/wp\/v2\/media?parent=21865"}],"wp:term":[{"taxonomy":"category","embeddable":true,"href":"https:\/\/pcb.org.br\/portal2\/wp-json\/wp\/v2\/categories?post=21865"},{"taxonomy":"post_tag","embeddable":true,"href":"https:\/\/pcb.org.br\/portal2\/wp-json\/wp\/v2\/tags?post=21865"}],"curies":[{"name":"wp","href":"https:\/\/api.w.org\/{rel}","templated":true}]}}