{"id":21875,"date":"2019-01-08T22:43:02","date_gmt":"2019-01-09T00:43:02","guid":{"rendered":"https:\/\/pcb.org.br\/portal2\/?p=21875"},"modified":"2019-01-08T22:43:07","modified_gmt":"2019-01-09T00:43:07","slug":"em-defesa-dos-direitos-indigenas-demarcacao-ja","status":"publish","type":"post","link":"https:\/\/pcb.org.br\/portal2\/21875","title":{"rendered":"Em defesa dos direitos ind\u00edgenas! demarca\u00e7\u00e3o j\u00e1!"},"content":{"rendered":"<p><img decoding=\"async\" class=\"imagem\" title=\"imagem\" alt=\"imagem\" src=\"https:\/\/i0.wp.com\/lh3.googleusercontent.com\/RpUUJbm_Bh6JUv8eFK138IznhR7azLwYwPh5kCM_4kbeRFNSkMcrhFbDDqxwQfel4TBg2GhV6eIA3XOQMwEAElSKuknD8rXGwSqoFNXszR1s1a2EwKmZ-2McaFv9F3fg3t6EPfstYKltCxD8EHotIE88eykgvcdj3tmfx1-z87YlqMcoD9V-2d7dh7qkkk-I2pqgGuqkFjFGhG7nOidtOIQfWiunlM6cjkomyLGKjm38TaBf43IkyUBRHW0VxWrtkEbaVy_s_DSkLHqWP8Fh7vb8nq267gHYrd2WH7f-Yk4hIditXmszLqinq6BezWanRk557aMcvI2SCyAStxs6ocl5ucaNk4H9ldQ2J1sybW5XViQ9U68Tgb321evHRtY3RY6dKACpBMTN4HkLS_HQGSvEWgELDEJmSAvwZPA4ciQmXWFVpah_3UemaF3SnRCwEO8dvjRlzCgh_Y8Gyo91k-TkgbdX50pfL8guP8ygs6LpLdq4BJ6S6cZ3LecmX0cW5E6V1n8weiN-EkTnrbJhoUmcd9G6W42yDnqb7wOkXYfRdXAH32K7mdURUDzu_FVSF9RbaE23uYxN4b8CdnGfKglbRBV2TcWReiJF10VK6E3W_VVteTuduIv_Tr6uika7spcCyzZBEVqpHjW22JwIHQWpaw=w613-h873-no\"><!--more-->A LUTA IND\u00cdGENA \u00c9 UMA LUTA ANTICAPITALISTA<\/p>\n<p>Rodrigo Lima &#8211; PCB de Santa Catarina<\/p>\n<p>Segundo o Censo de 2010, 896 mil pessoas se declaram ind\u00edgenas no pa\u00eds. Destes, 517 mil vivem em Terras Ind\u00edgenas, 57,7% do total da popula\u00e7\u00e3o.<\/p>\n<p>As Terras Ind\u00edgenas correspondem a cerca de 12,2% do territ\u00f3rio nacional, e consistem em um territ\u00f3rio de propriedade da Uni\u00e3o, cuja posse pelas comunidades ind\u00edgenas \u00e9 baseada em um modelo de propriedade origin\u00e1rio e coletivo, diferente do conceito de propriedade privada.<\/p>\n<p>Esses territ\u00f3rios s\u00e3o fundamentais para a preserva\u00e7\u00e3o da cultura, das tradi\u00e7\u00f5es e dos recursos ambientais necess\u00e1rios para a organiza\u00e7\u00e3o e bem-estar dos povos origin\u00e1rios.<\/p>\n<p>Segundo a Constitui\u00e7\u00e3o de 1988, as Terras Ind\u00edgenas s\u00e3o inalien\u00e1veis, indispon\u00edveis e o direito sobre elas \u00e9 imprescrit\u00edvel.<\/p>\n<p>O governo Bolsonaro quer acabar com as Terras Ind\u00edgenas, ampliando a fronteira agr\u00edcola e a explora\u00e7\u00e3o de madeira e minerais, atendendo os interesses do agroneg\u00f3cio e do setor extrativista.<\/p>\n<p>Os ataques contra os povos origin\u00e1rios ocorre em, pelo menos, duas frentes: territ\u00f3rio e cultura.<\/p>\n<p>Do ponto de vista do territ\u00f3rio o que est\u00e1 em curso \u00e9 a explora\u00e7\u00e3o dos recursos naturais existentes nas Terras Ind\u00edgenas, o que se d\u00e1 sob o uso de forte viol\u00eancia contra a popula\u00e7\u00e3o e o meio ambiente. Um processo continuo de exterm\u00ednio e viola\u00e7\u00e3o de direitos. Um genoc\u00eddio com a complac\u00eancia do Estado.<\/p>\n<p>No \u00e2mbito cultural, o que se pretende \u00e9 a acultura\u00e7\u00e3o dos povos ind\u00edgenas, sob uma falsa alega\u00e7\u00e3o de que os \u00edndios querem ser integrados, no sentido de abandonarem sua cultura e forma tradicional de vida para viverem sob os ditames da sociedade capitalista.<\/p>\n<p>\u00c9 importante ressaltar que cerca de 36% dos ind\u00edgenas j\u00e1 vivem em centros urbanos, geralmente a margem da sociedade, sem acesso aos direitos b\u00e1sicos.<\/p>\n<p>O chamado a resist\u00eancia lan\u00e7ado pela APIB n\u00e3o pode ser uma bandeira apenas dos povos origin\u00e1rios. Deve ser abra\u00e7ada por todos os setores progressistas, no campo e na cidade.<\/p>\n<p>Os operadores do capital j\u00e1 est\u00e3o agindo sob o comando do governo neofascista de Jair Bolsonaro.<\/p>\n<p>Cabe aos\/as lutadores\/as agirem somando-se ao chamado dos povos ind\u00edgenas.<\/p>\n<p>Resist\u00eancia, insurg\u00eancia e muita luta!<\/p>\n","protected":false},"excerpt":{"rendered":"<a class=\"moretag\" href=\"https:\/\/pcb.org.br\/portal2\/21875\"> <\/a>","protected":false},"author":1,"featured_media":0,"comment_status":"closed","ping_status":"closed","sticky":false,"template":"","format":"standard","meta":{"jetpack_post_was_ever_published":false,"_jetpack_newsletter_access":"","_jetpack_dont_email_post_to_subs":false,"_jetpack_newsletter_tier_id":0,"_jetpack_memberships_contains_paywalled_content":false,"_jetpack_memberships_contains_paid_content":false,"footnotes":"","jetpack_publicize_message":"","jetpack_publicize_feature_enabled":true,"jetpack_social_post_already_shared":true,"jetpack_social_options":{"image_generator_settings":{"template":"highway","default_image_id":0,"font":"","enabled":false},"version":2}},"categories":[243],"tags":[221],"class_list":["post-21875","post","type-post","status-publish","format-standard","hentry","category-fracao-indigena-do-pcb","tag-2a"],"jetpack_publicize_connections":[],"jetpack_featured_media_url":"","jetpack_shortlink":"https:\/\/wp.me\/p659gw-5GP","jetpack-related-posts":[],"jetpack_likes_enabled":true,"jetpack_sharing_enabled":true,"_links":{"self":[{"href":"https:\/\/pcb.org.br\/portal2\/wp-json\/wp\/v2\/posts\/21875","targetHints":{"allow":["GET"]}}],"collection":[{"href":"https:\/\/pcb.org.br\/portal2\/wp-json\/wp\/v2\/posts"}],"about":[{"href":"https:\/\/pcb.org.br\/portal2\/wp-json\/wp\/v2\/types\/post"}],"author":[{"embeddable":true,"href":"https:\/\/pcb.org.br\/portal2\/wp-json\/wp\/v2\/users\/1"}],"replies":[{"embeddable":true,"href":"https:\/\/pcb.org.br\/portal2\/wp-json\/wp\/v2\/comments?post=21875"}],"version-history":[{"count":0,"href":"https:\/\/pcb.org.br\/portal2\/wp-json\/wp\/v2\/posts\/21875\/revisions"}],"wp:attachment":[{"href":"https:\/\/pcb.org.br\/portal2\/wp-json\/wp\/v2\/media?parent=21875"}],"wp:term":[{"taxonomy":"category","embeddable":true,"href":"https:\/\/pcb.org.br\/portal2\/wp-json\/wp\/v2\/categories?post=21875"},{"taxonomy":"post_tag","embeddable":true,"href":"https:\/\/pcb.org.br\/portal2\/wp-json\/wp\/v2\/tags?post=21875"}],"curies":[{"name":"wp","href":"https:\/\/api.w.org\/{rel}","templated":true}]}}