{"id":21878,"date":"2019-01-09T22:07:26","date_gmt":"2019-01-10T00:07:26","guid":{"rendered":"https:\/\/pcb.org.br\/portal2\/?p=21878"},"modified":"2019-01-09T22:09:04","modified_gmt":"2019-01-10T00:09:04","slug":"milhoes-aderem-a-greve-geral-historica-na-india","status":"publish","type":"post","link":"https:\/\/pcb.org.br\/portal2\/21878","title":{"rendered":"Milh\u00f5es aderem a greve geral hist\u00f3rica na \u00cdndia"},"content":{"rendered":"<p><img decoding=\"async\" class=\"imagem\" title=\"imagem\" alt=\"imagem\" src=\"https:\/\/i0.wp.com\/www.abrilabril.pt\/sites\/default\/files\/styles\/node_aberto_vp768\/public\/assets\/img\/8981.jpg?itok=6wM0VWrc\"><!--more-->AbrilAbril<\/p>\n<p>Trabalhadores de m\u00faltiplos setores participam da greve geral de 2 dias, convocada por v\u00e1rios sindicatos, contra as pol\u00edticas de Narendra Modi. Exigem melhores sal\u00e1rios e medidas contra o desemprego.<\/p>\n<p>A greve geral agendada para os dias 09 e 10 de janeiro em toda a \u00cdndia \u00e9 o 18.\u00ba protesto de dimens\u00e3o nacional contra as pol\u00edticas econ\u00f4micas do governo liderado pelo primeiro-ministro Narendra Modi.<\/p>\n<p>Convocado por dez centrais sindicais, o protesto contou, no primeiro dia, com a participa\u00e7\u00e3o de 200 milh\u00f5es de trabalhadores de v\u00e1rios setores, segundo revelou em comunicado o Centro de Sindicatos Indianos (CITU, na sigla em ingl\u00eas).<\/p>\n<p>Funcion\u00e1rios p\u00fablicos e do setor privado, trabalhadores portu\u00e1rios, dos seguros e da banca anunciaram a sua ades\u00e3o \u00e0 greve. O mesmo fizeram algumas associa\u00e7\u00f5es de agricultores. Em declara\u00e7\u00f5es \u00e0 imprensa, Rahul Atul Kumar Anjaan, da ala camponesa do Partido Comunista da \u00cdndia (Marxista), disse que, quando outros trabalhadores protestarem contra as pol\u00edticas do governo de Modi, eles tamb\u00e9m se juntar\u00e3o \u00e0s mobiliza\u00e7\u00f5es.<\/p>\n<p>Entre as exig\u00eancias divulgadas pelas entidades sindicais que convocaram a greve, contam-se: o aumento do sal\u00e1rio m\u00ednimo nacional; a cria\u00e7\u00e3o de uma pens\u00e3o m\u00ednima de 3000 rupias por m\u00eas; seguran\u00e7a social universal para todos os trabalhadores; medidas em defesa da cria\u00e7\u00e3o de emprego e contra a destrui\u00e7\u00e3o de postos de trabalho.<\/p>\n<p>Com esta paralisa\u00e7\u00e3o nacional, os sindicatos denunciam: a privatiza\u00e7\u00e3o crescente da Educa\u00e7\u00e3o e da Sa\u00fade, bem como de setores-chave do Estado (ferrovia, avia\u00e7\u00e3o, Defesa, etc.); o desinvestimento no setor p\u00fablico; as altera\u00e7\u00f5es na legisla\u00e7\u00e3o laboral que favorecem o patronato e o surgimento da precariedade; o aumento de pre\u00e7os e a especula\u00e7\u00e3o.<\/p>\n<p>Primeiro dia com elevada ades\u00e3o<br \/>\nDe acordo com uma nota publicada pelo CITU, ligado ao PCI (M), no primeiro dos dois dias de greve geral o protesto teve uma dimens\u00e3o \u00abhist\u00f3rica\u00bb, com mais de 200 milh\u00f5es de trabalhadores a aderirem \u00e0 paralisa\u00e7\u00e3o e a participarem em manifesta\u00e7\u00f5es, concentra\u00e7\u00f5es, cortes de estrada e de vias f\u00e9rreas.<\/p>\n<p>O CITU, que destaca o grande apoio popular aos trabalhadores em greve, afirma que, nos estados do Nordeste do pa\u00eds, nos de Kerala, Assam e Odisha, e em v\u00e1rios distritos do de Karnataka, prevaleceu uma situa\u00e7\u00e3o de greve geral. Revela ainda que, nestes e noutros estados, o transporte rodovi\u00e1rio foi \u00abseveramente afetado\u00bb.<\/p>\n<p>A greve foi tamb\u00e9m bastante sentida no setor industrial, nomeadamente na cintura de D\u00e9li, nas refinarias de petr\u00f3leo de Assam, Maharashtra, e nas grandes \u00e1reas industriais de Karnataka, Punjab, Jharkhand, Gujarate e Telengana. A ades\u00e3o \u00e0 greve foi total em unidades de produ\u00e7\u00e3o de multinacionais como Bosch, Seat, Crompton, Samsonite (em Maharashtra), Volvo e Toyota (em Karnataka).<\/p>\n<p>De acordo com o CITU, a ades\u00e3o \u00e0 paralisa\u00e7\u00e3o na ind\u00fastria mineira, do ferro e do a\u00e7o oscilou entre \u00abquase total\u00bb e os 50%, enquanto nas empresas de eletricidade, nas planta\u00e7\u00f5es de ch\u00e1 (em Assam, Bengala Ocidental e Kerala) e no setor banc\u00e1rio se registrou uma ades\u00e3o \u00abmassiva\u00bb.<\/p>\n<p>A central sindical denuncia a exist\u00eancia de m\u00faltiplos casos de repress\u00e3o policial em diversos estados, afirmando que milhares de ativistas e delegados sindicais do CITU foram presos. No entanto, sublinha, a campanha levada a cabo contra a greve foi infrut\u00edfera. A prova disso \u00e9 a resposta \u00e0s pol\u00edticas neoliberais e antipopulares que os trabalhadores indianos est\u00e3o dando, por todo o pa\u00eds, nas empresas e nas ruas.<\/p>\n<p>Ilustra\u00e7\u00e3o: Trabalhadores e ativistas sindicais participam numa concentra\u00e7\u00e3o em Mumbai, no primeiro dos dois dias de greve geral convocada para toda a \u00cdndia<br \/>\nCr\u00e9ditos: defenddemocracy.press<\/p>\n<p>https:\/\/www.abrilabril.pt\/internacional\/milhoes-aderem-greve-geral-historica-na-india<\/p>\n","protected":false},"excerpt":{"rendered":"<a class=\"moretag\" href=\"https:\/\/pcb.org.br\/portal2\/21878\"> <\/a>","protected":false},"author":1,"featured_media":0,"comment_status":"closed","ping_status":"closed","sticky":false,"template":"","format":"standard","meta":{"jetpack_post_was_ever_published":false,"_jetpack_newsletter_access":"","_jetpack_dont_email_post_to_subs":false,"_jetpack_newsletter_tier_id":0,"_jetpack_memberships_contains_paywalled_content":false,"_jetpack_memberships_contains_paid_content":false,"footnotes":"","jetpack_publicize_message":"","jetpack_publicize_feature_enabled":true,"jetpack_social_post_already_shared":true,"jetpack_social_options":{"image_generator_settings":{"template":"highway","default_image_id":0,"font":"","enabled":false},"version":2}},"categories":[261],"tags":[234],"class_list":["post-21878","post","type-post","status-publish","format-standard","hentry","category-india","tag-6b"],"jetpack_publicize_connections":[],"jetpack_featured_media_url":"","jetpack_shortlink":"https:\/\/wp.me\/p659gw-5GS","jetpack-related-posts":[],"jetpack_likes_enabled":true,"jetpack_sharing_enabled":true,"_links":{"self":[{"href":"https:\/\/pcb.org.br\/portal2\/wp-json\/wp\/v2\/posts\/21878","targetHints":{"allow":["GET"]}}],"collection":[{"href":"https:\/\/pcb.org.br\/portal2\/wp-json\/wp\/v2\/posts"}],"about":[{"href":"https:\/\/pcb.org.br\/portal2\/wp-json\/wp\/v2\/types\/post"}],"author":[{"embeddable":true,"href":"https:\/\/pcb.org.br\/portal2\/wp-json\/wp\/v2\/users\/1"}],"replies":[{"embeddable":true,"href":"https:\/\/pcb.org.br\/portal2\/wp-json\/wp\/v2\/comments?post=21878"}],"version-history":[{"count":0,"href":"https:\/\/pcb.org.br\/portal2\/wp-json\/wp\/v2\/posts\/21878\/revisions"}],"wp:attachment":[{"href":"https:\/\/pcb.org.br\/portal2\/wp-json\/wp\/v2\/media?parent=21878"}],"wp:term":[{"taxonomy":"category","embeddable":true,"href":"https:\/\/pcb.org.br\/portal2\/wp-json\/wp\/v2\/categories?post=21878"},{"taxonomy":"post_tag","embeddable":true,"href":"https:\/\/pcb.org.br\/portal2\/wp-json\/wp\/v2\/tags?post=21878"}],"curies":[{"name":"wp","href":"https:\/\/api.w.org\/{rel}","templated":true}]}}