{"id":21884,"date":"2019-01-09T22:16:33","date_gmt":"2019-01-10T00:16:33","guid":{"rendered":"https:\/\/pcb.org.br\/portal2\/?p=21884"},"modified":"2019-01-09T22:16:39","modified_gmt":"2019-01-10T00:16:39","slug":"interprete-genuino-e-criativo-das-ideias-de-fidel","status":"publish","type":"post","link":"https:\/\/pcb.org.br\/portal2\/21884","title":{"rendered":"Int\u00e9rprete genu\u00edno e criativo das ideias de Fidel"},"content":{"rendered":"<p><img decoding=\"async\" class=\"imagem\" title=\"imagem\" alt=\"imagem\" src=\"https:\/\/i0.wp.com\/pt.granma.cu\/file\/img\/2019\/01\/medium\/f0015939.jpg\"><!--more-->Faleceu o Galego Fern\u00e1ndez<\/p>\n<p>Na madrugada do \u00faltimo domingo, 6 de janeiro, morreu aos 95 anos o Her\u00f3i da Rep\u00fablica de Cuba, general-de-divis\u00e3o da reserva Jos\u00e9 Ram\u00f3n Fern\u00e1ndez \u00c1lvarez.<\/p>\n<p>O Galego Fern\u00e1ndez, como ele era conhecido pelo nosso povo, nasceu em 4 de novembro de 1923 em Santiago de Cuba. Desde tenra idade, participou da luta revolucion\u00e1ria contra a tirania de Batista em movimentos conspirat\u00f3rios com diferentes grupos militares e pol\u00edticos, raz\u00e3o pela qual esteve preso por quase tr\u00eas anos na Ilha de Pinos.<\/p>\n<p>No triunfo da Revolu\u00e7\u00e3o ele se juntou \u00e0s For\u00e7as Armadas Revolucion\u00e1rias, participou da luta contra os bandidos, bem como na dire\u00e7\u00e3o das batalhas em Playa Gir\u00f3n, sob as ordens do Comandante-em-chefe da Revolu\u00e7\u00e3o Cubana, Fidel Castro Ruz.<\/p>\n<p>No Minist\u00e9rio das For\u00e7as Armadas Revolucion\u00e1rias ocupou diferentes responsabilidades, incluindo o de diretor da Escola de Cadetes do Ex\u00e9rcito Rebelde, a Escola de Oficiais das Mil\u00edcias de Matanzas e as Escolas do Batalh\u00e3o de Mil\u00edcias da prov\u00edncia de Havana; chefe da Dire\u00e7\u00e3o de Prepara\u00e7\u00e3o Combativa e vice-ministro da FAR.<\/p>\n<p>Tamb\u00e9m atuou como vice-ministro e ministro da Educa\u00e7\u00e3o, vice-presidente do Conselho de Ministros e assessor do Presidente dos Conselhos de Estado e Ministros. De 1997 a outubro de 2018, presidiu o Comit\u00ea Ol\u00edmpico de Cuba, ano em que foi eleito presidente honor\u00e1rio da vida.<\/p>\n<p>Manteve o status de fundador do Partido Comunista de Cuba, juntou-se ao seu Comit\u00ea Central desde o 1\u00ba Congresso, em 1975, e foi membro suplente do Bureau Pol\u00edtico, de 1980 a 1991.<\/p>\n<p>Deputado da Assembleia Nacional do Poder Popular desde sua constitui\u00e7\u00e3o, em 1976 e membro do Conselho de Estado, entre os anos de 1981 e 1993.<\/p>\n<p>Licenciado em Ci\u00eancias Sociais e professor de M\u00e9rito na Universidade Pedag\u00f3gica Enrique Jos\u00e9 Varona. Foi agraciado com o doutorado Honoris Causa em Educa\u00e7\u00e3o pela Universidade de Havana; em Ci\u00eancias Militares pela Academia FAR General M\u00e1ximo G\u00f3mez e em Cultura F\u00edsica e Ci\u00eancias do Esporte da Universidade de Ci\u00eancias da Cultura F\u00edsica, bem como o Doutorado em Ci\u00eancias Hist\u00f3ricas pela Universidade de Oriente.<\/p>\n<p>Por seus m\u00e9ritos recebeu in\u00fameras ordens, medalhas e condecora\u00e7\u00f5es. Em 2001 foi agraciado com o t\u00edtulo honor\u00e1rio de Her\u00f3i da Rep\u00fablica de Cuba.<\/p>\n<p>Suas cinzas foram expostas no Pante\u00e3o dos Veteranos da Necr\u00f3pole de Colombo, onde permanecer\u00e3o at\u00e9 serem transferidas para o Mausol\u00e9u do 2\u00ba Front Oriental Fran Pa\u00eds.<\/p>\n<p>O presidente dos Conselhos de Estado e Ministros de Cuba, Miguel D\u00edaz-Canel Berm\u00fadez, disse no Twitter: \u00abHonra para sempre ao nosso Jos\u00e9 Ram\u00f3n Fern\u00e1ndez, um soldado disciplinado e exemplar da Revolu\u00e7\u00e3o, um int\u00e9rprete genu\u00edno e criativo das ideias de Fidel em Educa\u00e7\u00e3o e Esportes, mem\u00f3ria privilegiada e a\u00e7\u00e3o comprometida at\u00e9 o \u00faltimo suspiro\u00bb.<\/p>\n<p>D\u00edaz-Canel tamb\u00e9m expressou que \u00abum dos Puros nos deixou, dos militares de carreira que preferiram a cadeia ao inv\u00e9s de servir a um tirano, o her\u00f3i de Gir\u00f3n e o mestre de mestres, ministro que revolucionou a educa\u00e7\u00e3o cubana. At\u00e9 sempre, Jos\u00e9 Ram\u00f3n Fern\u00e1ndez\u00bb.<\/p>\n<p>Na mesma plataforma, l\u00ea-se a mensagem de Evo Morales, presidente da Bol\u00edvia: \u00abLamentamos profundamente a morte do her\u00f3i da Revolu\u00e7\u00e3o Cubana, autor da derrota dos EUA na Ba\u00eda dos Porcos, fundador do Partido Comunista, vice-conselheiro presidencial, Jos\u00e9 Ram\u00f3n Gallego Fern\u00e1ndez. Sua vida \u00e9 um exemplo de uma luta total contra o imperialismo\u00bb, disse Evo.<\/p>\n<p>Da Nicar\u00e1gua, seu colega Daniel Ortega e sua colega Rosario Murillo expressaram, em um texto vis\u00edvel no twitter, que \u00abcom a inspira\u00e7\u00e3o e o exemplo de colegas como ele, continuamos a defender a justi\u00e7a, a dignidade e o direito \u00e0 prosperidade de nossos povos\u00bb.<\/p>\n<p>A Esquerda Unida das Ast\u00farias pronunciou-se ante a lament\u00e1vel perda, declarando que era um \u00abhomem \u00fanico que condensa em sua a\u00e7\u00e3o boa parte da hist\u00f3ria e o legado da Revolu\u00e7\u00e3o. Asturiano por sangue, sua humanidade alimentou a semente da amizade que floresceu nas rela\u00e7\u00f5es daqueles povos que tiveram a sorte e a honra de compartilhar momentos, debates e sonhos com ele\u00bb.<\/p>\n<p>Fernandez foi um guia para os esportes cubanos e um dos que levou a uma boa parte dos resultados mais marcantes do pa\u00eds nessa \u00e1rea. A este respeito, o presidente da Inder, Antonio Becali Garrido, disse: \u00abInterpretou com clareza o pensamento do Comandante-em-chefe Fidel Castro sobre o desenvolvimento do esporte. Ele foi um exemplo de humildade, tenacidade e dedica\u00e7\u00e3o at\u00e9 os \u00faltimos momentos de sua exist\u00eancia. Ele continuar\u00e1 sendo um guia para todos\u00bb.<\/p>\n<p>As escolas de qualquer educa\u00e7\u00e3o e as universidades t\u00eam o tra\u00e7o de seu exemplo, de sua dedica\u00e7\u00e3o \u00e0 profiss\u00e3o docente; Ele era um soldado de carreira, sim, mas atrav\u00e9s de suas veias e seu cora\u00e7\u00e3o corria e batia no mestre. \u00c9 por isso que as novas gera\u00e7\u00f5es preencheram v\u00e1rios espa\u00e7os de redes sociais com o reconhecimento de tal exemplo. No Twitter, Facebook e outras redes, a Federa\u00e7\u00e3o Estudantil Universit\u00e1ria, a dos Estudantes de N\u00edvel Secund\u00e1rio, as universidades, os atletas e seus colegas, os substitutos nas grandes responsabilidades do Estado e do Governo, deixaram o testemunho de sua aprecia\u00e7\u00e3o.<\/p>\n<p>GRANMA &#8211; \u00d3RG\u00c3O OFICIAL DO COMIT\u00ca CENTRAL DO PARTIDO COMUNISTA DE CUBA<\/p>\n<p>Photo: Arquivo de Granma<\/p>\n<p>http:\/\/pt.granma.cu\/cuba\/2019-01-07\/faleceu-o-galego-fernandez<\/p>\n","protected":false},"excerpt":{"rendered":"<a class=\"moretag\" href=\"https:\/\/pcb.org.br\/portal2\/21884\"> <\/a>","protected":false},"author":1,"featured_media":0,"comment_status":"closed","ping_status":"closed","sticky":false,"template":"","format":"standard","meta":{"jetpack_post_was_ever_published":false,"_jetpack_newsletter_access":"","_jetpack_dont_email_post_to_subs":false,"_jetpack_newsletter_tier_id":0,"_jetpack_memberships_contains_paywalled_content":false,"_jetpack_memberships_contains_paid_content":false,"footnotes":"","jetpack_publicize_message":"","jetpack_publicize_feature_enabled":true,"jetpack_social_post_already_shared":true,"jetpack_social_options":{"image_generator_settings":{"template":"highway","default_image_id":0,"font":"","enabled":false},"version":2}},"categories":[47],"tags":[227],"class_list":["post-21884","post","type-post","status-publish","format-standard","hentry","category-c57-revolucao-cubana","tag-5a"],"jetpack_publicize_connections":[],"jetpack_featured_media_url":"","jetpack_shortlink":"https:\/\/wp.me\/p659gw-5GY","jetpack-related-posts":[],"jetpack_likes_enabled":true,"jetpack_sharing_enabled":true,"_links":{"self":[{"href":"https:\/\/pcb.org.br\/portal2\/wp-json\/wp\/v2\/posts\/21884","targetHints":{"allow":["GET"]}}],"collection":[{"href":"https:\/\/pcb.org.br\/portal2\/wp-json\/wp\/v2\/posts"}],"about":[{"href":"https:\/\/pcb.org.br\/portal2\/wp-json\/wp\/v2\/types\/post"}],"author":[{"embeddable":true,"href":"https:\/\/pcb.org.br\/portal2\/wp-json\/wp\/v2\/users\/1"}],"replies":[{"embeddable":true,"href":"https:\/\/pcb.org.br\/portal2\/wp-json\/wp\/v2\/comments?post=21884"}],"version-history":[{"count":0,"href":"https:\/\/pcb.org.br\/portal2\/wp-json\/wp\/v2\/posts\/21884\/revisions"}],"wp:attachment":[{"href":"https:\/\/pcb.org.br\/portal2\/wp-json\/wp\/v2\/media?parent=21884"}],"wp:term":[{"taxonomy":"category","embeddable":true,"href":"https:\/\/pcb.org.br\/portal2\/wp-json\/wp\/v2\/categories?post=21884"},{"taxonomy":"post_tag","embeddable":true,"href":"https:\/\/pcb.org.br\/portal2\/wp-json\/wp\/v2\/tags?post=21884"}],"curies":[{"name":"wp","href":"https:\/\/api.w.org\/{rel}","templated":true}]}}