{"id":21933,"date":"2019-01-14T22:31:23","date_gmt":"2019-01-15T00:31:23","guid":{"rendered":"https:\/\/pcb.org.br\/portal2\/?p=21933"},"modified":"2019-01-14T22:31:28","modified_gmt":"2019-01-15T00:31:28","slug":"transporte-nao-e-mercadoria-nao-ao-aumento-da-tarifa","status":"publish","type":"post","link":"https:\/\/pcb.org.br\/portal2\/21933","title":{"rendered":"Transporte n\u00e3o \u00e9 mercadoria! N\u00e3o ao aumento da tarifa!"},"content":{"rendered":"\n<p><img decoding=\"async\" class=\"imagem\" title=\"imagem\" alt=\"imagem\" src=\"https:\/\/i0.wp.com\/lh3.googleusercontent.com\/8px_Gtbp_2uDtMCw6eVAoMV3w5k5ps0d22kQhFVjxkD3IwdRTa76s0NFJrSC-Yq8VqplnXyq3aHuBPZ9LqVU4OGMHqt897vazM03kkbSbDN5uhKy6YSGiPAqBzq8aLZ14o7cFmkKjgKAYbhd_cpgK0jI7zBu8I9qBln54ilyT-Cz_D-AVgkr0Iiabl1eCpuxDiOUjm5YjFSlfcKEvDIWyEf4DjFyLqNXVzm24uHHgkc6e7Uh9XKNp1QNRU3Z93VvYTM68Vs8_Dk3MRr8IHovKZKx0YGODsmFTziCfhCmgMaNdXijN1CSpBkM75V8myVh43Yapk_3Mens2QwMfWHkcPNghKAQbGcZkRZiz2DAZMtmJfaROzV8mevuCy_x4uTvLLiYyRgYCDflG-uKHeLa1jjTFZL-BJPEOMDZAGolLDGvpfcKfy6vTa_qQApV9QZInk0nIwkc88_MbBRaQx99NH5iAfv68YZ5yIrqL0A6E31hTKlXUeLQHpUqoFNJCPajlBz7fxNGHxbMskE8bAJyW01KkkLqiEJ1AfE9XtWKQl9pOhy4HvPiknO-aRzZCtdB4JGHWWqBal-7RoNIQSiYsvQGVCGUz9KckOZjHooWMCDK7PmWBeKw_tJ2iQ8GJdAnZEahQ_GVqgkzkjMfN_VDJ_4bSw=w433-h363-no\"><!--more-->\nUJC de S\u00e3o Paulo<\/p>\n\n\n\n<p>Mais uma vez os usu\u00e1rios do transporte p\u00fablico de S\u00e3o Paulo e regi\u00e3o metropolitana sofrem ataques do governo e das companhias de transporte. A tarifa dos \u00f4nibus, metr\u00f4 e trem se tornaram mais abusivas do que j\u00e1 eram. Sabemos muito bem que esses aumentos n\u00e3o s\u00e3o para equilibrar as contas p\u00fablicas, lidar com rombos ou consequ\u00eancias da infla\u00e7\u00e3o. Os aumentos das tarifas t\u00eam apenas um objetivo: garantir mais lucro \u00e0s companhias de transporte.<\/p>\n\n\n\n<p>A fun\u00e7\u00e3o de uma empresa privada \u00e9 obter lucro. Grande parte da frota do transporte p\u00fablico de S\u00e3o Paulo e regi\u00e3o metropolitana s\u00e3o de empresas privadas, ou seja, o lucro gerado pelos v\u00e1rios R$4,30 acumulados, que \u00e9 pago diariamente por diversos trabalhadores e estudantes, v\u00e3o para o bolso dessas empresas. E o transporte segue caro, com baixa qualidade, lotado.<\/p>\n\n\n\n<p>Eles tentam nos enganar colocando os aumentos das tarifas como se fosse algo necess\u00e1rio e inevit\u00e1vel, ou como se o aumento da arrecada\u00e7\u00e3o pelo transporte p\u00fablico fosse ajudar a melhorar a qualidade do servi\u00e7o prestado. Mas sabemos que o necess\u00e1rio para o transporte p\u00fablico \u00e9 que ele n\u00e3o seja tratado como uma mercadoria, que o transporte p\u00fablico n\u00e3o seja um meio para empres\u00e1rios sujos garantirem os seus lucros.<\/p>\n\n\n\n<p>N\u00f3s, comunistas, compreendemos que o transporte p\u00fablico deve ser totalmente estatal, gratuito e de qualidade, controlado por um governo da classe trabalhadora, que compreenda a import\u00e2ncia da mobilidade urbana e do acesso \u00e0 cidade, e que n\u00e3o trate um servi\u00e7o essencial para o deslocamento de cidad\u00e3os como algo a ser explorado economicamente.<\/p>\n\n\n\n<p>Somos solid\u00e1rios e lutamos juntos com os movimentos que reivindicam a diminui\u00e7\u00e3o da tarifa j\u00e1!<\/p>\n\n\n\n<p><\/p>\n","protected":false},"excerpt":{"rendered":"<a class=\"moretag\" href=\"https:\/\/pcb.org.br\/portal2\/21933\"> <\/a>","protected":false},"author":1,"featured_media":0,"comment_status":"closed","ping_status":"closed","sticky":false,"template":"","format":"standard","meta":{"jetpack_post_was_ever_published":false,"_jetpack_newsletter_access":"","_jetpack_dont_email_post_to_subs":false,"_jetpack_newsletter_tier_id":0,"_jetpack_memberships_contains_paywalled_content":false,"_jetpack_memberships_contains_paid_content":false,"footnotes":"","jetpack_publicize_message":"","jetpack_publicize_feature_enabled":true,"jetpack_social_post_already_shared":true,"jetpack_social_options":{"image_generator_settings":{"template":"highway","default_image_id":0,"font":"","enabled":false},"version":2}},"categories":[27],"tags":[224],"class_list":["post-21933","post","type-post","status-publish","format-standard","hentry","category-c27-ujc","tag-3b"],"jetpack_publicize_connections":[],"jetpack_featured_media_url":"","jetpack_shortlink":"https:\/\/wp.me\/p659gw-5HL","jetpack-related-posts":[],"jetpack_likes_enabled":true,"jetpack_sharing_enabled":true,"_links":{"self":[{"href":"https:\/\/pcb.org.br\/portal2\/wp-json\/wp\/v2\/posts\/21933","targetHints":{"allow":["GET"]}}],"collection":[{"href":"https:\/\/pcb.org.br\/portal2\/wp-json\/wp\/v2\/posts"}],"about":[{"href":"https:\/\/pcb.org.br\/portal2\/wp-json\/wp\/v2\/types\/post"}],"author":[{"embeddable":true,"href":"https:\/\/pcb.org.br\/portal2\/wp-json\/wp\/v2\/users\/1"}],"replies":[{"embeddable":true,"href":"https:\/\/pcb.org.br\/portal2\/wp-json\/wp\/v2\/comments?post=21933"}],"version-history":[{"count":0,"href":"https:\/\/pcb.org.br\/portal2\/wp-json\/wp\/v2\/posts\/21933\/revisions"}],"wp:attachment":[{"href":"https:\/\/pcb.org.br\/portal2\/wp-json\/wp\/v2\/media?parent=21933"}],"wp:term":[{"taxonomy":"category","embeddable":true,"href":"https:\/\/pcb.org.br\/portal2\/wp-json\/wp\/v2\/categories?post=21933"},{"taxonomy":"post_tag","embeddable":true,"href":"https:\/\/pcb.org.br\/portal2\/wp-json\/wp\/v2\/tags?post=21933"}],"curies":[{"name":"wp","href":"https:\/\/api.w.org\/{rel}","templated":true}]}}