{"id":2195,"date":"2011-12-23T21:41:07","date_gmt":"2011-12-23T21:41:07","guid":{"rendered":"http:\/\/pcb.org.br\/portal2\/?p=2195"},"modified":"2011-12-23T21:41:07","modified_gmt":"2011-12-23T21:41:07","slug":"pcb-entrega-medalha-dinarco-reis-em-memoria-a-carlos-marighella","status":"publish","type":"post","link":"https:\/\/pcb.org.br\/portal2\/2195","title":{"rendered":"PCB ENTREGA MEDALHA DINARCO REIS, EM MEM\u00d3RIA, A CARLOS MARIGHELLA"},"content":{"rendered":"\n<p>Em expressivo ato p\u00fablico ocorrido na semana passada, na Associa\u00e7\u00e3o Brasileira de Imprensa (ABI), Rio de Janeiro, convocado por v\u00e1rias entidades, o secret\u00e1rio-geral do PCB, Ivan Pinheiro, prestou homenagem a dois grandes militantes comunistas: Dinarco Reis e Carlos Marighella.<\/p>\n<p>O evento se deu em comemora\u00e7\u00e3o do centen\u00e1rio de Carlos Marighella e tinha como chamada uma frase emblem\u00e1tica deste grande militante comunista: N\u00c3O TIVE TEMPO DE TER MEDO. Em nome das entidades que compunham a mesa, presidida por consenso por Luiz Rodolfo Viveiros de Castro (Gaiola), usaram da palavra Mauricio Azedo (Presidente da ABI), Wadih Damous (Presidente da OAB-RJ), Cec\u00edlia Coimbra (Tortura Nunca Mais), Amanda (Dire\u00e7\u00e3o Nacional do MST) e ex-militantes da ALN. Os deputados estaduais Paulo Ramos e Geraldo Moreira anunciaram a concess\u00e3o da Medalha Tiradentes a Marighella, por parte da Assembl\u00e9ia Legislativa do RJ.<\/p>\n<p>Ivan Pinheiro explicou aos presentes que a Medalha Dinarco Reis \u00e9 concedida anualmente pelo PCB a camaradas que orgulham a hist\u00f3ria do PCB, mesmo que tenham sa\u00eddo do Partido por diverg\u00eancias, desde que mantendo a ideologia comunista e o respeito pelo Partido. Dinarco Reis, o \u201cTenente Vermelho\u201d, foi dirigente do PCB durante d\u00e9cadas; \u00e9 her\u00f3i da Revolta Comunista de 1935 e volunt\u00e1rio da Guerra Civil Espanhola e da Resist\u00eancia Francesa.<\/p>\n<p>O dirigente do PCB deixou claro tamb\u00e9m que n\u00e3o se tratava ali de o Partido querer se apropriar da mem\u00f3ria de Marighella, que pertence aos revolucion\u00e1rios e ao povo brasileiros, e tampouco de debater dissid\u00eancias do PCB ap\u00f3s o golpe militar, que eram mais sobre formas de luta do que de conte\u00fado estrat\u00e9gico.<\/p>\n<p>Uma delas, criada por Marighella, chamou-se A\u00e7\u00e3o Libertadora Nacional. Como o PCB, a ALN defendia a id\u00e9ia, que j\u00e1 vinha sendo criticada por Caio Prado Jr. e outros comunistas, de uma etapa nacional, democr\u00e1tica e libertadora, antes da etapa socialista da revolu\u00e7\u00e3o brasileira.<\/p>\n<p>Ao fim de seu discurso, Ivan Pinheiro convidou Dinarco Reis Filho, presidente da Funda\u00e7\u00e3o que leva o nome de seu pai, a entregar a Medalha Dinarco Reis a Carlinhos Marighella, filho de Carlos Marighella, que fez um emocionante pronunciamento, valorizando seu pai como o militante corajoso e abnegado, solid\u00e1rio e cordial, que conjugou v\u00e1rias formas de luta, sempre conseq\u00fcente com suas opini\u00f5es.<\/p>\n<p>Como se tratava de um ato amplo e unit\u00e1rio de homenagem a um dos grandes her\u00f3is das lutas do povo brasileiro, todos esses oradores respeitaram as duas organiza\u00e7\u00f5es pelas quais passou Marighella (PCB e ALN) e principalmente a pluralidade das entidades e das in\u00fameras personalidades presentes, unidas no ato pela quest\u00e3o democr\u00e1tica e pela necessidade de se apurar a verdade dos crimes da ditadura. Al\u00e9m dos deputados estaduais citados, prestigiaram o evento os deputados federais Alexandro Molon e Chico Alencar.<\/p>\n<p>Todos ressaltaram o ser humano cordial e solid\u00e1rio, que colocou sua vida inteira a servi\u00e7o da luta por uma sociedade justa e solid\u00e1ria, sem opressores.<\/p>\n<p>Este ambiente de emo\u00e7\u00e3o e unidade n\u00e3o foi comprometido por destoantes manifesta\u00e7\u00f5es de auto-afirma\u00e7\u00e3o revolucion\u00e1ria de natureza messi\u00e2nica. As lutas contra a ditadura do capital e pelo socialismo continuam vigentes e cada vez mais necess\u00e1rias. \u00a0\u00a0O PCB homenageia Marighella como um dos grandes lutadores brasileiros, pensando no presente e no futuro das lutas revolucion\u00e1rias. Se ainda estivesse entre n\u00f3s, estaria \u00e0 frente dessas lutas e n\u00e3o olhando para o passado.<\/p>\n<p>Duas presen\u00e7as emocionaram os participantes: Zilda Xavier Pereira, que atuou com Marighella no PCB e na ALN, m\u00e3e de dois jovens assassinados pela ditadura (Alex e Iuri), e Eliseu, um velho comunista ligado ao PCB (ex-vereador pelo Partido no RJ nos anos 40 e dirigente sindical), que resolveu comemorar no ato p\u00fablico o seu anivers\u00e1rio de 100 anos de idade, cumprido naquele dia.<\/p>\n","protected":false},"excerpt":{"rendered":"\n\n\nCr\u00e9dito: PCB\n\n\n\n\n\n\n\n\nRio de Janeiro\n<a class=\"moretag\" href=\"https:\/\/pcb.org.br\/portal2\/2195\"> <\/a>","protected":false},"author":1,"featured_media":0,"comment_status":"open","ping_status":"open","sticky":false,"template":"","format":"standard","meta":{"jetpack_post_was_ever_published":false,"_jetpack_newsletter_access":"","_jetpack_dont_email_post_to_subs":false,"_jetpack_newsletter_tier_id":0,"_jetpack_memberships_contains_paywalled_content":false,"_jetpack_memberships_contains_paid_content":false,"footnotes":"","jetpack_publicize_message":"","jetpack_publicize_feature_enabled":true,"jetpack_social_post_already_shared":false,"jetpack_social_options":{"image_generator_settings":{"template":"highway","default_image_id":0,"font":"","enabled":false},"version":2}},"categories":[46],"tags":[],"class_list":["post-2195","post","type-post","status-publish","format-standard","hentry","category-c56-memoria"],"jetpack_publicize_connections":[],"jetpack_featured_media_url":"","jetpack_shortlink":"https:\/\/wp.me\/p659gw-zp","jetpack-related-posts":[],"jetpack_likes_enabled":true,"jetpack_sharing_enabled":true,"_links":{"self":[{"href":"https:\/\/pcb.org.br\/portal2\/wp-json\/wp\/v2\/posts\/2195","targetHints":{"allow":["GET"]}}],"collection":[{"href":"https:\/\/pcb.org.br\/portal2\/wp-json\/wp\/v2\/posts"}],"about":[{"href":"https:\/\/pcb.org.br\/portal2\/wp-json\/wp\/v2\/types\/post"}],"author":[{"embeddable":true,"href":"https:\/\/pcb.org.br\/portal2\/wp-json\/wp\/v2\/users\/1"}],"replies":[{"embeddable":true,"href":"https:\/\/pcb.org.br\/portal2\/wp-json\/wp\/v2\/comments?post=2195"}],"version-history":[{"count":0,"href":"https:\/\/pcb.org.br\/portal2\/wp-json\/wp\/v2\/posts\/2195\/revisions"}],"wp:attachment":[{"href":"https:\/\/pcb.org.br\/portal2\/wp-json\/wp\/v2\/media?parent=2195"}],"wp:term":[{"taxonomy":"category","embeddable":true,"href":"https:\/\/pcb.org.br\/portal2\/wp-json\/wp\/v2\/categories?post=2195"},{"taxonomy":"post_tag","embeddable":true,"href":"https:\/\/pcb.org.br\/portal2\/wp-json\/wp\/v2\/tags?post=2195"}],"curies":[{"name":"wp","href":"https:\/\/api.w.org\/{rel}","templated":true}]}}