{"id":21951,"date":"2019-01-15T23:29:37","date_gmt":"2019-01-16T01:29:37","guid":{"rendered":"https:\/\/pcb.org.br\/portal2\/?p=21951"},"modified":"2019-01-15T23:29:42","modified_gmt":"2019-01-16T01:29:42","slug":"pobreza-extrema-aumenta-na-america-latina","status":"publish","type":"post","link":"https:\/\/pcb.org.br\/portal2\/21951","title":{"rendered":"Pobreza extrema aumenta na Am\u00e9rica Latina"},"content":{"rendered":"\n<p><img decoding=\"async\" class=\"imagem\" title=\"imagem\" alt=\"imagem\" src=\"https:\/\/i0.wp.com\/www.prensalatina.com.br\/images\/2018\/abril\/27\/pobreza-rural.jpg\"><!--more-->Santiago do Chile (Prensa Latina)<\/p>\n\n\n\n<p>Um total de 62 milh\u00f5es de latino-americanos vivia em extrema pobreza em 2017, o que representa 10,2 por cento da popula\u00e7\u00e3o, informou a CEPAL ao apresentar em Santiago do Chile o Relat\u00f3rio Social da Am\u00e9rica Latina 2018.<\/p>\n\n\n\n<p>De acordo com esse documento, divulgado por Alicia B\u00e1rcena, diretora geral da Comiss\u00e3o Econ\u00f4mica para a Am\u00e9rica Latina e o Caribe (CEPAL), esse \u00edndice \u00e9 o maior desde 2008, enquanto a taxa geral de pobreza permaneceu est\u00e1vel naquele ano na regi\u00e3o. Dezoito pa\u00edses da \u00e1rea foram tomados como fontes, em compara\u00e7\u00e3o com 2016.<\/p>\n\n\n\n<p>184 milh\u00f5es de pessoas viviam nessa situa\u00e7\u00e3o, representando 30,2% da popula\u00e7\u00e3o da Am\u00e9rica Latina e do Caribe. Embora as proje\u00e7\u00f5es da CEPAL indicassem para 2018 dois milh\u00f5es a menos de indiv\u00edduos nessas condi\u00e7\u00f5es, a quantidade daqueles que estariam em extrema mis\u00e9ria aumentaram em um milh\u00e3o.<\/p>\n\n\n\n<p>Ao analisar as estat\u00edsticas, B\u00e1rcena afirmou que a regi\u00e3o obteve conquistas entre a d\u00e9cada passada e a metade da atual, mas a partir de 2015 h\u00e1 um rev\u00e9s, principalmente entre aqueles que vivem na maior mis\u00e9ria.<\/p>\n\n\n\n<p>Sobre esse assunto, ela considerou que os governos deveriam promover pol\u00edticas p\u00fablicas complementares de prote\u00e7\u00e3o social e inclus\u00e3o nas regras trabalhistas, com redistribui\u00e7\u00e3o da renda para salvar essa situa\u00e7\u00e3o, no contraponto das pol\u00edticas adotadas hoje na maior parte dos pa\u00edses.<\/p>\n\n\n\n<p>O relat\u00f3rio tamb\u00e9m revela profundas diferen\u00e7as na pobreza entre setores sociais, j\u00e1 que nas \u00e1reas rurais a desigualdade \u00e9 20% mais alta que nas cidades, sendo que crian\u00e7as e jovens, mulheres e especialmente popula\u00e7\u00f5es ind\u00edgenas s\u00e3o os mais afetados por esse flagelo.<\/p>\n\n\n\n<p>Dos pa\u00edses estudados no relat\u00f3rio, aqueles que mais reduziram a pobreza foram o Chile, El Salvador e a Rep\u00fablica Dominicana, com base no aumento da renda do trabalho nos domic\u00edlios, enquanto a Costa Rica, o Panam\u00e1 e o Uruguai conseguiram isso aumentando a assist\u00eancia social \u00e0s fam\u00edlias de baixa renda, disse B\u00e1rcena.<\/p>\n\n\n\n<p>O documento da CEPAL ressalta que, para avan\u00e7ar na dire\u00e7\u00e3o de n\u00edveis crescentes de participa\u00e7\u00e3o nos benef\u00edcios do desenvolvimento e no exerc\u00edcio dos direitos, \u00e9 necess\u00e1rio progredir simultaneamente em rela\u00e7\u00e3o \u00e0 inclus\u00e3o social e do trabalho da popula\u00e7\u00e3o por meio de pol\u00edticas ativas, o que se conhece como uma dupla inclus\u00e3o.<\/p>\n\n\n\n<p>No entanto, cerca de 40% da popula\u00e7\u00e3o ocupada na Am\u00e9rica Latina recebe renda abaixo do sal\u00e1rio m\u00ednimo estabelecido por seu pa\u00eds, e essa propor\u00e7\u00e3o \u00e9 muito maior entre as mulheres (48,7%) e entre os jovens de 15 a 24 anos (55,9).<\/p>\n\n\n\n<p>B\u00e1rcena advertiu que essa dupla inclus\u00e3o melhorou entre 2002 e 2016, embora nessa condi\u00e7\u00e3o apenas 23,5% das fam\u00edlias sejam encontradas, enquanto 45% s\u00e3o &#8216;duplamente exclu\u00eddas&#8217;, porque t\u00eam renda abaixo do \u00edndice de pobreza e n\u00e3o recebem benef\u00edcios sociais que aliviem esta situa\u00e7\u00e3o.<\/p>\n\n\n\n<p>O relat\u00f3rio conclui que \u00e9 necess\u00e1rio aplicar simultaneamente pol\u00edticas trabalhistas e de inclus\u00e3o social com sistemas de prote\u00e7\u00e3o para erradicar a pobreza e reduzir as desigualdades, com uma abordagem de igualdade que leve em conta os setores menos favorecidos, como os jovens, as mulheres, ind\u00edgenas e pessoas com defici\u00eancia.<\/p>\n\n\n\n<p>rgh\/rc\/jcfl<\/p>\n\n\n\n<figure class=\"wp-block-embed\"><div class=\"wp-block-embed__wrapper\">\nhttps:\/\/www.prensalatina.com.br\/index.php?o=rn&#038;id=21297&#038;SEO=a-pobreza-extrema-aumenta-na-america-latina-informa-a-cepal\n<\/div><\/figure>\n","protected":false},"excerpt":{"rendered":"<a class=\"moretag\" href=\"https:\/\/pcb.org.br\/portal2\/21951\"> <\/a>","protected":false},"author":1,"featured_media":0,"comment_status":"closed","ping_status":"closed","sticky":false,"template":"","format":"standard","meta":{"jetpack_post_was_ever_published":false,"_jetpack_newsletter_access":"","_jetpack_dont_email_post_to_subs":false,"_jetpack_newsletter_tier_id":0,"_jetpack_memberships_contains_paywalled_content":false,"_jetpack_memberships_contains_paid_content":false,"footnotes":"","jetpack_publicize_message":"","jetpack_publicize_feature_enabled":true,"jetpack_social_post_already_shared":true,"jetpack_social_options":{"image_generator_settings":{"template":"highway","default_image_id":0,"font":"","enabled":false},"version":2}},"categories":[8],"tags":[228],"class_list":["post-21951","post","type-post","status-publish","format-standard","hentry","category-america-latina","tag-5b"],"jetpack_publicize_connections":[],"jetpack_featured_media_url":"","jetpack_shortlink":"https:\/\/wp.me\/p659gw-5I3","jetpack-related-posts":[],"jetpack_likes_enabled":true,"jetpack_sharing_enabled":true,"_links":{"self":[{"href":"https:\/\/pcb.org.br\/portal2\/wp-json\/wp\/v2\/posts\/21951","targetHints":{"allow":["GET"]}}],"collection":[{"href":"https:\/\/pcb.org.br\/portal2\/wp-json\/wp\/v2\/posts"}],"about":[{"href":"https:\/\/pcb.org.br\/portal2\/wp-json\/wp\/v2\/types\/post"}],"author":[{"embeddable":true,"href":"https:\/\/pcb.org.br\/portal2\/wp-json\/wp\/v2\/users\/1"}],"replies":[{"embeddable":true,"href":"https:\/\/pcb.org.br\/portal2\/wp-json\/wp\/v2\/comments?post=21951"}],"version-history":[{"count":0,"href":"https:\/\/pcb.org.br\/portal2\/wp-json\/wp\/v2\/posts\/21951\/revisions"}],"wp:attachment":[{"href":"https:\/\/pcb.org.br\/portal2\/wp-json\/wp\/v2\/media?parent=21951"}],"wp:term":[{"taxonomy":"category","embeddable":true,"href":"https:\/\/pcb.org.br\/portal2\/wp-json\/wp\/v2\/categories?post=21951"},{"taxonomy":"post_tag","embeddable":true,"href":"https:\/\/pcb.org.br\/portal2\/wp-json\/wp\/v2\/tags?post=21951"}],"curies":[{"name":"wp","href":"https:\/\/api.w.org\/{rel}","templated":true}]}}