{"id":21993,"date":"2019-01-18T23:09:23","date_gmt":"2019-01-19T01:09:23","guid":{"rendered":"https:\/\/pcb.org.br\/portal2\/?p=21993"},"modified":"2019-01-18T23:09:28","modified_gmt":"2019-01-19T01:09:28","slug":"rosa-luxemburgo-ha-todo-um-novo-mundo-a-construir","status":"publish","type":"post","link":"https:\/\/pcb.org.br\/portal2\/21993","title":{"rendered":"Rosa Luxemburgo: h\u00e1 todo um novo mundo a construir"},"content":{"rendered":"\n<img decoding=\"async\" class=\"imagem\" title=\"imagem\"  alt=\"imagem\"  src=\"https:\/\/i0.wp.com\/crtweb.org\/cccnewsite\/wp-content\/uploads\/2016\/11\/5-300x169.jpg\"\/><!--more-->\nRosa Luxemburgo: h\u00e1 todo um novo mundo a construir<\/p><p>100 ANOS DO ASSASSINATO DE ROSA E LIEBKNECHT<\/p><p>Funda\u00e7\u00e3o Dinarco Reis<\/p><p>Nascida na Pol\u00f4nia em 5 de mar\u00e7o de 1871, Rosa Luxemburgo se tornaria uma da principais te\u00f3ricas e militantes da hist\u00f3ria do marxismo. Suas contribui\u00e7\u00f5es ao marxismo viriam em m\u00faltiplas esferas: polemizando no interior da Social Democracia Alem\u00e3 contra o revisionismo, contribuindo com a renova\u00e7\u00e3o do pensamento te\u00f3rico, analisando o movimento de desenvolvimento do imperialismo e cumprindo destacado papel na reorganiza\u00e7\u00e3o do movimento comunista europeu e mundial ap\u00f3s a trai\u00e7\u00e3o dos principais dirigentes e organiza\u00e7\u00f5es vinculados \u00e0 Internacional Socialista. <\/p><p>Rosa Luxemburgo foi assassinada em janeiro de 1919, junto com Karl Liebknecht, pelas for\u00e7as do governo alem\u00e3o, que contava com a colabora\u00e7\u00e3o da Social Democracia Alem\u00e3, cuja trai\u00e7\u00e3o j\u00e1 havia sido denunciada por ela. Sua precoce morte n\u00e3o impediu que vida e obra servissem de exemplo e guia para comunistas e socialistas de todo o mundo. Nas palavras de L\u00eanin, ela era a \u201ca \u00e1guia polonesa\u201d.<\/p><p>Num ambiente fortemente marcado por tradicionalismos e machismo, Rosa defendeu sua tese de doutorado ainda em 1898 e logo em seguida participou de intensa pol\u00eamica com o maior expoente do socialismo evolucionista, Eduard Bernstein. Opondo-se ao reformismo e defendendo a perspectiva revolucion\u00e1ria, Rosa afirmou: \u201cEntre a reforma social e a revolu\u00e7\u00e3o, a socialdemocracia v\u00ea um elo indissol\u00favel: a luta pela reforma \u00e9 o meio, a revolu\u00e7\u00e3o social \u00e9 o fim&#8221;.<\/p><p>Rosa foi presa em 1914 sob acusa\u00e7\u00e3o de incitar a desobedi\u00eancia civil nas suas duras cr\u00edticas \u00e0 guerra e ao imperialismo, mas, mesmo presa, cumpriu importante papel junto \u00e0 vanguarda da classe prolet\u00e1ria alem\u00e3. Ironizando a postura das lideran\u00e7as da Social Democracia europeia em rela\u00e7\u00e3o \u00e0 guerra afirmou: \u201cProlet\u00e1rios de todos os pa\u00edses, uni-vos em tempo de paz e degolai-vos uns aos outros em tempo de guerra\u201d. Em apoio ao processo revolucion\u00e1rio, escreveu A Revolu\u00e7\u00e3o Russa, tecendo cr\u00edticas aos bolcheviques, mas reconhecendo que:<\/p><p>\u201cL\u00eanin, Trotsky e seus amigos foram os primeiros a dar o exemplo ao proletariado mundial.  Eles s\u00e3o ainda os \u00fanicos que podem exclamar com Huten: Eu ousei! Eis o que \u00e9 essencial e duradouro na pol\u00edtica dos bolcheviques. Conquistando o poder e colocando praticamente o problema da realiza\u00e7\u00e3o do socialismo, fica-lhes o m\u00e9rito imorredouro de terem dado o exemplo ao proletariado internacional e um enorme passo no caminho do ajuste de contas final entre o capital e o trabalho no mundo inteiro.  Na R\u00fassia, o problema n\u00e3o poderia ter sido sen\u00e3o colocado. E \u00e9 nesse sentido que o futuro pertence em toda a parte ao bolchevismo\u201d.  <\/p><p>\nLibertada apenas em 1918, esteve \u00e0 frente da Liga Espartaquista e participou da funda\u00e7\u00e3o do Partido Comunista da Alemanha (KPD). Ap\u00f3s a derrocada da revolu\u00e7\u00e3o alem\u00e3, em 15 de janeiro de 1919, Rosa e os principais l\u00edderes do Partido foram presos e levados para interrogat\u00f3rio, jamais sendo vistos novamente. Rosa e Liebknecht foram executados e seus corpos jogados nas \u00e1guas geladas de um canal em Berlim. <\/p><p>Em texto publicado em 2005, o intelectual e militante marxista Nestor Kohan destacou, a respeito do assassinato dos l\u00edderes comunistas alem\u00e3es e da trai\u00e7\u00e3o da socialdemocracia:<\/p><p>&#8220;Em 9 de novembro de 1918 (um ano depois da revolu\u00e7\u00e3o bolchevique na R\u00fassia) come\u00e7ou a revolu\u00e7\u00e3o alem\u00e3. Foram dois meses de agita\u00e7\u00e3o ininterrupta. Depois de uma greve geral, os trabalhadores insurretos \u2013 dirigidos pela Liga Espartaquista \u2013 proclamaram a rep\u00fablica, formaram conselhos revolucion\u00e1rios de oper\u00e1rios e soldados. Enquanto Kautsky e outros socialistas mostravam vacila\u00e7\u00e3o, o grupo maiorit\u00e1rio na social-democracia alem\u00e3 (comandado por Friederich Ebert [1870-1925] e Philip Schleidemann [1865-1939]) enfrentou com viol\u00eancia e sem contempla\u00e7\u00f5es os revolucion\u00e1rios.<\/p><p>Foi assim que Gustav Noske [1868-1947], membro deste grupo (o SPD), assumiu o Minist\u00e9rio da Guerra. A partir desse cargo e com a ajuda de oficiais do antigo regime mon\u00e1rquico alem\u00e3o, organizou a repress\u00e3o dos insurretos espartaquistas. Entretanto o di\u00e1rio oficial social-democrata Vorwarts [Avante] publicava editais chamando os Freikorps \u2013 &#8216;corpos livres&#8217;, nome dos comandos terroristas da direita \u2013 para combaterem os espartaquistas, oferecendo-lhes &#8216;sal\u00e1rio, teto, comida e cinco marcos extra&#8217;. <\/p><p>Em 15 de janeiro de 1919, Karl Liebknecht e Rosa Luxemburgo s\u00e3o capturados em Berlim pelos encolerizados soldados. Horas mais tarde s\u00e3o selvagemente assassinados. Pouco depois, Le\u00f3n Jogiches [1867-1919], companheiro de amor e milit\u00e2ncia de Rosa Luxemburgo durante muitos anos, \u00e9 igualmente assassinado. O corpo de Rosa, j\u00e1 sem vida, \u00e9 jogado pela soldadesca em um rio. O seu cad\u00e1ver foi encontrado em maio, cinco meses depois. <\/p><p>A responsabilidade pol\u00edtica que a social-democracia reformista teve no covarde assassinato de Rosa Luxemburgo e dos seus companheiros j\u00e1 nenhum historiador a discute. Esse ato de barb\u00e1rie ficou como uma mancha moral que dificilmente se apagar\u00e1 com o tempo. <\/p><p>Mas a mem\u00f3ria imortal de Rosa, o seu pensamento marxista, a sua \u00e9tica revolucion\u00e1ria e o seu inflex\u00edvel exemplo de vida, continuam vivos. Afetuosamente vivos. Na ponte onde os seus assassinos arrojaram o seu corpo \u00e0 agua continuam a aparecer, periodicamente, flores vermelhas. As novas gera\u00e7\u00f5es, envolvidas em for\u00e7a na luta contra o capital globalizado e o imperialismo, n\u00e3o a esquecem.&#8221;<\/p><p>Permanecem absolutamente atuais e necess\u00e1rias as frases de Rosa: \u201cH\u00e1 todo um velho mundo ainda por destruir e todo um novo mundo a construir. Mas n\u00f3s conseguiremos.\u201d\n","protected":false},"excerpt":{"rendered":"<a class=\"moretag\" href=\"https:\/\/pcb.org.br\/portal2\/21993\"> <\/a>","protected":false},"author":1,"featured_media":0,"comment_status":"closed","ping_status":"closed","sticky":false,"template":"","format":"standard","meta":{"jetpack_post_was_ever_published":false,"_jetpack_newsletter_access":"","_jetpack_dont_email_post_to_subs":false,"_jetpack_newsletter_tier_id":0,"_jetpack_memberships_contains_paywalled_content":false,"_jetpack_memberships_contains_paid_content":false,"footnotes":"","jetpack_publicize_message":"","jetpack_publicize_feature_enabled":true,"jetpack_social_post_already_shared":true,"jetpack_social_options":{"image_generator_settings":{"template":"highway","default_image_id":0,"font":"","enabled":false},"version":2}},"categories":[231,33],"tags":[225],"class_list":["post-21993","post","type-post","status-publish","format-standard","hentry","category-fdr","category-c34-marxismo","tag-4a"],"jetpack_publicize_connections":[],"jetpack_featured_media_url":"","jetpack_shortlink":"https:\/\/wp.me\/p659gw-5IJ","jetpack-related-posts":[],"jetpack_likes_enabled":true,"jetpack_sharing_enabled":true,"_links":{"self":[{"href":"https:\/\/pcb.org.br\/portal2\/wp-json\/wp\/v2\/posts\/21993","targetHints":{"allow":["GET"]}}],"collection":[{"href":"https:\/\/pcb.org.br\/portal2\/wp-json\/wp\/v2\/posts"}],"about":[{"href":"https:\/\/pcb.org.br\/portal2\/wp-json\/wp\/v2\/types\/post"}],"author":[{"embeddable":true,"href":"https:\/\/pcb.org.br\/portal2\/wp-json\/wp\/v2\/users\/1"}],"replies":[{"embeddable":true,"href":"https:\/\/pcb.org.br\/portal2\/wp-json\/wp\/v2\/comments?post=21993"}],"version-history":[{"count":0,"href":"https:\/\/pcb.org.br\/portal2\/wp-json\/wp\/v2\/posts\/21993\/revisions"}],"wp:attachment":[{"href":"https:\/\/pcb.org.br\/portal2\/wp-json\/wp\/v2\/media?parent=21993"}],"wp:term":[{"taxonomy":"category","embeddable":true,"href":"https:\/\/pcb.org.br\/portal2\/wp-json\/wp\/v2\/categories?post=21993"},{"taxonomy":"post_tag","embeddable":true,"href":"https:\/\/pcb.org.br\/portal2\/wp-json\/wp\/v2\/tags?post=21993"}],"curies":[{"name":"wp","href":"https:\/\/api.w.org\/{rel}","templated":true}]}}