{"id":21998,"date":"2019-01-18T23:15:31","date_gmt":"2019-01-19T01:15:31","guid":{"rendered":"https:\/\/pcb.org.br\/portal2\/?p=21998"},"modified":"2019-01-19T18:18:45","modified_gmt":"2019-01-19T20:18:45","slug":"unificar-a-luta-contra-o-desmonte-da-previdencia","status":"publish","type":"post","link":"https:\/\/pcb.org.br\/portal2\/21998","title":{"rendered":"Unificar a luta contra o desmonte da Previd\u00eancia"},"content":{"rendered":"\n<p><img decoding=\"async\" class=\"imagem\" title=\"imagem\" alt=\"imagem\" src=\"https:\/\/i0.wp.com\/unidadeclassista.org.br\/uc1\/wp-content\/uploads\/2019\/01\/centrais-2019-3-fotoctb-1-768x295.jpg\"><!--more-->Com o objetivo de organizar a mobiliza\u00e7\u00e3o unit\u00e1ria, as centrais sindicais (CGTB, CSB, CSP-Conlutas, CTB, CUT, For\u00e7a Sindical, Intersindical e Nova Central) e representantes de entidades sindicais, sindicatos e federa\u00e7\u00f5es se reuniram na sede do Dieese, em S\u00e3o Paulo, na tarde da \u00faltima ter\u00e7a-feira (15). Foi deliberada a intensifica\u00e7\u00e3o das lutas unificadas em defesa da aposentadoria dos trabalhadores e das trabalhadoras no pa\u00eds e contra a Reforma da Previd\u00eancia que o governo federal encaminhar\u00e1 para o Congresso Nacional (confira a nota abaixo).<\/p>\n\n\n\n<p>Em 20 de fevereiro, haver\u00e1 uma Plen\u00e1ria Unit\u00e1ria das Centrais em defesa da Previd\u00eancia e contra o fim da aposentadoria, que ser\u00e1 convocada para articular agendas e a\u00e7\u00f5es para barrar mais este ataque aos trabalhadores e trabalhadoras. Ser\u00e1 fundamental a mobiliza\u00e7\u00e3o junto \u00e0 classe trabalhadora, nas empresas e bairros populares, e a realiza\u00e7\u00e3o de plen\u00e1rias, assembleias e atividades para fortalecer a luta.<\/p>\n\n\n\n<p>A Unidade Classista esteve presente nesta reuni\u00e3o se somando \u00e0s demais entidades sindicais na luta unificada para barrar este e todos os demais ataques que a classe trabalhadora vem sofrendo.<\/p>\n\n\n\n<p>Nota das centrais sindicais:<\/p>\n\n\n\n<p>Centrais orientam luta em 2019<\/p>\n\n\n\n<p>Reunidas nesta ter\u00e7a (15), as centrais sindicais (CSB, CTB, CUT, For\u00e7a Sindical, Nova Central, CSP \u2013 Conlutas, Intersindical e CGTB) reafirmaram sua posi\u00e7\u00e3o contr\u00e1ria a qualquer proposta de reforma que fragilize, desmonte ou reduza o papel da Previd\u00eancia Social P\u00fablica.<\/p>\n\n\n\n<p>Centrais Sindicais Brasileiras decidem:<\/p>\n\n\n\n<p>\u2013 Realiza\u00e7\u00e3o de \u201cPlen\u00e1ria Unit\u00e1ria das Centrais em defesa da Previd\u00eancia e contra o fim da aposentadoria\u201d no dia 20 fevereiro;<\/p>\n\n\n\n<p>\u2013 Orientar a realiza\u00e7\u00e3o de plen\u00e1rias estaduais e assembleias de trabalhadores para construir a mobiliza\u00e7\u00e3o, decidirem formas de luta e paralisa\u00e7\u00f5es para enfrentar as propostas do governo e alertar os trabalhadores sobre a nefasta proposta de reforma da Previd\u00eancia e ataques aposentadoria.<\/p>\n\n\n\n<p>S\u00e3o Paulo, 15 de janeiro de 2019<\/p>\n\n\n\n<pre class=\"wp-block-code\"><code>Vagner Freitas, Presidente da Central \u00danica dos Trabalhadores (CUT)\n Miguel Torres, Presidente da For\u00e7a Sindical\nAdilson Ara\u00fajo, Presidente da Central dos Trabalhadores e Trabalhadoras do Brasil (CTB)\nAnt\u00f4nio Neto, Presidente Interino da Central dos Sindicatos Brasileiros (CSB)\nJos\u00e9 Calixto Ramos, Presidente da Nova Central Sindical dos Trabalhadores (NCST)\nEdson \u00cdndio, Secret\u00e1rio Geral da Intersindical\nAtnagoras Lopes, da Secretaria Executiva Nacional da CSP-CONLUTAS\nUbiraci Dantas, Presidente da CGTB<\/code><\/pre>\n\n\n\n<figure class=\"wp-block-embed-wordpress wp-block-embed is-type-wp-embed is-provider-unidade-classista\"><div class=\"wp-block-embed__wrapper\">\n<blockquote class=\"wp-embedded-content\" data-secret=\"0SmwxKn63q\"><a href=\"http:\/\/unidadeclassista.org.br\/uc1\/3577\">Centrais Sindicais convocam luta contra a Reforma da Previd\u00eancia<\/a><\/blockquote><iframe loading=\"lazy\" class=\"wp-embedded-content\" sandbox=\"allow-scripts\" security=\"restricted\" style=\"position: absolute; clip: rect(1px, 1px, 1px, 1px);\" src=\"http:\/\/unidadeclassista.org.br\/uc1\/3577\/embed#?secret=0SmwxKn63q\" data-secret=\"0SmwxKn63q\" width=\"600\" height=\"338\" title=\"&#8220;Centrais Sindicais convocam luta contra a Reforma da Previd\u00eancia&#8221; &#8212; Unidade Classista\" frameborder=\"0\" marginwidth=\"0\" marginheight=\"0\" scrolling=\"no\"><\/iframe>\n<\/div><\/figure>\n","protected":false},"excerpt":{"rendered":"<a class=\"moretag\" href=\"https:\/\/pcb.org.br\/portal2\/21998\"> <\/a>","protected":false},"author":1,"featured_media":0,"comment_status":"closed","ping_status":"closed","sticky":false,"template":"","format":"standard","meta":{"jetpack_post_was_ever_published":false,"_jetpack_newsletter_access":"","_jetpack_dont_email_post_to_subs":false,"_jetpack_newsletter_tier_id":0,"_jetpack_memberships_contains_paywalled_content":false,"_jetpack_memberships_contains_paid_content":false,"footnotes":"","jetpack_publicize_message":"","jetpack_publicize_feature_enabled":true,"jetpack_social_post_already_shared":true,"jetpack_social_options":{"image_generator_settings":{"template":"highway","default_image_id":0,"font":"","enabled":false},"version":2}},"categories":[20,241,31],"tags":[224],"class_list":["post-21998","post","type-post","status-publish","format-standard","hentry","category-c1-popular","category-previdencia-social","category-c31-unidade-classista","tag-3b"],"jetpack_publicize_connections":[],"jetpack_featured_media_url":"","jetpack_shortlink":"https:\/\/wp.me\/p659gw-5IO","jetpack-related-posts":[],"jetpack_likes_enabled":true,"jetpack_sharing_enabled":true,"_links":{"self":[{"href":"https:\/\/pcb.org.br\/portal2\/wp-json\/wp\/v2\/posts\/21998","targetHints":{"allow":["GET"]}}],"collection":[{"href":"https:\/\/pcb.org.br\/portal2\/wp-json\/wp\/v2\/posts"}],"about":[{"href":"https:\/\/pcb.org.br\/portal2\/wp-json\/wp\/v2\/types\/post"}],"author":[{"embeddable":true,"href":"https:\/\/pcb.org.br\/portal2\/wp-json\/wp\/v2\/users\/1"}],"replies":[{"embeddable":true,"href":"https:\/\/pcb.org.br\/portal2\/wp-json\/wp\/v2\/comments?post=21998"}],"version-history":[{"count":0,"href":"https:\/\/pcb.org.br\/portal2\/wp-json\/wp\/v2\/posts\/21998\/revisions"}],"wp:attachment":[{"href":"https:\/\/pcb.org.br\/portal2\/wp-json\/wp\/v2\/media?parent=21998"}],"wp:term":[{"taxonomy":"category","embeddable":true,"href":"https:\/\/pcb.org.br\/portal2\/wp-json\/wp\/v2\/categories?post=21998"},{"taxonomy":"post_tag","embeddable":true,"href":"https:\/\/pcb.org.br\/portal2\/wp-json\/wp\/v2\/tags?post=21998"}],"curies":[{"name":"wp","href":"https:\/\/api.w.org\/{rel}","templated":true}]}}