{"id":2205,"date":"2011-12-29T01:51:22","date_gmt":"2011-12-29T01:51:22","guid":{"rendered":"http:\/\/pcb.org.br\/portal2\/?p=2205"},"modified":"2011-12-29T01:51:22","modified_gmt":"2011-12-29T01:51:22","slug":"partido-comunista-do-mexico-pcm-intervencao-no-xiii-encontro-internacional-dos-partidos-comunistas-e-operarios","status":"publish","type":"post","link":"https:\/\/pcb.org.br\/portal2\/2205","title":{"rendered":"Partido Comunista do M\u00e9xico (PCM): Interven\u00e7\u00e3o no XIII Encontro Internacional dos Partidos comunistas e oper\u00e1rios"},"content":{"rendered":"\n<p><a href=\"http:\/\/www.comunistas-mexicanos.org\/\" target=\"_blank\">http:\/\/www.comunistas-mexicanos.org<\/a><\/p>\n<p><em>e-mail: <\/em><a href=\"mailto:comunista@prodigy.net.mx\" target=\"_blank\"><em>comunista@prodigy.net.mx<\/em><\/a><\/p>\n<p><strong><em>O Socialismo \u00e9\u00a0o futuro.<\/em><\/strong><\/p>\n<p align=\"center\"><strong>Pela ruptura e pela derrocada do capitalismo, sem etapas intermedi\u00e1rias. Todo poder \u00e0\u00a0classe trabalhadora e ao socialismo-comunismo.<\/strong><\/p>\n<p align=\"center\"><em>Contribui\u00e7\u00e3o do Partido Comunistas do M\u00e9xico, apresentada pelo camarada P\u00e1vel Blanco Cabrera, ao 13\u00ba Encontro Internacional dos Partidos comunistas e oper\u00e1rios.<\/em><\/p>\n<p align=\"center\"><em>Atenas, 9, 10, 11 de dezembro de 2011.<\/em><\/p>\n<p>Camaradas:<\/p>\n<p align=\"justify\">Expressamos o nosso reconhecimento, em nome do Comit\u00ea\u00a0Central do Partido Comunista do M\u00e9xico, ao Comit\u00ea Central do Partido Comunista da Gr\u00e9cia pelos esfor\u00e7os em criar condi\u00e7\u00f5es para a realiza\u00e7\u00e3o deste 13\u00ba Encontro Internacional, pela iniciativa em convocar estes Encontros, pelas importantes lutas trabalhadoras e populares aqui travadas nos \u00faltimos tempos, das quais \u00e9 c\u00e9rebro e vanguarda, e, sobretudo, por contribuir com a reorganiza\u00e7\u00e3o do movimento comunista internacional, for\u00e7a que pode gerar a alternativa que o g\u00eanero humano precisa.<\/p>\n<p align=\"justify\">No vig\u00e9simo anivers\u00e1rio da vit\u00f3ria temporal da contra-revolu\u00e7\u00e3o na URSS e no campo socialista, \u00e9 poss\u00edvel e necess\u00e1rio um balan\u00e7o.<\/p>\n<p align=\"justify\">Do ponto de vista hist\u00f3rico, nenhum modo de produ\u00e7\u00e3o se imp\u00f4s sobre o anterior linearmente e sem retrocessos temporais. A concep\u00e7\u00e3o materialista da Hist\u00f3ria ilustra os ziguezagues, as vicissitudes, a luta entre o que agoniza e o que emerge, a dial\u00e9tica da revolu\u00e7\u00e3o e da contra-revolu\u00e7\u00e3o. O mesmo regime burgu\u00eas fracassou em suas tentativas frente \u00e0 rea\u00e7\u00e3o feudal e conheceu numerosas derrotas que demoraram s\u00e9culos antes de sua consolida\u00e7\u00e3o.<\/p>\n<p align=\"justify\">A onda revolucion\u00e1ria de 1848, a Comuna de Paris em 1871, o ciclo de assaltos revolucion\u00e1rios iniciado com a tomada do poder pelo proletariado na R\u00fassia em outubro de 1917, formam parte da transi\u00e7\u00e3o do capitalismo ao socialismo-comunismo. O triunfo temporal da contra-revolu\u00e7\u00e3o no \u00faltimo caso, anulou este car\u00e1ter da \u00e9poca.<\/p>\n<p align=\"justify\">Nenhuma classe dominante cedeu voluntariamente o poder e enquanto existirem as condi\u00e7\u00f5es para sua exist\u00eancia e reprodu\u00e7\u00e3o, a possibilidade de que o reconquiste \u00e9\u00a0latente. A luta entre explorados e exploradores, independentemente da natureza de classe do Estado, se desenvolver\u00e1 at\u00e9 que definitivamente se extingam as bases econ\u00f4micas da apropria\u00e7\u00e3o privada.<\/p>\n<p align=\"justify\">No frenesi da contra-revolu\u00e7\u00e3o, o capital se empenhou, ideologicamente, em apresentar a derrota temporal do socialismo como permanente, a inviabilidade da emancipa\u00e7\u00e3o e a impossibilidade de liquidar a explora\u00e7\u00e3o do trabalho assalariado. Com sua tese do\u00a0<em>fim da hist\u00f3ria e das ideologias<\/em>, apostou em colocar uma camisa de for\u00e7a na luta de classes, declarando a morte do marxismo-leninismo, pretendendo a imuniza\u00e7\u00e3o frente \u00e0 necessidade da revolu\u00e7\u00e3o social. N\u00e3o existe precedente de t\u00e3o feroz campanha ideol\u00f3gica como a efetuada nos anos 90 contra a filosofia, a concep\u00e7\u00e3o de mundo, a pol\u00edtica, a organiza\u00e7\u00e3o e, em geral, contra todas as posi\u00e7\u00f5es da classe trabalhadora.<\/p>\n<p align=\"justify\">A partir das mesquinharias descart\u00e1veis sobre a promo\u00e7\u00e3o de facilidades aos seres humanos, colocava-se que n\u00e3o\u00a0\u00e9\u00a0o car\u00e1ter de classe da sociedade o problema a ser resolvido, mas sim que qualquer sistema \u00e9 bom ou mal, dependendo estritamente do negativo ou positivo dos governantes. \u201cNem o capitalismo e nem o socialismo s\u00e3o negativos em si\u201d, dizia-se, mas \u00e9 a corrup\u00e7\u00e3o dos homens que os leva ao fracasso. Na mesma dire\u00e7\u00e3o se argumentava que a aus\u00eancia da liberdade de mercado sufocava os seres humanos que, finalmente, emergiam contra o autoritarismo. A contra-revolu\u00e7\u00e3o apresentou como espont\u00e2neas as mobiliza\u00e7\u00f5es que foram promovidas e auspiciadas por alian\u00e7as reacion\u00e1rias do imperialismo com for\u00e7as religiosas ou fascistas. Dessa forma, o n\u00facleo duro do ataque se centrou contra a teoria de Marx, Engels e L\u00eanin, contra os partidos comunistas e contra a hist\u00f3ria do movimento oper\u00e1rio e comunista. A evid\u00eancia principal era tanto o chamado fracasso do socialismo, como a potencialidade do capitalismo.<\/p>\n<p align=\"justify\">Um mundo de paz e progresso foi prometido, assim como uma nova ordem mundial. A classe trabalhadora e os povos j\u00e1\u00a0conhecem o que isso significou. Guerras do Panam\u00e1\u00a0ao Iraque, da Som\u00e1lia \u00e0\u00a0Iugosl\u00e1via, uma imensa onda de interven\u00e7\u00f5es militares a favor dos interesses dos monop\u00f3lios, uma simples e descarada partilha das \u00e1reas de influ\u00eancia, dos mercados. O retrocesso temporal na constru\u00e7\u00e3o socialista n\u00e3o foi uma derrota exclusiva do movimento comunista e oper\u00e1rio, mas do conjunto dos povos, uma trag\u00e9dia para a humanidade.<\/p>\n<p align=\"justify\">O equil\u00edbrio internacional favor\u00e1vel aos povos, o marco da descoloniza\u00e7\u00e3o da \u00c1sia e da \u00c1frica, o direito internacional que se conquistou com a correla\u00e7\u00e3o de for\u00e7as obtida pela URSS e o campo socialista na Segunda Guerra Mundial, cedeu espa\u00e7o a uma ONU que avaliza qualquer interesse dos monop\u00f3lios contra o direito dos povos. A contra-revolu\u00e7\u00e3o inclinou o direito internacional, ao alterar-se a correla\u00e7\u00e3o de for\u00e7as, a favor dos interesses do capital.<\/p>\n<p align=\"justify\">O imperialismo e as guerras inerentes colocam a paz em instabilidade permanente, se cometem crimes contra a humanidade com os bombardeios da OTAN e dos EUA, no marco de uma escalada agressiva contra os povos do Oriente M\u00e9dio, da \u00c1frica e da Am\u00e9rica Latina. O terrorismo \u00e9 utilizado como pretexto para intervir contra as na\u00e7\u00f5es que n\u00e3o se submetem. Prometeram a paz e s\u00f3 existe a barb\u00e1rie.<\/p>\n<p align=\"justify\">A contra-revolu\u00e7\u00e3o tamb\u00e9m teve como objetivo atacar os direitos sindicais, trabalhistas e sociais conquistados pelos trabalhadores no marco do avan\u00e7o do socialismo, quando o capital se viu for\u00e7ado a adotar gest\u00f5es como o\u00a0<em>welfare state<\/em> para conter as possibilidades revolucion\u00e1rias. \u00c9 fato que a contra-revolu\u00e7\u00e3o n\u00e3o pode ser apenas concebida por seus efeitos contr\u00e1rios \u00e0 constru\u00e7\u00e3o socialista, aos partidos comunistas, mas sim por seu impacto sobre conjunto do movimento oper\u00e1rio internacional, a todos os povos do mundo.<\/p>\n<p align=\"justify\">O capital utilizou o impulso dado pela contra-revolu\u00e7\u00e3o para avan\u00e7ar suas posi\u00e7\u00f5es o m\u00e1ximo poss\u00edvel. Novos mercados e povos foram abertos para seu esp\u00f3lio selvagem. A classe oper\u00e1ria, desarmada de seu partido na maior parte do globo, sofreu um grau de explora\u00e7\u00e3o que crescia a ritmos vertiginosos. N\u00e3o \u00e9 dif\u00edcil imaginar como isto se traduziu em enormes fluxos de capital, em acumula\u00e7\u00e3o, que passou a fortalecer diretamente a tend\u00eancia \u00e0 concentra\u00e7\u00e3o e \u00e0 centraliza\u00e7\u00e3o, aos grupos monop\u00f3licos. Ao capital imperialista, j\u00e1 saturado de contradi\u00e7\u00f5es, logo que acabou o impulso destes novos mercados, teve que buscar medidas b\u00e1rbaras para manter-se em meio \u00e0 crise. E foi a\u00ed que seu triunfo fez brotar, com a maior rapidez poss\u00edvel, as condi\u00e7\u00f5es para a sua derrocada. Era como se fosse uma pessoa se afogando no mar. No desespero, abre a boca e apenas s\u00f3 traga mais \u00e1gua.<\/p>\n<p align=\"justify\">O car\u00e1ter temporal da contra-revolu\u00e7\u00e3o foi determinado pelas leis objetivas do capitalismo, pela contradi\u00e7\u00e3o entre o car\u00e1ter social da produ\u00e7\u00e3o e da apropria\u00e7\u00e3o privada, pelo pr\u00f3prio ciclo do capital com a crise que tem car\u00e1ter insuper\u00e1vel, mas tamb\u00e9m pela resist\u00eancia classista e popular, pela a\u00e7\u00e3o das for\u00e7as revolucion\u00e1rias, pela atividade do movimento comunista.<\/p>\n<p align=\"justify\">As crises de superprodu\u00e7\u00e3o e superacumula\u00e7\u00e3o dos \u00faltimos anos impactaram profundamente o capital. Para salvar bancos e ind\u00fastrias da quebra, foram utilizados recursos p\u00fablicos, carregando agressivamente os custos dos trabalhadores: o desemprego, a redu\u00e7\u00e3o de sal\u00e1rios, o aumento da idade para as aposentadorias, o aumento da jornada de trabalho e outras medidas constantes contra o trabalho, a favor dos monop\u00f3lios.<\/p>\n<p align=\"justify\"><strong>A crise mostra a contradi\u00e7\u00e3o capital\/ trabalho como o antagonismo sobre o qual se condensa a possibilidade de uma alternativa. O conflito s\u00f3cio-classicista tem seu centro na produ\u00e7\u00e3o capitalista. \u00c9\u00a0nos centros de trabalho onde as classes se chocam e \u00e9 l\u00e1 onde a estrat\u00e9gia dos comunistas deve se focar.<\/strong><\/p>\n<p align=\"justify\">Existem exemplares lutas de contra-ataque, como a onda de greves setoriais e gerais na Gr\u00e9cia, dirigidas pela PAME, com a interven\u00e7\u00e3o de outras for\u00e7as de orienta\u00e7\u00e3o de classe. \u00c9 opini\u00e3o do Partido Comunista do M\u00e9xico que esse deve ser o caminho comum do movimento comunista frente \u00e0 atual crise e que, novamente, se mostram atrasados nossos esfor\u00e7os comuns pela coordena\u00e7\u00e3o de a\u00e7\u00f5es. O chamado da Acr\u00f3polis ao levante dos povos deve ter uma resposta favor\u00e1vel. Somos n\u00f3s, os Partidos Comunistas, os destacamentos de vanguarda, os respons\u00e1veis por fazer ressoar o chamado da Acr\u00f3polis e por organizar a resposta. Isso \u00e9 poss\u00edvel e j\u00e1 acontece da classe trabalhadora e seus aliados se levantarem espontaneamente contra aspectos do dom\u00ednio burgu\u00eas e contra suas medidas. Por\u00e9m, se torna imposs\u00edvel, ultrapassando os limites do movimento espont\u00e2neo, a derrocada da classe burguesa e o passo rumo ao socialismo-comunismo. Sobre isto, devemos ter clareza. N\u00e3o sustentarmos posi\u00e7\u00f5es uniformes frente aos movimentos impedir\u00e1 falar neste ou noutro momento de uma interven\u00e7\u00e3o ou de uma estrat\u00e9gia comunista mundial frente aos nossos opressores.<\/p>\n<p align=\"justify\">Os partidos comunistas e oper\u00e1rios t\u00eam entre seus componentes de identidade o car\u00e1ter de classe. Essa \u00e9 nossa raz\u00e3o de ser. Nos per\u00edodos de crise, nossas responsabilidades crescem, pois s\u00e3o o marco para as transforma\u00e7\u00f5es revolucion\u00e1rias, onde uma s\u00e9rie de pr\u00e9-requisitos s\u00e3o cumpridos. A organiza\u00e7\u00e3o de um forte movimento oper\u00e1rio e sindical de claras defini\u00e7\u00f5es classistas \u00e9 um dever elementar e uma tarefa que afronta conjuntamente, conquistando cada centro de trabalho. Consideramos que \u00e9 necess\u00e1rio apoiarmos as iniciativas que surgiram no limiar do \u00faltimo Congresso da Federa\u00e7\u00e3o Sindical Mundial. No entanto, tamb\u00e9m pensamos que, de maneira mais espec\u00edfica, nossos partidos precisam abordar tal quest\u00e3o no \u00e2mbito regional e internacional.<\/p>\n<p align=\"justify\">Com a crise capitalista, \u00e9\u00a0crescente entre os trabalhadores e a classe m\u00e9dia o debate sobre uma poss\u00edvel sa\u00edda, um rumo. \u00c9 verdade que entre as classes m\u00e9dias predominam posi\u00e7\u00f5es pequeno-buguesas que buscam somente reformas cosm\u00e9ticas, mecanismos de gest\u00e3o que nos levam \u00e0 ru\u00edna e s\u00e3o a plataforma para atacar as posi\u00e7\u00f5es classicistas que buscam uma sa\u00edda radical. Tal \u00e9 o caso do chamado\u00a0<em>movimento de ocupa\u00e7\u00e3o das pra\u00e7as<\/em>. Na linha da confronta\u00e7\u00e3o nos encontramos com aqueles que defendem a ruptura radical, pela derrocada do poder dos monop\u00f3lios, atrav\u00e9s de uma alian\u00e7a anticapitalista, anti-monopolista e antiimperialista.<\/p>\n<p align=\"justify\">Para os comunistas, este \u00e9\u00a0o tema cabal hoje: conectar as lutas presentes contra o capital com a luta pelo socialismo-comunismo. E, para isso, \u00e9\u00a0indispens\u00e1vel extrair as conclus\u00f5es da constru\u00e7\u00e3o socialista, do poder dos trabalhadores.<\/p>\n<p align=\"justify\">Para n\u00f3s, hoje \u00e9\u00a0muito claro que temos que defender a experi\u00eancia da constru\u00e7\u00e3o socialista na URSS enquanto demonstra\u00e7\u00e3o palp\u00e1vel da superioridade do socialismo sobre o capitalismo, posto que as investiga\u00e7\u00f5es comprovam que um melhor n\u00edvel de vida foi alcan\u00e7ado pela classe trabalhadora e pelas na\u00e7\u00f5es antes oprimidas, no econ\u00f4mico, no cultural, na habita\u00e7\u00e3o, na sa\u00fade, na educa\u00e7\u00e3o, nos direitos pol\u00edticos para as mulheres, nas minorias \u00e9tnicas, nas crian\u00e7as, nos jovens.<\/p>\n<p align=\"justify\"><strong>As li\u00e7\u00f5es da constru\u00e7\u00e3o socialista nos mostram a import\u00e2ncia do poder oper\u00e1rio, a ditadura do proletariado, a expropria\u00e7\u00e3o dos monop\u00f3lios e de todos os meios de produ\u00e7\u00e3o concentrados, assim como sua socializa\u00e7\u00e3o, da planifica\u00e7\u00e3o central da economia. Quando um destes elementos est\u00e1 ausente, \u00e9 imposs\u00edvel falar da nova sociedade.<\/strong><\/p>\n<p align=\"justify\">\u00c9 evidente que estamos em desacordo com aquelas posi\u00e7\u00f5es que encontram compatibilidade entre socialismo e mercado, j\u00e1 consideradas como \u201csocialismo de mercado\u201d ou \u201csocialismo com mercado\u201d. A constru\u00e7\u00e3o do socialismo-comunismo, desde o primeiro momento, deve combater as rela\u00e7\u00f5es mercantis sem que implique no seu desaparecimento no primeiro dia. A exist\u00eancia das rela\u00e7\u00f5es mercantis engendra a burguesia e o capital e, com eles, a possibilidade da contra-revolu\u00e7\u00e3o deter as conquistas da classe oper\u00e1ria no poder. \u00c9 nossa opini\u00e3o que nele teve sua base o retrocesso temporal da URSS.<\/p>\n<p align=\"justify\">Tampouco compartilhamos a vis\u00e3o de que sem a destrui\u00e7\u00e3o da m\u00e1quina do Estado burgu\u00eas pode construir-se o socialismo. \u00c9\u00a0sobre a derrocada do velho Estado que \u00e9\u00a0poss\u00edvel a constru\u00e7\u00e3o do poder oper\u00e1rio e popular, o novo Estado.<\/p>\n<p align=\"justify\">O Partido Comunista do M\u00e9xico adotou em seu IV Congresso, efetuado h\u00e1\u00a0quase um ano, a Resolu\u00e7\u00e3o sobre o Socialismo do XVIII Congresso do KKE, a que consideramos ser nosso balan\u00e7o e conclus\u00f5es da experi\u00eancia da constru\u00e7\u00e3o socialista no S\u00e9culo XX.<\/p>\n<p align=\"justify\"><em>Entre muitas outras li\u00e7\u00f5es que extra\u00edmos, estas s\u00e3o necess\u00e1rias para a estrat\u00e9gia dos comunistas para a derrocada do capitalismo e para efetivar a revolu\u00e7\u00e3o socialista. Contribuem para determinar uma pol\u00edtica de alian\u00e7as com crit\u00e9rios classistas.<\/em><\/p>\n<p align=\"justify\"><em>Na Am\u00e9rica Latina, por exemplo, existem debates contempor\u00e2neos sobre estes assuntos. Nos perguntamos: a defesa da autonomia do partido comunista, a luta pela independ\u00eancia de classe e da organiza\u00e7\u00e3o com perspectiva de luta do movimento oper\u00e1rio e sindical podem ser considerados uma atitude sect\u00e1ria? Negarmo-nos a colaborar em gest\u00f5es burguesas, na administra\u00e7\u00e3o capitalista, num \u201cministerialismo\u201d a todo custo, pode ser considerado sect\u00e1rio? \u00c9, por acaso, nosso dever, enquanto comunistas, garantirmos a estabilidade governamental das chamadas \u201cburguesias nacionais\u201d? At\u00e9 que ponto podemos sustentar como progressistas governos que colaboram com a persegui\u00e7\u00e3o e repress\u00e3o de um partido comunista, como a desatada contra as FARC-EP? Defendemos a reforma ou a revolu\u00e7\u00e3o? Podemos considerar como positivos aqueles processos de integra\u00e7\u00e3o, onde, objetivamente, os componentes econ\u00f4micos se baseiam no capitalismo? N\u00e3o \u00e9, por acaso, um grande atentado \u00e0 subjetividade e capacidade de mobiliza\u00e7\u00e3o da classe oper\u00e1ria e de massas cham\u00e1-los a defender uma gest\u00e3o capitalista de \u201cesquerda\u201d?<\/em><\/p>\n<p align=\"justify\"><em>Com base na teoria marxista-leninista, na experi\u00eancia de 92 anos, desde que em 1919 iniciara suas atividades como Se\u00e7\u00e3o Mexicana da Internacional Comunista, o Partido Comunista Mexicano trabalha pela ruptura com o capitalismo e para que, sem etapas intermedi\u00e1rias, a classe oper\u00e1ria tome o poder para construir o futuro, o socialismo.<\/em><\/p>\n<p align=\"justify\"><em>Mantemos o crit\u00e9rio da solidariedade frente \u00e0\u00a0agressividade hegemonista do imperialismo, por\u00e9m n\u00e3o circunscrito ao anti-Estados Unidos, mas sim a qualquer monop\u00f3lio, independentemente de se este \u00e9 dos EUA, da Uni\u00e3o Europeia ou, inclusive, do M\u00e9xico.<\/em><\/p>\n<p align=\"justify\"><em>A quest\u00e3o da revolu\u00e7\u00e3o socialista na Am\u00e9rica Latina e no mundo n\u00e3o est\u00e1\u00a0determinada pelas especificidades ou particularidades nacionais, mas sim pelas leis gerais. Que a classe oper\u00e1ria conquiste sua independ\u00eancia de classe, ideol\u00f3gica e pol\u00edtica, nas chamadas burguesias nacionais, hoje com o eufemismo de \u201cgovernos progressistas\u201d, e das classes m\u00e9dias, \u00e9 uma necessidade vital.<\/em><\/p>\n<p align=\"justify\">Camaradas:<\/p>\n<p align=\"justify\">Expressamos nossa solidariedade frente ao anticomunismo, em qualquer de suas manifesta\u00e7\u00f5es, que limita ou pro\u00edbe a atividade de v\u00e1rios partidos comunistas na Europa. O anticomunismo na Am\u00e9rica Latina possui uma particularidade de encobrir-se com uma roupagem \u201cantiterrorista\u201d para criminalizar as FARC-EP, que referendamos por igual nossa solidariedade.<\/p>\n<p align=\"justify\">Compartilhamos que o tema do Anticomunismo \u00e9\u00a0um tema de nossa pol\u00edtica como integrantes do Movimento Comunista Internacional que n\u00e3o se encontra limitado ao terreno da solidariedade. Articular uma resposta global frente a qualquer persegui\u00e7\u00e3o anticomunista sucedida em qualquer parte do mundo assinala ante aos povos o verdadeiro advers\u00e1rio do capitalismo. \u00c9 preciso dizer, n\u00e3o envolve apenas uma conota\u00e7\u00e3o defensiva, mas uma soma a nossa pol\u00edtica. Com respostas militantes, as campanhas do inimigo s\u00e3o tomadas por campanhas nossas.<\/p>\n<p align=\"justify\">Nosso partido sa\u00fada as lutas dos povos \u00e1rabes e do norte da \u00c1frica contra os regimes opressivos. Atendo-nos a crit\u00e9rios classistas, simultaneamente consideramos que \u00e9 aos pr\u00f3prios povos que corresponde o direito de libertarem-se, sem a interven\u00e7\u00e3o do imperialismo. Por isso, condenamos a agress\u00e3o da OTAN e dos EUA na L\u00edbia, assim como a que ocorre na S\u00edria e no Ir\u00e3.<\/p>\n<p align=\"justify\">Nossa total e incondicional solidariedade ao PAME, ao MAS, PASEVE, PASY e OGI, \u00e0s lutas da classe oper\u00e1ria na Gr\u00e9cia e, tamb\u00e9m, ao nosso irm\u00e3o Partido Comunista da Gr\u00e9cia.<\/p>\n<p><em>Prolet\u00e1rios de todos os pa\u00edses, uni-vos!<\/em><\/p>\n<p>Tradu\u00e7\u00e3o: Maria Fernanda M. Scelza (PCB)<\/p>\n","protected":false},"excerpt":{"rendered":"\n\n\nCr\u00e9dito: PCM\n\n\n\n\n\n\n\n\nPCM\n<a class=\"moretag\" href=\"https:\/\/pcb.org.br\/portal2\/2205\"> <\/a>","protected":false},"author":1,"featured_media":0,"comment_status":"open","ping_status":"open","sticky":false,"template":"","format":"standard","meta":{"jetpack_post_was_ever_published":false,"_jetpack_newsletter_access":"","_jetpack_dont_email_post_to_subs":false,"_jetpack_newsletter_tier_id":0,"_jetpack_memberships_contains_paywalled_content":false,"_jetpack_memberships_contains_paid_content":false,"footnotes":"","jetpack_publicize_message":"","jetpack_publicize_feature_enabled":true,"jetpack_social_post_already_shared":false,"jetpack_social_options":{"image_generator_settings":{"template":"highway","default_image_id":0,"font":"","enabled":false},"version":2}},"categories":[90],"tags":[],"class_list":["post-2205","post","type-post","status-publish","format-standard","hentry","category-c103-mexico"],"jetpack_publicize_connections":[],"jetpack_featured_media_url":"","jetpack_shortlink":"https:\/\/wp.me\/p659gw-zz","jetpack-related-posts":[],"jetpack_likes_enabled":true,"jetpack_sharing_enabled":true,"_links":{"self":[{"href":"https:\/\/pcb.org.br\/portal2\/wp-json\/wp\/v2\/posts\/2205","targetHints":{"allow":["GET"]}}],"collection":[{"href":"https:\/\/pcb.org.br\/portal2\/wp-json\/wp\/v2\/posts"}],"about":[{"href":"https:\/\/pcb.org.br\/portal2\/wp-json\/wp\/v2\/types\/post"}],"author":[{"embeddable":true,"href":"https:\/\/pcb.org.br\/portal2\/wp-json\/wp\/v2\/users\/1"}],"replies":[{"embeddable":true,"href":"https:\/\/pcb.org.br\/portal2\/wp-json\/wp\/v2\/comments?post=2205"}],"version-history":[{"count":0,"href":"https:\/\/pcb.org.br\/portal2\/wp-json\/wp\/v2\/posts\/2205\/revisions"}],"wp:attachment":[{"href":"https:\/\/pcb.org.br\/portal2\/wp-json\/wp\/v2\/media?parent=2205"}],"wp:term":[{"taxonomy":"category","embeddable":true,"href":"https:\/\/pcb.org.br\/portal2\/wp-json\/wp\/v2\/categories?post=2205"},{"taxonomy":"post_tag","embeddable":true,"href":"https:\/\/pcb.org.br\/portal2\/wp-json\/wp\/v2\/tags?post=2205"}],"curies":[{"name":"wp","href":"https:\/\/api.w.org\/{rel}","templated":true}]}}