{"id":22060,"date":"2019-01-24T23:55:21","date_gmt":"2019-01-25T01:55:21","guid":{"rendered":"https:\/\/pcb.org.br\/portal2\/?p=22060"},"modified":"2019-01-24T23:58:36","modified_gmt":"2019-01-25T01:58:36","slug":"davos-2019-miseria-crescente-protestos-e-repudio-a-bolsonaro","status":"publish","type":"post","link":"https:\/\/pcb.org.br\/portal2\/22060","title":{"rendered":"Davos 2019: mis\u00e9ria crescente, protestos e rep\u00fadio a Bolsonaro"},"content":{"rendered":"\n<img decoding=\"async\" class=\"imagem\" title=\"imagem\" alt=\"imagem\" src=\"https:\/\/i0.wp.com\/report.az\/storage\/news\/5b84f1bc750067277a073642a99ff69a\/3b1cbe41-4ad0-4d6a-ab3a-e7f53e4b00d5_292.jpg\"><!--more-->Sergio Ferrari\nResumen Latinoamericano<\/p><p>3.400 milh\u00f5es de pessoas &#8211; quase a metade da popula\u00e7\u00e3o mundial -, em particular mulheres, beiram a pobreza extrema e vivem com menos de 5,50 d\u00f3lares por dia. Enquanto isso, bilion\u00e1rios ganham 2.500 milh\u00f5es de d\u00f3lares por dia, sendo que 26 bilion\u00e1rios det\u00eam metade da riqueza da popula\u00e7\u00e3o mundial.<\/p><p>A aus\u00eancia de dirigentes mundiais proeminentes marca a edi\u00e7\u00e3o de 2019 do F\u00f3rum Econ\u00f4mico Mundial, que acontece entre 22 e 25 de janeiro em Davos. No \u00faltimo minuto, decidiram n\u00e3o ir \u00e0 cidade alpina su\u00ed\u00e7a Donald Trump, preso em seu desligamento, nem Theresa May, confrontada com o quebra-cabe\u00e7a do Brexit, nem Emmanuel Macron, confrontado pelas mobiliza\u00e7\u00f5es sociais que v\u00eam sacudindo a Fran\u00e7a h\u00e1 semanas.<\/p><p>Por outro lado, cerca de 3.000 representantes da grande pot\u00eancia mundial est\u00e3o presentes. Essencialmente l\u00edderes pol\u00edticos e representantes das multinacionais mais conhecidas se reuniram para debater sobre &#8220;Globaliza\u00e7\u00e3o 4.0: modelando uma arquitetura global na era da quarta revolu\u00e7\u00e3o industrial&#8221;.<\/p><p>Dentre os participantes est\u00e1 o presidente brasileiro Jair Bolsonaro, cuja presen\u00e7a em Davos desencadeou m\u00faltiplos rep\u00fadios p\u00fablicos em suas mais diversas manifesta\u00e7\u00f5es. Cerca de vinte ONGs dedicadas a coopera\u00e7\u00e3o, associa\u00e7\u00f5es de solidariedade, sindicatos e organiza\u00e7\u00f5es pol\u00edticas su\u00ed\u00e7as (como o Partido Verde), por iniciativa do Solifonds, enviaram uma carta na segunda-feira 21 exigindo que o governo su\u00ed\u00e7o n\u00e3o se encontrasse com Bolsonaro e sua comitiva.<\/p><p>A carta, assinada entre outros por KOBRA, Tierra de Hombres Suiza, o sindicato SIT, Multiwatch, Campax, ALBA Su\u00ed\u00e7a, Juristas Democr\u00e1ticos, Greenpeace Su\u00ed\u00e7a e o F\u00f3rum Democr\u00e1tico Cidad\u00e3o, denunciaram n\u00e3o somente o discurso homof\u00f3bico, sexista, antiambiental e racista do presidente brasileiro, mas tamb\u00e9m as primeiras medidas antissociais, anti-ind\u00edgenas e antiecol\u00f3gicas do novo governo. Em paralelo, a Sociedade em Defesa dos Povos Amea\u00e7ados distribuiu uma declara\u00e7\u00e3o exigindo que a Confedera\u00e7\u00e3o Su\u00ed\u00e7a defenda os direitos dos povos ind\u00edgenas diante do presidente sul-americano. Um grupo de brasileiros e su\u00ed\u00e7os protestou na segunda-feira 21 em frente ao hotel onde o presidente se hospedou em sua chegada a Zurique, em tr\u00e2nsito para Davos.<\/p><p>Embora menos numeroso do que os tradicionais protestos anti-Davos da d\u00e9cada passada, o ato de protesto reuniu mais de mil pessoas, que marcharam no s\u00e1bado nas ruas de Berna contra a presen\u00e7a da elite mundial, iniciativa que se repetiu na quarta-feira, 23 de janeiro, nas a\u00e7\u00f5es convocadas em Davos pela Juventude Socialista.<\/p><p>A luta contra o sistema, a solidariedade internacional e a prote\u00e7\u00e3o ambiental aparecem como eixos da mobiliza\u00e7\u00e3o da sociedade civil su\u00ed\u00e7a nestes \u00faltimos dias. O mais surpreendente, por seu impacto, \u00e9 a &#8220;greve em defesa do clima&#8221; que mobilizou mais de 20 mil estudantes secund\u00e1rios e universit\u00e1rios na terceira sexta-feira de janeiro em todo o pa\u00eds, que se repetir\u00e1 em 2 de fevereiro. O movimento estudantil pr\u00f3-defesa ambiental, que come\u00e7ou h\u00e1 alguns meses na Su\u00e9cia, j\u00e1 adquiriu uma relev\u00e2ncia especial em v\u00e1rios pa\u00edses europeus.\nUma distribui\u00e7\u00e3o dram\u00e1tica da riqueza<\/p><p>Riqueza versus pobreza crescente aparece novamente como a maior contradi\u00e7\u00e3o desta edi\u00e7\u00e3o de Davos. O F\u00f3rum de Davos \u00e9 uma iniciativa permanente que re\u00fane cerca de mil parceiros que s\u00e3o empresas com uma m\u00e9dia de 5.000 milh\u00f5es de d\u00f3lares de atividade comercial anual e que pagam cerca de 45.000 d\u00f3lares por ano ao F\u00f3rum. A categoria de parceiro industrial estrat\u00e9gico, com mais poder de decis\u00e3o, implica uma cota\u00e7\u00e3o de US $ 250.000 ou US $ 500.000 por ano.<\/p><p>Muitos desses membros e parceiros do F\u00f3rum de Davos fazem parte dos bilion\u00e1rios cuja riqueza aumentou 900 bilh\u00f5es de d\u00f3lares no ano passado, para uma m\u00e9dia de cerca de 2.500 milh\u00f5es di\u00e1rios. Como declarado no \u00faltimo relat\u00f3rio da OXFAM (&#8220;Bem-estar p\u00fablico ou benef\u00edcio privado?), que foi publicado na terceira semana de janeiro, 26 bilion\u00e1rios &#8211; um ano antes eram 43 &#8211; hoje t\u00eam a mesma riqueza que os 3.800 milh\u00f5es de pessoas que comp\u00f5em a metade mais pobre da humanidade.<\/p><p>O relat\u00f3rio tamb\u00e9m observa que 3,4 bilh\u00f5es de pessoas &#8211; quase metade da popula\u00e7\u00e3o mundial -, especialmente mulheres, est\u00e3o pr\u00f3ximos da extrema pobreza e vivem com menos de US $ 5,50 por dia.<\/p><p>O documento da Oxfam argumenta que, se os 1% mais ricos do planeta pagassem 0,5% mais impostos sobre a riqueza, haveria dinheiro suficiente para escolarizar as 262 milh\u00f5es de crian\u00e7as que atualmente n\u00e3o t\u00eam acesso \u00e0 educa\u00e7\u00e3o e se poderia fornecer servi\u00e7os de sa\u00fade para salvar a vida de 3,3 milh\u00f5es de pessoas. Al\u00e9m disso, o relat\u00f3rio enfatiza que 7,6 trilh\u00f5es de d\u00f3lares das fortunas mais concentradas escapam a toda forma de controle fiscal, protegidos pelos para\u00edsos fiscais.<\/p><p>http:\/\/www.resumenlatinoamericano.org\/2019\/01\/24\/foro-de-davos-2019-miseria-creciente-protestas-sociales-repudio-a-bolsonaro\/\n\n","protected":false},"excerpt":{"rendered":"<a class=\"moretag\" href=\"https:\/\/pcb.org.br\/portal2\/22060\"> <\/a>","protected":false},"author":1,"featured_media":0,"comment_status":"closed","ping_status":"closed","sticky":false,"template":"","format":"standard","meta":{"jetpack_post_was_ever_published":false,"_jetpack_newsletter_access":"","_jetpack_dont_email_post_to_subs":false,"_jetpack_newsletter_tier_id":0,"_jetpack_memberships_contains_paywalled_content":false,"_jetpack_memberships_contains_paid_content":false,"footnotes":"","jetpack_publicize_message":"","jetpack_publicize_feature_enabled":true,"jetpack_social_post_already_shared":true,"jetpack_social_options":{"image_generator_settings":{"template":"highway","default_image_id":0,"font":"","enabled":false},"version":2}},"categories":[38],"tags":[222],"class_list":["post-22060","post","type-post","status-publish","format-standard","hentry","category-c43-imperialismo","tag-2b"],"jetpack_publicize_connections":[],"jetpack_featured_media_url":"","jetpack_shortlink":"https:\/\/wp.me\/p659gw-5JO","jetpack-related-posts":[],"jetpack_likes_enabled":true,"jetpack_sharing_enabled":true,"_links":{"self":[{"href":"https:\/\/pcb.org.br\/portal2\/wp-json\/wp\/v2\/posts\/22060","targetHints":{"allow":["GET"]}}],"collection":[{"href":"https:\/\/pcb.org.br\/portal2\/wp-json\/wp\/v2\/posts"}],"about":[{"href":"https:\/\/pcb.org.br\/portal2\/wp-json\/wp\/v2\/types\/post"}],"author":[{"embeddable":true,"href":"https:\/\/pcb.org.br\/portal2\/wp-json\/wp\/v2\/users\/1"}],"replies":[{"embeddable":true,"href":"https:\/\/pcb.org.br\/portal2\/wp-json\/wp\/v2\/comments?post=22060"}],"version-history":[{"count":0,"href":"https:\/\/pcb.org.br\/portal2\/wp-json\/wp\/v2\/posts\/22060\/revisions"}],"wp:attachment":[{"href":"https:\/\/pcb.org.br\/portal2\/wp-json\/wp\/v2\/media?parent=22060"}],"wp:term":[{"taxonomy":"category","embeddable":true,"href":"https:\/\/pcb.org.br\/portal2\/wp-json\/wp\/v2\/categories?post=22060"},{"taxonomy":"post_tag","embeddable":true,"href":"https:\/\/pcb.org.br\/portal2\/wp-json\/wp\/v2\/tags?post=22060"}],"curies":[{"name":"wp","href":"https:\/\/api.w.org\/{rel}","templated":true}]}}