{"id":22075,"date":"2019-01-25T23:25:18","date_gmt":"2019-01-26T01:25:18","guid":{"rendered":"https:\/\/pcb.org.br\/portal2\/?p=22075"},"modified":"2019-01-25T23:29:15","modified_gmt":"2019-01-26T01:29:15","slug":"israel-licenca-para-matar","status":"publish","type":"post","link":"https:\/\/pcb.org.br\/portal2\/22075","title":{"rendered":"Israel: licen\u00e7a para matar"},"content":{"rendered":"\n<img decoding=\"async\" class=\"imagem\" title=\"imagem\"  alt=\"imagem\"  src=\"https:\/\/i0.wp.com\/www.marx21.it\/images\/guerra_militari\/israele_f35.jpg\"\/><!--more-->\nManlio Dinucci &#8211; ODIARIO.INFO\nO poder sionista em Israel prossegue e alarga a agress\u00e3o militar contra a S\u00edria e a pol\u00edtica genocida contra o povo palestino. Esta escalada integra a prepara\u00e7\u00e3o por parte dos EUA e da OTAN de uma guerra de grande escala contra o Ir\u00e3. Na It\u00e1lia, o governo de extrema-direita est\u00e1, como seria de esperar, inteiramente solid\u00e1rio. O fascismo \u00e9 um aliado preferencial do imperialismo e do sionismo.<\/p><p> \n\u201cEm iniciativa verdadeiramente ins\u00f3lita, Israel oficializou o ataque contra alvos militares iranianos na S\u00edria e intimou as autoridades s\u00edrias a n\u00e3o exercerem repres\u00e1lias contra Israel\u201c: eis como os meios de comunica\u00e7\u00e3o italianos informaram sobre o ataque de Israel, no \u00faltimo dia 21, \u00e0 S\u00edria, com m\u00edsseis de cruzeiro e bombas guiadas. \u201c\u00c9 uma mensagem para os russos, que juntamente com o Ir\u00e3 permitem a sobreviv\u00eancia do poder de Assad\u201c, comenta o Corriere della Sera.<\/p><p>Nenhum deles p\u00f5e em d\u00favida o \u201cdireito\u201d de Israel de atacar um Estado soberano para lhe impor qual governo deve ter, depois de, durante oito anos, os EUA, a OTAN e as monarquias do Golfo terem tentado demoli-lo juntamente com Israel, como fizeram em 2011 com o Estado da L\u00edbia.<\/p><p>Nenhum se escandaliza com que os ataques a\u00e9reos israelenses, s\u00e1bado e segunda-feira, tenham causado dezenas de mortes, incluindo pelo menos quatro crian\u00e7as e s\u00e9rios danos ao aeroporto internacional de Damasco, enquanto se d\u00e1 destaque \u00e0 not\u00edcia de que por prud\u00eancia foi fechada, por um dia, para o desgosto dos excursionistas, a esta\u00e7\u00e3o de esqui israelense no Monte Hermon (totalmente ocupado por Israel juntamente com os Montes Golan).<\/p><p>Nenhum se preocupa com o fato de que a intensifica\u00e7\u00e3o dos ataques israelenses na S\u00edria, sob o pretexto de que ela serve de base para o lan\u00e7amento de m\u00edsseis iranianos, integre a prepara\u00e7\u00e3o de uma guerra em larga escala contra o Ir\u00e3, planejada com o Pent\u00e1gono, cujos efeitos seriam catastr\u00f3ficos.<\/p><p>A decis\u00e3o dos Estados Unidos de sair do acordo nuclear iraniano &#8211; um acordo definido por Israel como \u201ca rendi\u00e7\u00e3o do Ocidente ao eixo do mal liderado pelo Ir\u00e3\u201d &#8211; causou uma situa\u00e7\u00e3o de extremo perigo, n\u00e3o s\u00f3 para o M\u00e9dio Oriente.<\/p><p>Israel, a \u00fanica pot\u00eancia nuclear no M\u00e9dio Oriente &#8211; n\u00e3o aderente ao Tratado de N\u00e3o Prolifera\u00e7\u00e3o, subscrito por seu lado pelo Ir\u00e3 &#8211; tem 200 armas nucleares apontadas contra o Ir\u00e3 (como especificou em mar\u00e7o de 2015 o ex-secret\u00e1rio de Estado dos EUA, Colin Powell).<\/p><p>Entre os diferentes vetores de armas nucleares, Israel possui uma primeira equipe de ca\u00e7as F-35A, declarada operacional em dezembro de 2017. Israel n\u00e3o apenas foi o primeiro pa\u00eds a comprar o novo ca\u00e7a de quinta gera\u00e7\u00e3o da norte-americana Lockheed Martin, mas com as suas pr\u00f3prias ind\u00fastrias militares desempenha um papel importante no desenvolvimento desse ca\u00e7a: as Ind\u00fastrias Aeroespaciais de Israel iniciaram a produ\u00e7\u00e3o de componentes das asas que tornam os F-35 invis\u00edveis ao radar.<\/p><p>Gra\u00e7as a essa tecnologia, que tamb\u00e9m ser\u00e1 aplicada aos F-35 italianos, Israel potencia as capacidades de ataque das suas for\u00e7as nucleares, integradas no quadro do sistema eletr\u00f4nico Natonel do \u201cPrograma de Coopera\u00e7\u00e3o Individual com Israel\u201d.<\/p><p>De tudo isso, no entanto, n\u00e3o h\u00e1 not\u00edcias nos nossos meios de comunica\u00e7\u00e3o, do mesmo modo que n\u00e3o h\u00e1 not\u00edcias de que, al\u00e9m das v\u00edtimas provocadas pelo ataque israelense na S\u00edria, h\u00e1 as ainda mais numerosas provocadas entre os palestinos pelo embargo de Israel \u00e0 Faixa de Gaza.<\/p><p>Devido ao bloqueio, decretado pelo governo israelense, dos fundos internacionais destinados \u00e0s instala\u00e7\u00f5es de sa\u00fade da Faixa &#8211; seis dos treze hospitais, incluindo os dois hospitais pedi\u00e1tricos Nasser e Rantissi, tiveram que fechar em 20 de janeiro por falta do combust\u00edvel necess\u00e1rio para produzir eletricidade (na Faixa, o fornecimento via rede \u00e9 extremamente irregular).<\/p><p>N\u00e3o se sabe quantas v\u00edtimas causar\u00e1 o encerramento deliberado dos hospitais de Gaza. Disto n\u00e3o haver\u00e1 nenhuma not\u00edcia nos nossos meios de comunica\u00e7\u00e3o, que, em vez disso, destacaram o que foi declarado pelo vice-primeiro-ministro Matteo Salvini na sua recente visita a Israel: \u201cTodo o meu empenho em defender o direito \u00e0 seguran\u00e7a de Israel, baluarte da democracia no M\u00e9dio Oriente \u201c.<\/p><p>(Il Manifesto, 22 de janeiro de 2019)<\/p><p>Fonte:http:\/\/www.marx21.it\/index.php\/internazionale\/pace-e-guerra\/29501-israele-licenza-di-uccidere\n","protected":false},"excerpt":{"rendered":"<a class=\"moretag\" href=\"https:\/\/pcb.org.br\/portal2\/22075\"> <\/a>","protected":false},"author":1,"featured_media":0,"comment_status":"closed","ping_status":"closed","sticky":false,"template":"","format":"standard","meta":{"jetpack_post_was_ever_published":false,"_jetpack_newsletter_access":"","_jetpack_dont_email_post_to_subs":false,"_jetpack_newsletter_tier_id":0,"_jetpack_memberships_contains_paywalled_content":false,"_jetpack_memberships_contains_paid_content":false,"footnotes":"","jetpack_publicize_message":"","jetpack_publicize_feature_enabled":true,"jetpack_social_post_already_shared":true,"jetpack_social_options":{"image_generator_settings":{"template":"highway","default_image_id":0,"font":"","enabled":false},"version":2}},"categories":[255],"tags":[225],"class_list":["post-22075","post","type-post","status-publish","format-standard","hentry","category-israel","tag-4a"],"jetpack_publicize_connections":[],"jetpack_featured_media_url":"","jetpack_shortlink":"https:\/\/wp.me\/p659gw-5K3","jetpack-related-posts":[],"jetpack_likes_enabled":true,"jetpack_sharing_enabled":true,"_links":{"self":[{"href":"https:\/\/pcb.org.br\/portal2\/wp-json\/wp\/v2\/posts\/22075","targetHints":{"allow":["GET"]}}],"collection":[{"href":"https:\/\/pcb.org.br\/portal2\/wp-json\/wp\/v2\/posts"}],"about":[{"href":"https:\/\/pcb.org.br\/portal2\/wp-json\/wp\/v2\/types\/post"}],"author":[{"embeddable":true,"href":"https:\/\/pcb.org.br\/portal2\/wp-json\/wp\/v2\/users\/1"}],"replies":[{"embeddable":true,"href":"https:\/\/pcb.org.br\/portal2\/wp-json\/wp\/v2\/comments?post=22075"}],"version-history":[{"count":0,"href":"https:\/\/pcb.org.br\/portal2\/wp-json\/wp\/v2\/posts\/22075\/revisions"}],"wp:attachment":[{"href":"https:\/\/pcb.org.br\/portal2\/wp-json\/wp\/v2\/media?parent=22075"}],"wp:term":[{"taxonomy":"category","embeddable":true,"href":"https:\/\/pcb.org.br\/portal2\/wp-json\/wp\/v2\/categories?post=22075"},{"taxonomy":"post_tag","embeddable":true,"href":"https:\/\/pcb.org.br\/portal2\/wp-json\/wp\/v2\/tags?post=22075"}],"curies":[{"name":"wp","href":"https:\/\/api.w.org\/{rel}","templated":true}]}}