{"id":2212,"date":"2011-12-30T02:14:42","date_gmt":"2011-12-30T02:14:42","guid":{"rendered":"http:\/\/pcb.org.br\/portal2\/?p=2212"},"modified":"2011-12-30T02:14:42","modified_gmt":"2011-12-30T02:14:42","slug":"a-semana-no-olhar-comunista-0023","status":"publish","type":"post","link":"https:\/\/pcb.org.br\/portal2\/2212","title":{"rendered":"A Semana no Olhar Comunista &#8211; 0023"},"content":{"rendered":"\n<p>\u00a0<\/p>\n<hr \/>\n<p><strong>Para &#8220;eles&#8221;, n\u00e3o faltam recursos<\/strong><\/p>\n<p>As contas do setor p\u00fablico (governos federal, estaduais e municipais, al\u00e9m de empresas estatais) registraram &#8220;super\u00e1vit prim\u00e1rio&#8221;, a verdadeira &#8220;bolsa financista&#8221;, de R$ 126,8 bilh\u00f5es de janeiro a novembro (3,36% do PIB), informou o Banco Central. O resultado representa 99% da meta de super\u00e1vit revisada para o conjunto de 2011 (R$ 127,9 bilh\u00f5es), o que indica que a meta ser\u00e1 batida &#8211; deixando alegres os banqueiros e a imprensa venal. Nos ocumulado de 12 meses at\u00e9 novembro, a quantia somou R$ 137,6 bilh\u00f5es (3,34% do PIB).<\/p>\n<p>O esfor\u00e7o do governo para honrar seu compromisso de classe com o sistema financeiro cresceu 39,6% em rela\u00e7\u00e3o ao mesmo per\u00edodo de 2010, que foi de R$ 90,8 bilh\u00f5es (2,65% do PIB). O chefe do Departamento Econ\u00f4mico do Banco Central, Tulio Maciel, afirmou que o governo trabalha para o cumprimento da meta, obviamente j\u00e1 batida. \u201cO compromisso do governo \u00e9 com o cumprimento da meta. Naturalmente, pode vir a ultrapassar de uma forma residual, pequena, mas o compromisso \u00e9 com a meta\u201d, disse. Um &#8220;trocado&#8221; a mais no bolso da banca n\u00e3o faz mal, n\u00e3o \u00e9, lacaio?<\/p>\n<p>\u00a0<\/p>\n<hr \/>\n<p><strong>Para a Educa\u00e7\u00e3o, sim&#8230;<\/strong><\/p>\n<p>A estimativa \u00e9 da C\u00e2mara de Educa\u00e7\u00e3o B\u00e1sica do Conselho Nacional de Educa\u00e7\u00e3o: haver\u00e1 d\u00e9ficit de cerca de 300 mil professores no pa\u00eds em 2012 nas redes estaduais e municipais &#8211; 15% do total de educadores em sala de aula (2 milh\u00f5es). De acordo com a imprensa, &#8220;sal\u00e1rios baixos, falta de profissionais no mercado, aus\u00eancia de plano de carreira e mau gerenciamento do quadro de servidores s\u00e3o apontados como as principais causas da car\u00eancia&#8221;. At\u00e9 a\u00ed, nenhuma novidade. Basta observar dados j\u00e1 divulgados pelo Sindicato Estadual dos Profissionais de Ensino do Rio de Janeiro (Sepe), por exemplo: o piso nacional da categoria de R$ 1.187 para 40 horas n\u00e3o motiva a perman\u00eancia na escola. De acordo com o Sepe, a rede estadual do Rio perder\u00e1 um educador a cada dia \u00fatil por exonera\u00e7\u00e3o, mantendo a m\u00e9dia deste ano. O d\u00e9ficit nas escolas chegaria a 10 mil profissionais. J\u00e1 em Santa Catarina, h\u00e1 falta de professores em 90% das \u00a01.234 escolas estaduais. Em Mato Grosso do Sul, dos cerca de 17 mil educadores efetivos e convocados da rede estadual, metade n\u00e3o \u00e9 concursada. E no Rio Grande do Sul, dos 77 mil professores que est\u00e3o em sala de aula, 26 mil n\u00e3o s\u00e3o concursados.<\/p>\n<p>\u00a0<\/p>\n<hr \/>\n<p><strong>Trabalhadores financiam obras fara\u00f4nicas da Copa 2014<\/strong><\/p>\n<p>O governo reservou R$ 4 bilh\u00f5es do or\u00e7amento do Fundo de Garantia por Tempo de Servi\u00e7o (FGTS) em 2012 \u00e0s obras de transporte de massa nas cidades que v\u00e3o sediar a Copa de 2014. De acordo com not\u00edcia veiculado por O Globo, &#8220;o valor consome quase todos os recursos que o Fundo destinou \u00e0 infraestrutura nos grandes centros em todo o pa\u00eds, no total de R$ 5 bilh\u00f5es. Equivale a um ter\u00e7o dos R$ 12,112 bilh\u00f5es de investimento previsto nos 49 projetos que constam do Programa de Acelera\u00e7\u00e3o do Crescimento (PAC da Mobilidade Urbana) e visam ao evento esportivo&#8221;.<\/p>\n<p>\u00e9 o dinheiro suado de todos os tarbalhadores financiando obras que, em suia maioria, n\u00e3o sofreram licita\u00e7\u00e3o e j\u00e1 tiveram seus valores extrapolados em algumas vezes. A quantia carimbada para tais obras constam de circular da Caixa Econ\u00f4mica Federal publicada no Di\u00e1rio Oficial da Uni\u00e3o na \u00faltima quarta-feira (28\/12).<\/p>\n<p>Por fim, cabe lembrar, como afirma O Globo, o descumprimento de uma promessa: &#8220;Ao sancionar a Lei 12.546, que trata de benef\u00edcios tribut\u00e1rios ao setor produtivo, a presidente Dilma Rousseff vetou o uso dos recursos do Fundo de Infraestrutura (FI) do FGTS \u2014 criado no lan\u00e7amento do PAC, em 2007, com recursos do patrim\u00f4nio l\u00edquido do Fundo, que \u00e9 desvinculado da conta dos trabalhadores \u2014 nesse tipo de projeto, al\u00e9m de outras iniciativas para a Copa, como hot\u00e9is e empreendimentos comerciais em geral. A presidente alegou que as obras relacionados \u00e0 Copa j\u00e1 disp\u00f5em de linhas de cr\u00e9dito espec\u00edficas&#8221;.<\/p>\n<p>\u00a0<\/p>\n<hr \/>\n<p>O Olhar Comunista se despede de voc\u00ea, leitor, com sauda\u00e7\u00f5es de lutas e conquistas em 2012. Venceremos!<\/p>\n","protected":false},"excerpt":{"rendered":"\n\n\n\n\n\n\n\n\n\n\n\nO Olhar Comunista publica essa edi\u00e7\u00e3o extra com as \u00faltimas informa\u00e7\u00f5es do ano: super\u00e1vit prim\u00e1rio cumprido, falta de professores no ensino p\u00fablico e dinheiro dos trabalhadores finaciando as absurdas obras da Copa 2014.\n<a class=\"moretag\" href=\"https:\/\/pcb.org.br\/portal2\/2212\"> <\/a>","protected":false},"author":1,"featured_media":0,"comment_status":"open","ping_status":"open","sticky":false,"template":"","format":"standard","meta":{"jetpack_post_was_ever_published":false,"_jetpack_newsletter_access":"","_jetpack_dont_email_post_to_subs":false,"_jetpack_newsletter_tier_id":0,"_jetpack_memberships_contains_paywalled_content":false,"_jetpack_memberships_contains_paid_content":false,"footnotes":"","jetpack_publicize_message":"","jetpack_publicize_feature_enabled":true,"jetpack_social_post_already_shared":false,"jetpack_social_options":{"image_generator_settings":{"template":"highway","default_image_id":0,"font":"","enabled":false},"version":2}},"categories":[100],"tags":[],"class_list":["post-2212","post","type-post","status-publish","format-standard","hentry","category-c113-a-semana-no-olhar-comunista"],"jetpack_publicize_connections":[],"jetpack_featured_media_url":"","jetpack_shortlink":"https:\/\/wp.me\/p659gw-zG","jetpack-related-posts":[],"jetpack_likes_enabled":true,"jetpack_sharing_enabled":true,"_links":{"self":[{"href":"https:\/\/pcb.org.br\/portal2\/wp-json\/wp\/v2\/posts\/2212","targetHints":{"allow":["GET"]}}],"collection":[{"href":"https:\/\/pcb.org.br\/portal2\/wp-json\/wp\/v2\/posts"}],"about":[{"href":"https:\/\/pcb.org.br\/portal2\/wp-json\/wp\/v2\/types\/post"}],"author":[{"embeddable":true,"href":"https:\/\/pcb.org.br\/portal2\/wp-json\/wp\/v2\/users\/1"}],"replies":[{"embeddable":true,"href":"https:\/\/pcb.org.br\/portal2\/wp-json\/wp\/v2\/comments?post=2212"}],"version-history":[{"count":0,"href":"https:\/\/pcb.org.br\/portal2\/wp-json\/wp\/v2\/posts\/2212\/revisions"}],"wp:attachment":[{"href":"https:\/\/pcb.org.br\/portal2\/wp-json\/wp\/v2\/media?parent=2212"}],"wp:term":[{"taxonomy":"category","embeddable":true,"href":"https:\/\/pcb.org.br\/portal2\/wp-json\/wp\/v2\/categories?post=2212"},{"taxonomy":"post_tag","embeddable":true,"href":"https:\/\/pcb.org.br\/portal2\/wp-json\/wp\/v2\/tags?post=2212"}],"curies":[{"name":"wp","href":"https:\/\/api.w.org\/{rel}","templated":true}]}}