{"id":22125,"date":"2019-01-29T02:16:21","date_gmt":"2019-01-29T04:16:21","guid":{"rendered":"https:\/\/pcb.org.br\/portal2\/?p=22125"},"modified":"2019-01-31T23:28:12","modified_gmt":"2019-02-01T01:28:12","slug":"previdencia-governo-quer-agradar-os-ricos-e-atacar-os-pobres","status":"publish","type":"post","link":"https:\/\/pcb.org.br\/portal2\/22125","title":{"rendered":"Previd\u00eancia: governo quer agradar os ricos e atacar os pobres"},"content":{"rendered":"\n<img decoding=\"async\" class=\"imagem\" title=\"imagem\"  alt=\"imagem\"  src=\"https:\/\/i0.wp.com\/www.cidadealertavicosa.com.br\/wp-content\/uploads\/2016\/12\/07-06-Previd%C3%AAncia-quebrada-700x445-1.jpg\"\/><!--more-->Lutar contra a reforma da Previd\u00eancia \u00e9 defender os direitos dos trabalhadores\n Intersindical &#8211; Instrumento de Luta e Resist\u00eancia da Classe Trabalhadora<\/p><p>A reforma da Previd\u00eancia gestada pelo ministro da economia Paulo Guedes &#8211; que ao presidente caber\u00e1 apenas anunciar e fazer propaganda &#8211; tem como objetivo retirar direitos dos mais pobres para garantir ainda mais os privil\u00e9gios dos mais ricos.<\/p><p>O fundamental da reforma, al\u00e9m de aumentar a idade para aposentadoria de homens e mulheres, \u00e9 acabar com a regra b\u00e1sica da Previd\u00eancia, ou seja, o princ\u00edpio da solidariedade em que todos contribuem: o aposentado contribuiu ao longo de seu tempo de trabalho e os que est\u00e3o no trabalho hoje contribuem solidariamente para garantir as aposentadorias de agora e as do futuro.<\/p><p>A proposta do governo, travestida de \u201cpoupan\u00e7a individual\u201d, na verdade \u00e9 entregar para os bancos privados a contribui\u00e7\u00e3o individual do trabalhador. Al\u00e9m disso, a contribui\u00e7\u00e3o passa a ser somente do trabalhador; nesse modelo n\u00e3o existe a contribui\u00e7\u00e3o patronal para a Previd\u00eancia.<\/p><p>O modelo foi copiado do Chile da \u00e9poca do ditador Augusto Pinochet. Depois de mais de tr\u00eas d\u00e9cadas, os trabalhadores chilenos que agora est\u00e3o aposentados sentem as consequ\u00eancias do que significou essa reforma:  n\u00e3o conseguem sobreviver com a aposentadoria que, em muitos casos, \u00e9 a metade do valor do sal\u00e1rio m\u00ednimo do pa\u00eds. As consequ\u00eancias s\u00e3o t\u00e3o avassaladoras nas vidas dos trabalhadores e suas fam\u00edlias que o \u00edndice de suic\u00eddios de aposentados no Chile aumentou.<\/p><p>Outras medidas est\u00e3o sendo preparadas pelo governo para piorar ainda mais o acesso aos benef\u00edcios previdenci\u00e1rios como, por exemplo, excluir da contagem para aposentadoria o tempo em que o trabalhador ficou afastado por motivo de doen\u00e7a ou acidente. \u00c9 mais uma tentativa de eliminar fun\u00e7\u00f5es b\u00e1sicas da Previd\u00eancia, que, al\u00e9m de garantir a aposentadoria, tamb\u00e9m deve garantir assist\u00eancia ao trabalhador quando n\u00e3o est\u00e1 trabalhando, impedido por problemas de sa\u00fade.<\/p><p>O objetivo tamb\u00e9m \u00e9 dificultar ainda mais o direito \u00e0 aposentadoria dos trabalhadores rurais, ao mesmo tempo em que, para o agroneg\u00f3cio, o governo busca formas de p\u00f4r fim \u00e0s fiscaliza\u00e7\u00f5es das condi\u00e7\u00f5es de trabalho e de respeito aos direitos trabalhistas e de liberar geral a invas\u00e3o das terras ind\u00edgenas e quilombolas.<\/p><p>N\u00e3o s\u00e3o poucas tamb\u00e9m as tentativas do governo de piorar o acesso dos portadores de necessidades especiais e de idosos de baixa renda ao Benef\u00edcio de Presta\u00e7\u00e3o Continuada, o BCP. Al\u00e9m disso, quer p\u00f4r fim ao aux\u00edlio reclus\u00e3o, um benef\u00edcio previdenci\u00e1rio concedido aos filhos de pessoas encarceradas.<\/p><p>Nenhuma dessas medidas que o governo Bolsonaro pretende impor ataca o calote das empresas \u00e0 Previd\u00eancia, que j\u00e1 ultrapassa R$ 400 bilh\u00f5es.<\/p><p>Tamb\u00e9m n\u00e3o h\u00e1 nenhuma altera\u00e7\u00e3o nas aposentadorias dos militares, aposentadorias que custam 17 vezes mais ao Estado do que os benef\u00edcios e aposentadorias dos trabalhadores nas empresas privadas. Os militares que j\u00e1 nos governos anteriores se colocavam contra qualquer altera\u00e7\u00e3o em suas aposentadorias, agora sendo parte do atual governo, a cada dia se revezam para defender seus interesses corporativos.<\/p><p>Enquanto o governo quer avan\u00e7ar contra direitos dos trabalhadores e dos mais pobres, mais de 140 deputados e ex-deputados &#8211; incluindo Jair Bolsonaro &#8211; poder\u00e3o, a partir do m\u00eas que vem, pedir sua aposentadoria, que \u00e9 muito superior ao teto do INSS: aproximadamente R$33 mil. No caso de Bolsonaro, ele poder\u00e1 acumular com o sal\u00e1rio de presidente, que \u00e9 de R$ 30.934,70.<\/p><p>Ao ser questionado se o presidente vai entrar com o pedido de aposentadoria, a resposta do governo foi o sil\u00eancio.<\/p><p>A proposta de reforma da Previd\u00eancia est\u00e1 acompanhada tamb\u00e9m do aprofundamento do ataque aos direitos trabalhistas. A tentativa de cria\u00e7\u00e3o de uma nova Carteira de Trabalho, sem piso salarial e sem direitos, a restri\u00e7\u00e3o \u00e0 atua\u00e7\u00e3o do Minist\u00e9rio P\u00fablico do Trabalho e a inten\u00e7\u00e3o de p\u00f4r fim \u00e0 Justi\u00e7a do Trabalho fazem parte do pacote do governo de acabar com os direitos garantidos atrav\u00e9s de muita luta.<\/p><p>O caminho para impedir esse ataque brutal aos direitos segue sendo a luta dos trabalhadores: em cada local de trabalho, moradia e estudo \u00e9 preciso fazer avan\u00e7ar a mobiliza\u00e7\u00e3o que crie as condi\u00e7\u00f5es de uma luta geral do conjunto da classe trabalhadora.<\/p><p>\u00c9 nisso que estamos empenhados em unidade de a\u00e7\u00e3o com todas as Organiza\u00e7\u00f5es que de fato estejam dispostas a enfrentar os ataques do governo aos direitos da classe trabalhadora.<\/p><p>\n","protected":false},"excerpt":{"rendered":"<a class=\"moretag\" href=\"https:\/\/pcb.org.br\/portal2\/22125\"> <\/a>","protected":false},"author":1,"featured_media":0,"comment_status":"closed","ping_status":"closed","sticky":false,"template":"","format":"standard","meta":{"jetpack_post_was_ever_published":false,"_jetpack_newsletter_access":"","_jetpack_dont_email_post_to_subs":false,"_jetpack_newsletter_tier_id":0,"_jetpack_memberships_contains_paywalled_content":false,"_jetpack_memberships_contains_paid_content":false,"footnotes":"","jetpack_publicize_message":"","jetpack_publicize_feature_enabled":true,"jetpack_social_post_already_shared":true,"jetpack_social_options":{"image_generator_settings":{"template":"highway","default_image_id":0,"font":"","enabled":false},"version":2}},"categories":[241,31],"tags":[219],"class_list":["post-22125","post","type-post","status-publish","format-standard","hentry","category-previdencia-social","category-c31-unidade-classista","tag-manchete"],"jetpack_publicize_connections":[],"jetpack_featured_media_url":"","jetpack_shortlink":"https:\/\/wp.me\/p659gw-5KR","jetpack-related-posts":[],"jetpack_likes_enabled":true,"jetpack_sharing_enabled":true,"_links":{"self":[{"href":"https:\/\/pcb.org.br\/portal2\/wp-json\/wp\/v2\/posts\/22125","targetHints":{"allow":["GET"]}}],"collection":[{"href":"https:\/\/pcb.org.br\/portal2\/wp-json\/wp\/v2\/posts"}],"about":[{"href":"https:\/\/pcb.org.br\/portal2\/wp-json\/wp\/v2\/types\/post"}],"author":[{"embeddable":true,"href":"https:\/\/pcb.org.br\/portal2\/wp-json\/wp\/v2\/users\/1"}],"replies":[{"embeddable":true,"href":"https:\/\/pcb.org.br\/portal2\/wp-json\/wp\/v2\/comments?post=22125"}],"version-history":[{"count":0,"href":"https:\/\/pcb.org.br\/portal2\/wp-json\/wp\/v2\/posts\/22125\/revisions"}],"wp:attachment":[{"href":"https:\/\/pcb.org.br\/portal2\/wp-json\/wp\/v2\/media?parent=22125"}],"wp:term":[{"taxonomy":"category","embeddable":true,"href":"https:\/\/pcb.org.br\/portal2\/wp-json\/wp\/v2\/categories?post=22125"},{"taxonomy":"post_tag","embeddable":true,"href":"https:\/\/pcb.org.br\/portal2\/wp-json\/wp\/v2\/tags?post=22125"}],"curies":[{"name":"wp","href":"https:\/\/api.w.org\/{rel}","templated":true}]}}