{"id":22129,"date":"2019-01-29T23:29:52","date_gmt":"2019-01-30T01:29:52","guid":{"rendered":"https:\/\/pcb.org.br\/portal2\/?p=22129"},"modified":"2019-01-29T23:31:19","modified_gmt":"2019-01-30T01:31:19","slug":"bolsonaro-e-nethanyahu-a-opcao-preferencial-pela-barbarie","status":"publish","type":"post","link":"https:\/\/pcb.org.br\/portal2\/22129","title":{"rendered":"Bolsonaro e Nethanyahu: a op\u00e7\u00e3o preferencial pela barb\u00e1rie"},"content":{"rendered":"\n<img data-recalc-dims=\"1\" height=\"483\" width=\"747\" decoding=\"async\" class=\"imagem\" title=\"imagem\"  alt=\"imagem\"  src=\"https:\/\/i0.wp.com\/outraspalavras.net\/wp-content\/uploads\/2019\/01\/large2-1024x662.jpg?resize=747%2C483&#038;ssl=1\"\/><!--more-->Outras Palavras<\/p><p>por Berenice Bento e Sayid Marcos Ten\u00f3rio<\/p><p>Ao chamar ao Brasil o ex\u00e9rcito brutal de Israel e condecorar um criminoso de guerra, o governo Bolsonaro confirma sua submiss\u00e3o aos EUA e coloca o pa\u00eds na rota do isolamento diplom\u00e1tico.<\/p><p>N\u00e3o era por nos surpreender. Nada do que este governo tem dito e feito est\u00e1 fora do perfil pol\u00edtico do ex-capit\u00e3o Bolsonaro. Infelizmente, no entanto, a sensa\u00e7\u00e3o de surpresa ainda nos afeta. Por segundos pensamos: n\u00e3o ser\u00e1 uma fakenews? N\u00e3o \u00e9 poss\u00edvel que este governo esteja t\u00e3o desconectado dos debates internacionais. Como \u00e9 poss\u00edvel conceder a Ordem Nacional do Cruzeiro do Sul, no grau de Gr\u00e3-Cruz, a Benjamin Netanyahu, Primeiro-Ministro de Israel? N\u00e3o resta d\u00favida, o Decreto foi publicado no Di\u00e1rio Oficial da Uni\u00e3o em 17 de janeiro.<\/p><p>Homenagear qualquer representante do Estado de Israel, um pa\u00eds que viola sistematicamente todas as Resolu\u00e7\u00f5es da ONU e Conven\u00e7\u00f5es Internacionais em a\u00e7\u00f5es criminosas contra o povo palestino, \u00e9 tornar-se c\u00famplice. No entanto, quando o governo demonstra admira\u00e7\u00e3o oficial por Benjamin Netanyahu, um pol\u00edtico que n\u00e3o nega a tradi\u00e7\u00e3o genocida dos primeiros-ministros israelenses anteriores, mas a aprofunda, h\u00e1 neste ato um rompimento simb\u00f3lico definitivo com a pol\u00edtica exterior brasileira.<\/p><p>Quem \u00e9 o primeiro-ministro israelense? Netanyahu \u00e9 acusado de receber um milh\u00e3o de shekels [moeda de Israel, valor equivalente a quase 300 mil d\u00f3lares] como propina, al\u00e9m de charutos, champanhe e joias de dois empres\u00e1rios, em troca de favores do governo israelense. Acusado de subornar, com dinheiro do Estado, o jornal Yedioth Ahronoth, para obter a publica\u00e7\u00e3o de not\u00edcias favor\u00e1veis ao seu governo. E receber propina para que Israel comprasse tr\u00eas submarinos da empresa alem\u00e3 ThyssenKrupp, mesmo contra a posi\u00e7\u00e3o do Minist\u00e9rio da Defesa de Israel, que n\u00e3o via utilidade desses aparelhos alem\u00e3es de guerra. A marca Krupp \u00e9 famosa por seus canh\u00f5es e fornos utilizados nos campos de concentra\u00e7\u00e3o nazistas, al\u00e9m de financiar os crimes de Hitler contra judeus durante a Segunda Guerra Mundial. <\/p><p>O mesmo Netanyahu que acumula todas estas acusa\u00e7\u00f5es tamb\u00e9m ordena bombardeios contra Gaza, nos quais \u00e9 praticado o exterm\u00ednio em massa de civis, entre eles milhares de crian\u00e7as nos anos de 2012 e 2014; o mesmo Netanyahu que autoriza a constru\u00e7\u00e3o de assentamentos ilegais nos territ\u00f3rios palestinos, elevando ainda mais as tens\u00f5es do conflito; o mesmo Netanyahu presidente do partido de extrema direita Likud, que prega a limpeza \u00e9tnica e a destitui\u00e7\u00e3o de qualquer direito dos palestinos a suas terras hist\u00f3ricas.<\/p><p>Mas seria esta condecora\u00e7\u00e3o um raio cortando o ce\u00fa azul? Passados os segundos inicias de surpresa, tivemos que admitir: h\u00e1 coer\u00eancia do decreto com tudo que o j\u00e1 foi dito pelo presidente da Rep\u00fablica em rela\u00e7\u00e3o a Israel at\u00e9 o momento.<\/p><p>Vejamos:<\/p><p>Desde sua campanha eleitoral, o ex-capit\u00e3o do Ex\u00e9rcito brasileiro declarou que, se eleito, adotaria uma nova atitude diplom\u00e1tica, por meio da qual romperia com o vi\u00e9s \u201cideol\u00f3gico\u201d das rela\u00e7\u00f5es brasileiras. Uma das suas atitudes seria o fechamento da Embaixada da Palestina no Brasil, conforme declarou ao jornal O Estado de S. Paulo de 07\/08\/2018. Segundo ele \u201ca Palestina, n\u00e3o sendo um pa\u00eds, n\u00e3o tem direito a Embaixada aqui. N\u00e3o pode fazer puxadinho\u201d. Ao contr\u00e1rio da presidenta Dilma que \u201cnegociou com a Palestina e n\u00e3o com o povo de l\u00e1. Voc\u00ea n\u00e3o negocia com terrorista, ent\u00e3o, aquela embaixada do lado do [Pal\u00e1cio do] Planalto, ali n\u00e3o \u00e9 \u00e1rea para isso\u201d.<\/p><p>Por diversas vezes afirmou que uma de suas primeiras viagens oficiais seria para Israel e que iria autorizar a mudan\u00e7a da Embaixada brasileira para Jerusal\u00e9m, seguindo o exemplo do presidente Donald Trump, de quem se declara f\u00e3. A comunidade judaica brasileira, embora com fissuras internas, apoiou a campanha para a elei\u00e7\u00e3o do ex-capit\u00e3o e todos os seus movimentos de aproxima\u00e7\u00e3o incondicional com Israel.<\/p><p>A visita do primeiro-ministro de Israel e criminoso de guerra, Benjamin Netanyahu, foi a \u201cjoia da coroa\u201d de uma posse presidencial esvaziada de l\u00edderes mundiais e marcada por um forte vi\u00e9s ideol\u00f3gico, em que vizinhos de continente foram desconvidados na v\u00e9spera. Netanyahu chegou ao Rio de Janeiro no dia 27 dezembro de 2018, onde manteve a primeira reuni\u00e3o bilateral com o presidente eleito. A visita do infanticida ao Brasil gerou in\u00fameras manifesta\u00e7\u00f5es de rep\u00fadio por meio das redes sociais. No dia 29\/12, cercado por dezenas de agentes do servi\u00e7o secreto israelense Mossad, Netanyahu aventurou-se num passeio pela praia do Leme, onde estava hospedado e onde ouviu gritos de \u201cFree Palestine!\u201d [Palestina livre!], vindos de pessoas comuns que o reconheceram. Na companhia de Bolsonaro, visitou uma sinagoga, onde o presidente eleito foi saudado efusivamente pelos presentes com gritos de \u201cmito, mito\u201d, gritado inclusive pelo chef\u00e3o sionista.<\/p><p>Nos encontros que mantiveram, Bolsonaro mostrou coer\u00eancia ao seu interlocutor. Jurou seu amor por Israel e anunciou sua ades\u00e3o ao projeto colonial sionista, cujo principal gesto seria a transfer\u00eancia da Embaixada brasileira de Tel-Aviv para Jerusal\u00e9m. Prometeu mais acordos com Israel, numa clara demonstra\u00e7\u00e3o da sua cumplicidade com a limpeza \u00e9tnica que Israel promove na Palestina desde 1947.<\/p><p>Promessas que j\u00e1 havia feito durante a campanha presidencial e foi o mote que mobilizou aliados de peso, como empres\u00e1rios e lideran\u00e7as evang\u00e9licas, que se denominam \u201csionistas crist\u00e3os\u201d, inteiramente favor\u00e1veis \u00e0 transfer\u00eancia da embaixada para Jerusal\u00e9m. Os sionistas crist\u00e3os acreditam que o retorno dos judeus \u00e0 Terra Santa e o estabelecimento do Estado de Israel em 1948 est\u00e1 de acordo com a profecia b\u00edblica, j\u00e1 desmontada historicamente: n\u00e3o h\u00e1 liga\u00e7\u00f5es entre os judeus b\u00edblicos e os atuais israelenses sionistas. Mas a tese continua a ser utilizada fortemente pelo movimento sionista para justificar a coloniza\u00e7\u00e3o da Palestina e a limpeza \u00e9tnica de seus habitantes.\n\u201cO avesso, do avesso, do avesso\u2026\u201d<\/p><p>A decis\u00e3o de transfer\u00eancia da Embaixada para Jerusal\u00e9m continua em disputa nas esferas governistas. Bolsonaro confirmou-a em entrevista ao jornal Israel Hayon, em 1\u00ba de novembro. Recuou ap\u00f3s o Egito cancelar a visita, em 6 de dezembro, do chanceler Aloysio Nunes ao pa\u00eds. Ele afirmou que a transfer\u00eancia n\u00e3o seria uma \u201cquest\u00e3o de honra\u201d. Outro recuo foi anunciado dias depois, quando foi divulgado que o Brasil estabeleceria n\u00e3o uma embaixada em Jerusal\u00e9m, mas um escrit\u00f3rio de representa\u00e7\u00e3o.<\/p><p>Ap\u00f3s encontro com Bolsonaro, Netanyahu foi porta-voz de um novo recuo do presidente. Dessa vez ele declarou que a mudan\u00e7a n\u00e3o era uma quest\u00e3o de \u201cse\u201d ser\u00e1 feita, mas \u201cquando\u201d. O ministro chefe da Secretaria de Governo, general Carlos Alberto Santos Cruz, em entrevista \u00e0 BBC News Brasil, no dia 4 de janeiro, disse que \u201celes [evang\u00e9licos] v\u00e3o ficar na esperan\u00e7a. Porque uma coisa \u00e9 voc\u00ea dizer que tem inten\u00e7\u00e3o, outra coisa \u00e9 voc\u00ea concretizar. Para sair de uma ideia para a vida real, voc\u00ea tem uma s\u00e9rie de outras considera\u00e7\u00f5es de ordem pr\u00e1tica\u201d.<\/p><p>Diversos setores est\u00e3o mobilizados em torno desta quest\u00e3o. Conselheiros do presidente sugeriram-lhe deixar as coisas como est\u00e3o. Entre eles, o vice-presidente, general Hamilton Mour\u00e3o, que alertou para o fato de que essa transfer\u00eancia traria \u201cimplica\u00e7\u00f5es geopol\u00edticas importantes\u201d e que mudar a embaixada seria \u201cum passo arriscado\u201d.<\/p><p>Al\u00e9m das repercuss\u00f5es diplom\u00e1ticas, vozes sensatas alertaram Bolsonaro para as consequ\u00eancias econ\u00f4micas, uma vez que as transa\u00e7\u00f5es comerciais com os pa\u00edses \u00e1rabes s\u00e3o muito significativas, enquanto que as com Israel, insignificantes. Setores como os de produ\u00e7\u00e3o de a\u00e7\u00facar, carne halal de boi e de frango e milho, s\u00e3o cruciais para o com\u00e9rcio brasileiro com na\u00e7\u00f5es isl\u00e2micas do oriente M\u00e9dio e \u00c1sia.<\/p><p>Segundo o minist\u00e9rio da Ind\u00fastria e Com\u00e9rcio Exterior, somente em 2018 as trocas entre o Brasil e estes pa\u00edses somaram US$ 22,9 bilh\u00f5es, com uma balan\u00e7a favor\u00e1vel ao Brasil em US$ 8,8 bilh\u00f5es. Enquanto que com Israel, o fluxo de neg\u00f3cios rendeu apenas US$ 1,49 bilh\u00f5es, apresentando um d\u00e9ficit de US$ 847,8 milh\u00f5es! Pa\u00edses de maioria mu\u00e7ulmana compram cerca de 70% de todas as exporta\u00e7\u00f5es brasileiras de a\u00e7\u00facar, 46% do milho em gr\u00e3os, 37% da carne de frango e 27% da carne de boi. Um potencial nada desprez\u00edvel e que n\u00e3o seria absorvido pelos novos amigos de Bolsonaro nem no curto e nem no m\u00e9dio prazo.<\/p><p>Independentemente de se o Brasil manter\u00e1 embaixada ou escrit\u00f3rio em Jerusal\u00e9m, a transfer\u00eancia interfere diretamente na confian\u00e7a e reputa\u00e7\u00e3o do Brasil no concerto das na\u00e7\u00f5es e pode contribuir de forma decisiva para o isolamento do pa\u00eds, que ao longo nos \u00faltimos anos vinha se aliando com pa\u00edses latino-americanos, africanos e \u00e1rabes nas vota\u00e7\u00f5es multilaterais. Essa mudan\u00e7a poder\u00e1 afetar a situa\u00e7\u00e3o do Brasil em disputas comerciais em organismos como a ONU, OMC e OCDE. Al\u00e9m do mais, trata-se de uma medida que ignora as recomenda\u00e7\u00f5es e decis\u00f5es das Na\u00e7\u00f5es Unidas e afronta o direito \u00e0 autodetermina\u00e7\u00e3o dos palestinos, que vivem h\u00e1 70 anos sob ocupa\u00e7\u00e3o ilegal e limpeza \u00e9tnica.<\/p><p>O resultado das elei\u00e7\u00f5es de 2018 p\u00f4s na presid\u00eancia da Rep\u00fablica um pol\u00edtico direitista com fortes la\u00e7os com sionistas e fascistas e com olhares servis para os Estados Unidos, em detrimento dos avan\u00e7os obtidos nos governos anteriores, atrav\u00e9s da cria\u00e7\u00e3o do Mercosul, do BRICS e da aproxima\u00e7\u00e3o positiva com a \u00c1frica e o Oriente M\u00e9dio. N\u00e3o \u00e9 poss\u00edvel, contudo, fazer pol\u00edtica externa sem alian\u00e7as. E aqui \u00e9 necess\u00e1rio admitir: o Brasil est\u00e1 alinhado com aquilo que representa a barb\u00e1rie.<\/p><p>Foto: Leo Correa<\/p><p>\n","protected":false},"excerpt":{"rendered":"<a class=\"moretag\" href=\"https:\/\/pcb.org.br\/portal2\/22129\"> <\/a>","protected":false},"author":1,"featured_media":0,"comment_status":"closed","ping_status":"closed","sticky":false,"template":"","format":"standard","meta":{"jetpack_post_was_ever_published":false,"_jetpack_newsletter_access":"","_jetpack_dont_email_post_to_subs":false,"_jetpack_newsletter_tier_id":0,"_jetpack_memberships_contains_paywalled_content":false,"_jetpack_memberships_contains_paid_content":false,"footnotes":"","jetpack_publicize_message":"","jetpack_publicize_feature_enabled":true,"jetpack_social_post_already_shared":true,"jetpack_social_options":{"image_generator_settings":{"template":"highway","default_image_id":0,"font":"","enabled":false},"version":2}},"categories":[7],"tags":[227],"class_list":["post-22129","post","type-post","status-publish","format-standard","hentry","category-s8-brasil","tag-5a"],"jetpack_publicize_connections":[],"jetpack_featured_media_url":"","jetpack_shortlink":"https:\/\/wp.me\/p659gw-5KV","jetpack-related-posts":[],"jetpack_likes_enabled":true,"jetpack_sharing_enabled":true,"_links":{"self":[{"href":"https:\/\/pcb.org.br\/portal2\/wp-json\/wp\/v2\/posts\/22129","targetHints":{"allow":["GET"]}}],"collection":[{"href":"https:\/\/pcb.org.br\/portal2\/wp-json\/wp\/v2\/posts"}],"about":[{"href":"https:\/\/pcb.org.br\/portal2\/wp-json\/wp\/v2\/types\/post"}],"author":[{"embeddable":true,"href":"https:\/\/pcb.org.br\/portal2\/wp-json\/wp\/v2\/users\/1"}],"replies":[{"embeddable":true,"href":"https:\/\/pcb.org.br\/portal2\/wp-json\/wp\/v2\/comments?post=22129"}],"version-history":[{"count":0,"href":"https:\/\/pcb.org.br\/portal2\/wp-json\/wp\/v2\/posts\/22129\/revisions"}],"wp:attachment":[{"href":"https:\/\/pcb.org.br\/portal2\/wp-json\/wp\/v2\/media?parent=22129"}],"wp:term":[{"taxonomy":"category","embeddable":true,"href":"https:\/\/pcb.org.br\/portal2\/wp-json\/wp\/v2\/categories?post=22129"},{"taxonomy":"post_tag","embeddable":true,"href":"https:\/\/pcb.org.br\/portal2\/wp-json\/wp\/v2\/tags?post=22129"}],"curies":[{"name":"wp","href":"https:\/\/api.w.org\/{rel}","templated":true}]}}