{"id":22154,"date":"2019-01-31T23:23:47","date_gmt":"2019-02-01T01:23:47","guid":{"rendered":"https:\/\/pcb.org.br\/portal2\/?p=22154"},"modified":"2019-02-04T00:03:53","modified_gmt":"2019-02-04T02:03:53","slug":"cavas-subaquaticas-e-brumadinho-tudo-a-ver-sim","status":"publish","type":"post","link":"https:\/\/pcb.org.br\/portal2\/22154","title":{"rendered":"Cavas Subaqu\u00e1ticas e Brumadinho: tudo a ver, sim!"},"content":{"rendered":"\n<img decoding=\"async\" class=\"imagem\" title=\"imagem\"  alt=\"imagem\"  src=\"https:\/\/i0.wp.com\/unidadeclassista.org.br\/uc1\/wp-content\/uploads\/2019\/01\/FB_IMG_1548808625659.jpg\"\/><!--more-->Unidade Classista &#8211; Cubat\u00e3o<\/p><p>A nota publicada nesta segunda-feira (28) pela Prefeitura de Cubat\u00e3o exp\u00f5e de forma inequ\u00edvoca (e desavergonhada) a l\u00f3gica desesperada que orienta as a\u00e7\u00f5es dos \u201cgrandes homens de neg\u00f3cios\u201d em nosso pa\u00eds: o lucro a qualquer pre\u00e7o. Mais do que isso, a nota revela tamb\u00e9m os estreitos v\u00ednculos (pra n\u00e3o dizer prom\u00edscuos) que unem esses capit\u00e3es da ind\u00fastria e das finan\u00e7as e os poderes p\u00fablicos constitu\u00eddos.<\/p><p>Logo no in\u00edcio, a nota procura, de forma agressiva, desvincular a trag\u00e9dia ocorrida em Brumadinho e o processo de constru\u00e7\u00e3o das cavas subaqu\u00e1ticas no Canal Pia\u00e7aguera, levado a cabo pela VLI, empresa criada em 2010 para administrar as opera\u00e7\u00f5es log\u00edsticas da Vale S\/A. A estrat\u00e9gia parece ser desqualificar qualquer opini\u00e3o contr\u00e1ria aos interesses daqueles que defendem o conte\u00fado da nota, uma vez que uma poss\u00edvel rela\u00e7\u00e3o entre as duas trag\u00e9dias \u00e9 vista como uma \u201cliga\u00e7\u00e3o descabida\u201d; para a Prefeitura de Cubat\u00e3o, \u201cs\u00e3o assuntos totalmente diferentes\u201d.<\/p><p>Mas a nota n\u00e3o demora em revelar os verdadeiros interesses da administra\u00e7\u00e3o municipal de Cubat\u00e3o: o favorecimento da \u201ceconomia regional\u201d por meio do \u201caumento do com\u00e9rcio exterior\u201d; da\u00ed a necessidade do \u201caprofundamento controlado\u201d do Canal para a \u201camplia\u00e7\u00e3o de terminais portu\u00e1rios\u201d, etc. Ora, qual seria o objetivo da Vale S\/A (e dos poderes p\u00fablicos, seus c\u00famplices) com a constru\u00e7\u00e3o das barragens em Brumadinho e Mariana? N\u00e3o seria, por acaso, o desenvolvimento econ\u00f4mico da regi\u00e3o? Al\u00e9m disso, mesmo depois da trag\u00e9dia de Mariana, n\u00e3o nos foi dito que as barragens da Vale S\/A eram seguras?<\/p><p>Bom, de fato, para al\u00e9m dos objetivos formalmente admitidos, o que a Vale S\/A (maior empresa privada do Brasil e a segunda maior mineradora do mundo) deixa de legado para nossos irm\u00e3os mineiros \u00e9 um rastro de destrui\u00e7\u00e3o, mis\u00e9ria, mortes e profunda tristeza; algo bem diferente daquele para\u00edso de tr\u00eas bilh\u00f5es em royalties que havia sido prometido em 2018.<\/p><p>Mas os vendedores de ilus\u00f5es s\u00e3o insistentes. A nota se apoia em pretensas audi\u00eancias p\u00fablicas e no acompanhamento t\u00e9cnico rigoroso por parte dos \u00f3rg\u00e3os de fiscaliza\u00e7\u00e3o, em especial a Cetesb, para legitimar a exist\u00eancia das cavas. Neste ponto, a estrat\u00e9gia passa a ser a legitima\u00e7\u00e3o do empreendimento por meio do discurso da transpar\u00eancia e da efic\u00e1cia simb\u00f3lica da tecnologia. Ademais, o que falta de realidade factual na argumenta\u00e7\u00e3o desses propagandistas do progresso sobra em covardia para anotar que a Prefeitura de Cubat\u00e3o \u201cn\u00e3o tem inger\u00eancia sobre os processos de licenciamento\u201d, caso algo d\u00ea errado num futuro muito pr\u00f3ximo\u2026<\/p><p>Na verdade, as \u201caudi\u00eancias p\u00fablicas\u201d n\u00e3o passaram de encena\u00e7\u00f5es. Com apenas dois encontros, e com n\u00famero reduzid\u00edssimo de pessoas, o resultado das audi\u00eancias n\u00e3o ultrapassou os limites de se converter num verniz democr\u00e1tico para embelezar o apetite voraz e bestial daqueles que realmente se beneficiar\u00e3o com a constru\u00e7\u00e3o das cavas. As fotos dessas \u201caudi\u00eancias\u201d, publicadas junto com a nota, revelam, por si s\u00f3, um fato incontest\u00e1vel: uma decis\u00e3o t\u00e3o importante, que vai afetar a vida de milhares de pessoas, n\u00e3o pode se restringir a um n\u00famero irris\u00f3rio de debatedores. Quanto \u00e0 Cetesb, nos pouparemos de tecer maiores coment\u00e1rios, uma vez que a falta de isen\u00e7\u00e3o deste \u00f3rg\u00e3o de fiscaliza\u00e7\u00e3o governamental \u00e9 largamente conhecida.<\/p><p>Seja como for, o que os autores da nota buscam esconder \u00e9 que os dois empreendimentos da Vale S\/A diferem apenas na apar\u00eancia, pois a l\u00f3gica destrutiva que os rege \u00e9 exatamente a mesma: a diminui\u00e7\u00e3o dos custos e a maximiza\u00e7\u00e3o dos lucros, em detrimento da vida.<\/p><p>Cubat\u00e3o, 29 de janeiro de 2019.\n\n\n\n<p><\/p>\n","protected":false},"excerpt":{"rendered":"<a class=\"moretag\" href=\"https:\/\/pcb.org.br\/portal2\/22154\"> <\/a>","protected":false},"author":1,"featured_media":0,"comment_status":"closed","ping_status":"closed","sticky":false,"template":"","format":"standard","meta":{"jetpack_post_was_ever_published":false,"_jetpack_newsletter_access":"","_jetpack_dont_email_post_to_subs":false,"_jetpack_newsletter_tier_id":0,"_jetpack_memberships_contains_paywalled_content":false,"_jetpack_memberships_contains_paid_content":false,"footnotes":"","jetpack_publicize_message":"","jetpack_publicize_feature_enabled":true,"jetpack_social_post_already_shared":true,"jetpack_social_options":{"image_generator_settings":{"template":"highway","default_image_id":0,"font":"","enabled":false},"version":2}},"categories":[239],"tags":[224],"class_list":["post-22154","post","type-post","status-publish","format-standard","hentry","category-ambiental","tag-3b"],"jetpack_publicize_connections":[],"jetpack_featured_media_url":"","jetpack_shortlink":"https:\/\/wp.me\/p659gw-5Lk","jetpack-related-posts":[],"jetpack_likes_enabled":true,"jetpack_sharing_enabled":true,"_links":{"self":[{"href":"https:\/\/pcb.org.br\/portal2\/wp-json\/wp\/v2\/posts\/22154","targetHints":{"allow":["GET"]}}],"collection":[{"href":"https:\/\/pcb.org.br\/portal2\/wp-json\/wp\/v2\/posts"}],"about":[{"href":"https:\/\/pcb.org.br\/portal2\/wp-json\/wp\/v2\/types\/post"}],"author":[{"embeddable":true,"href":"https:\/\/pcb.org.br\/portal2\/wp-json\/wp\/v2\/users\/1"}],"replies":[{"embeddable":true,"href":"https:\/\/pcb.org.br\/portal2\/wp-json\/wp\/v2\/comments?post=22154"}],"version-history":[{"count":0,"href":"https:\/\/pcb.org.br\/portal2\/wp-json\/wp\/v2\/posts\/22154\/revisions"}],"wp:attachment":[{"href":"https:\/\/pcb.org.br\/portal2\/wp-json\/wp\/v2\/media?parent=22154"}],"wp:term":[{"taxonomy":"category","embeddable":true,"href":"https:\/\/pcb.org.br\/portal2\/wp-json\/wp\/v2\/categories?post=22154"},{"taxonomy":"post_tag","embeddable":true,"href":"https:\/\/pcb.org.br\/portal2\/wp-json\/wp\/v2\/tags?post=22154"}],"curies":[{"name":"wp","href":"https:\/\/api.w.org\/{rel}","templated":true}]}}