{"id":222,"date":"2009-11-30T00:00:00","date_gmt":"2009-11-30T00:00:00","guid":{"rendered":"http:\/\/pcb.org.br\/portal2\/?p=222"},"modified":"2009-11-30T00:00:00","modified_gmt":"2009-11-30T00:00:00","slug":"repudio-ao-terrorismo-do-estado-de-israel","status":"publish","type":"post","link":"https:\/\/pcb.org.br\/portal2\/222","title":{"rendered":"Rep\u00fadio ao terrorismo do Estado de Israel"},"content":{"rendered":"\n<p>O governo israelense promove mais uma vez a t\u00e1tica de &#8220;ataques preventivos&#8221; t\u00e3o propalada no Governo Bush, aumentando a viol\u00eancia contra o povo palestino que h\u00e1 d\u00e9cadas tem sua na\u00e7\u00e3o dividida e usurpada pela partilha imperialista de seu leg\u00edtimo territ\u00f3rio e que, no caso da Faixa de Gaza, \u00e9 palco de priva\u00e7\u00f5es de todo o tipo, devido ao criminoso embargo promovido pelo governo israelense.<\/p>\n<p>Os ataques ocorridos nesses \u00faltimos dias j\u00e1 mataram mais de 300 pessoas e deixaram mais de 1.000 feridos, muitos em estado grave. Parte da regi\u00e3o est\u00e1 sem energia el\u00e9trica afetando o funcionamento de hospitais.<\/p>\n<p>Pela dimens\u00e3o do ataque e a generaliza\u00e7\u00e3o inescrupulosa do bombardeio, pode-se garantir que este j\u00e1 \u00e9 um dos maiores genoc\u00eddios praticados por armamento de guerra em t\u00e3o pouco tempo nesse inicio de s\u00e9culo. O terrorismo de Estado promovido pelo governo israelense, ao inv\u00e9s de por fim \u00e0 crise na regi\u00e3o, s\u00f3 a aprofunda.<\/p>\n<p>O PCB condena veementemente a carnificina promovida pelo Estado sionista de Israel contra a popula\u00e7\u00e3o palestina e conclama as entidades e organiza\u00e7\u00f5es populares, democr\u00e1ticas e antiimperialistas a se manifestarem em atos p\u00fablicos em solidariedade ao povo palestino. Exige tamb\u00e9m do governo brasileiro que condene com firmeza a infame agress\u00e3o que, se n\u00e3o for detida imediatamente, pode descambar numa invas\u00e3o ao territ\u00f3rio palestino, n\u00e3o com objetivo de ocupa\u00e7\u00e3o (que j\u00e1 existe na pr\u00e1tica), mas de provocar o exterm\u00ednio desse valoroso povo, que n\u00e3o se curva ao sionismo e ao imperialismo e que merece a mais irrestrita solidariedade dos povos do mundo todo.<\/p>\n<p>Rep\u00fadio ao terrorismo do Estado de Israel! Pela autodetermina\u00e7\u00e3o do Povo Palestino! Pela cria\u00e7\u00e3o do Estado da Palestina!<\/p>\n<p>Rio de Janeiro, 29 de Dezembro de 2008<\/p>\n<p>PCB- Partido Comunista Brasileiro<\/p>\n","protected":false},"excerpt":{"rendered":"\n\n\nCr\u00e9dito: coletivotrinca.wordpress.com\n\n\n\n\nPARTIDO COMUNISTA BRASILEIRO &#8211; PCB\nAcesse o blog SOMOS TODOS PALESTINOS\nO Comit\u00ea Central do PCB vem a p\u00fablico manifestar seu rep\u00fadio ao massacre criminoso que est\u00e1 ocorrendo na Faixa de Gaza, promovido pelo Estado sionista de Israel que, sob o pretexto de combater o terrorismo, ataca pessoas indefesas, em sua grande maioria crian\u00e7as e mulheres palestinas que moram na regi\u00e3o, v\u00edtimas de bombas jogadas sobre casas, escolas e locais de trabalho. Tecnologias militares modernas s\u00e3o usadas covardemente contra um povo proibido de ter for\u00e7as armadas convencionais e de obter armamento para se defender.\n<a class=\"moretag\" href=\"https:\/\/pcb.org.br\/portal2\/222\"> <\/a>","protected":false},"author":1,"featured_media":0,"comment_status":"open","ping_status":"open","sticky":false,"template":"","format":"standard","meta":{"jetpack_post_was_ever_published":false,"_jetpack_newsletter_access":"","_jetpack_dont_email_post_to_subs":false,"_jetpack_newsletter_tier_id":0,"_jetpack_memberships_contains_paywalled_content":false,"_jetpack_memberships_contains_paid_content":false,"footnotes":"","jetpack_publicize_message":"","jetpack_publicize_feature_enabled":true,"jetpack_social_post_already_shared":false,"jetpack_social_options":{"image_generator_settings":{"template":"highway","default_image_id":0,"font":"","enabled":false},"version":2}},"categories":[78],"tags":[],"class_list":["post-222","post","type-post","status-publish","format-standard","hentry","category-c91-solidariedade-a-palestina"],"jetpack_publicize_connections":[],"jetpack_featured_media_url":"","jetpack_shortlink":"https:\/\/wp.me\/p659gw-3A","jetpack-related-posts":[],"jetpack_likes_enabled":true,"jetpack_sharing_enabled":true,"_links":{"self":[{"href":"https:\/\/pcb.org.br\/portal2\/wp-json\/wp\/v2\/posts\/222","targetHints":{"allow":["GET"]}}],"collection":[{"href":"https:\/\/pcb.org.br\/portal2\/wp-json\/wp\/v2\/posts"}],"about":[{"href":"https:\/\/pcb.org.br\/portal2\/wp-json\/wp\/v2\/types\/post"}],"author":[{"embeddable":true,"href":"https:\/\/pcb.org.br\/portal2\/wp-json\/wp\/v2\/users\/1"}],"replies":[{"embeddable":true,"href":"https:\/\/pcb.org.br\/portal2\/wp-json\/wp\/v2\/comments?post=222"}],"version-history":[{"count":0,"href":"https:\/\/pcb.org.br\/portal2\/wp-json\/wp\/v2\/posts\/222\/revisions"}],"wp:attachment":[{"href":"https:\/\/pcb.org.br\/portal2\/wp-json\/wp\/v2\/media?parent=222"}],"wp:term":[{"taxonomy":"category","embeddable":true,"href":"https:\/\/pcb.org.br\/portal2\/wp-json\/wp\/v2\/categories?post=222"},{"taxonomy":"post_tag","embeddable":true,"href":"https:\/\/pcb.org.br\/portal2\/wp-json\/wp\/v2\/tags?post=222"}],"curies":[{"name":"wp","href":"https:\/\/api.w.org\/{rel}","templated":true}]}}