{"id":2224,"date":"2012-01-05T11:33:55","date_gmt":"2012-01-05T11:33:55","guid":{"rendered":"http:\/\/pcb.org.br\/portal2\/?p=2224"},"modified":"2017-08-25T00:55:00","modified_gmt":"2017-08-25T03:55:00","slug":"ameacados-de-morte-no-para-divulgam-carta","status":"publish","type":"post","link":"https:\/\/pcb.org.br\/portal2\/2224","title":{"rendered":"AMEA\u00c7ADOS DE MORTE NO PAR\u00c1 DIVULGAM CARTA"},"content":{"rendered":"\n<p>Trabalhadores e lideran\u00e7as amea\u00e7ados de morte nas regi\u00f5es sul e sudeste do Par\u00e1 participam de Encontro realizado em Marab\u00e1 (PA) e divulgam Carta \u00e0s Autoridades. Confira:<\/p>\n<p>CARTA \u00c0S AUTORIDADES<\/p>\n<p>N\u00f3s, trabalhadores e trabalhadoras rurais, amea\u00e7ados de morte e vivendo em situa\u00e7\u00e3o de risco nas regi\u00f5es sul e sudeste do Par\u00e1, reunidos em um encontro em Marab\u00e1, nos dias 09 e 10 do m\u00eas corrente, para avaliar nossa situa\u00e7\u00e3o, nos dirigimos \u00e0s autoridades estaduais e federais para expor nossas preocupa\u00e7\u00f5es e apresentar nossas reivindica\u00e7\u00f5es.<\/p>\n<p>Constatamos que a situa\u00e7\u00e3o \u00e9 grave, apenas nas regi\u00f5es sul e sudeste, s\u00e3o mais de 40 lideran\u00e7as em situa\u00e7\u00e3o de risco em raz\u00e3o das amea\u00e7as e, em 2011, j\u00e1 ocorreram 10 assassinatos de trabalhadores rurais nessas regi\u00f5es. As amea\u00e7as, infelizmente, em muitos casos, acabam se cumprindo resultando no assassinato de muitos camponeses.<\/p>\n<p>A fal\u00eancia do INCRA e da Reforma Agr\u00e1ria \u00e9 a principal causa geradora das amea\u00e7as, e por consequ\u00eancia das mortes. Processos de desapropria\u00e7\u00e3o ou arrecada\u00e7\u00e3o de terras p\u00fablicas se arrastam por d\u00e9cadas, desencadeando conflitos graves e expondo os trabalhadores e suas lideran\u00e7as \u00e0 a\u00e7\u00e3o criminosa de pistoleiros a mando de fazendeiros e madeireiros. Em 2011, nenhuma fazenda foi desapropriada e nenhum assentamento foi criado nas regi\u00f5es sul e sudeste. S\u00e3o mais de 10 mil fam\u00edlias aguardando serem assentadas, enfrentando todas as formas de viol\u00eancia.<\/p>\n<p>A inoper\u00e2ncia do IBAMA e da Pol\u00edcia Federal em coibir e penalizar a extra\u00e7\u00e3o ilegal de madeira e a produ\u00e7\u00e3o ilegal de carv\u00e3o \u00e9 um incentivo \u00e0 continuidade das amea\u00e7as e das mortes. O assassinato de Jos\u00e9 Cl\u00e1udio e Maria em Nova Ipixuna no \u00faltimo dia 24 de maio \u00e9 um exemplo disso.<\/p>\n<p>A impunidade promovida pela seguran\u00e7a p\u00fablica e pelo poder judici\u00e1rio constitui elemento incentivador para a continuidade dos crimes. As amea\u00e7as, geralmente, n\u00e3o s\u00e3o investigadas, a investiga\u00e7\u00e3o e identifica\u00e7\u00e3o dos autores dos crimes contra os trabalhadores sempre ficam pela metade e a conclus\u00e3o dos processos criminais e consequente condena\u00e7\u00e3o dos respons\u00e1veis pelos crimes dificilmente acontece. Os processos se arrastam por 5, 10 e at\u00e9 20 anos e muitos deles acabam prescrevendo.<\/p>\n<p>Frente \u00e0 situa\u00e7\u00e3o exposta, reivindicamos das autoridades:<\/p>\n<p>1 \u2013 Maior agilidade do INCRA nos processos de arrecada\u00e7\u00e3o de terras p\u00fablicas e desapropria\u00e7\u00e3o de latif\u00fandios improdutivos para que os conflitos sejam mais rapidamente solucionados;<\/p>\n<p>2 \u2013 A investiga\u00e7\u00e3o de todas as amea\u00e7as registradas nas Delegacias de Pol\u00edcia por parte de trabalhadores e lideran\u00e7as amea\u00e7adas;<\/p>\n<p>3 \u2013 Investiga\u00e7\u00e3o por parte das corregedorias de pol\u00edcia e da Comiss\u00e3o de Combate \u00e0 Viol\u00eancia no Campo, das ilegalidades e arbitrariedades cometidas por policias civis e militares nos acampamentos e assentamentos;<\/p>\n<p>4 \u2013 Fiscaliza\u00e7\u00e3o por parte do IBAMA da extra\u00e7\u00e3o ilegal de madeira, desmatamentos ilegais e produ\u00e7\u00e3o ilegal de carv\u00e3o nas \u00e1reas ocupadas e nos assentamentos e investiga\u00e7\u00e3o da Pol\u00edcia Federal e Minist\u00e9rio P\u00fablico Federal dos crimes ambientais e agr\u00e1rios cometidos por madeireiros e fazendeiros;<\/p>\n<p>5 \u2013 Fortalecimento do Programa de Defensores de Direitos Humanos, para que este tenha condi\u00e7\u00f5es de monitorar a situa\u00e7\u00e3o dos amea\u00e7ados, acompanhar a apura\u00e7\u00e3o das amea\u00e7as e garantir seguran\u00e7as para as pessoas em situa\u00e7\u00e3o de risco;<\/p>\n<p>6 \u2013 Implanta\u00e7\u00e3o de um posto tempor\u00e1rio da For\u00e7a Nacional no Projeto de Assentamento Agro-extrativista em Nova Ipixuna, considerando a ofensiva de madeireiros, grileiros e produtores de carv\u00e3o ilegal e a situa\u00e7\u00e3o de amea\u00e7as aos familiares de Jos\u00e9 Cl\u00e1udio e Maria, especialmente, Laiza Sampaio;<\/p>\n<p>7 \u2013 Prorroga\u00e7\u00e3o da Prote\u00e7\u00e3o feita pela For\u00e7a Nacional \u00e0s lideran\u00e7as e trabalhadores dos amea\u00e7ados.<\/p>\n<p>Marab\u00e1, \u00a0 dezembro de 2011.<\/p>\n<p>Trabalhadores e lideran\u00e7as amea\u00e7adas de morte nas regi\u00f5es sul e sudeste do Par\u00e1<\/p>\n<p>Fonte:\u00a0http:\/\/www.cptnacional.org.br\/index.php?option=com_content&amp;view=article&amp;id=914<\/p>\n","protected":false},"excerpt":{"rendered":"\n\n\nCr\u00e9dito: TVT\n\n\n\n\n\n\n\n\nPar\u00e1\n<a class=\"moretag\" href=\"https:\/\/pcb.org.br\/portal2\/2224\"> <\/a>","protected":false},"author":1,"featured_media":0,"comment_status":"open","ping_status":"open","sticky":false,"template":"","format":"standard","meta":{"jetpack_post_was_ever_published":false,"_jetpack_newsletter_access":"","_jetpack_dont_email_post_to_subs":false,"_jetpack_newsletter_tier_id":0,"_jetpack_memberships_contains_paywalled_content":false,"_jetpack_memberships_contains_paid_content":false,"footnotes":"","jetpack_publicize_message":"","jetpack_publicize_feature_enabled":true,"jetpack_social_post_already_shared":false,"jetpack_social_options":{"image_generator_settings":{"template":"highway","default_image_id":0,"font":"","enabled":false},"version":2}},"categories":[7],"tags":[],"class_list":["post-2224","post","type-post","status-publish","format-standard","hentry","category-s8-brasil"],"jetpack_publicize_connections":[],"jetpack_featured_media_url":"","jetpack_shortlink":"https:\/\/wp.me\/p659gw-zS","jetpack-related-posts":[],"jetpack_likes_enabled":true,"jetpack_sharing_enabled":true,"_links":{"self":[{"href":"https:\/\/pcb.org.br\/portal2\/wp-json\/wp\/v2\/posts\/2224","targetHints":{"allow":["GET"]}}],"collection":[{"href":"https:\/\/pcb.org.br\/portal2\/wp-json\/wp\/v2\/posts"}],"about":[{"href":"https:\/\/pcb.org.br\/portal2\/wp-json\/wp\/v2\/types\/post"}],"author":[{"embeddable":true,"href":"https:\/\/pcb.org.br\/portal2\/wp-json\/wp\/v2\/users\/1"}],"replies":[{"embeddable":true,"href":"https:\/\/pcb.org.br\/portal2\/wp-json\/wp\/v2\/comments?post=2224"}],"version-history":[{"count":0,"href":"https:\/\/pcb.org.br\/portal2\/wp-json\/wp\/v2\/posts\/2224\/revisions"}],"wp:attachment":[{"href":"https:\/\/pcb.org.br\/portal2\/wp-json\/wp\/v2\/media?parent=2224"}],"wp:term":[{"taxonomy":"category","embeddable":true,"href":"https:\/\/pcb.org.br\/portal2\/wp-json\/wp\/v2\/categories?post=2224"},{"taxonomy":"post_tag","embeddable":true,"href":"https:\/\/pcb.org.br\/portal2\/wp-json\/wp\/v2\/tags?post=2224"}],"curies":[{"name":"wp","href":"https:\/\/api.w.org\/{rel}","templated":true}]}}