{"id":22250,"date":"2019-02-09T00:46:28","date_gmt":"2019-02-09T02:46:28","guid":{"rendered":"https:\/\/pcb.org.br\/portal2\/?p=22250"},"modified":"2019-02-10T20:13:33","modified_gmt":"2019-02-10T22:13:33","slug":"india-gigantesca-manifestacao-comunista-depois-da-massiva-greve-geral","status":"publish","type":"post","link":"https:\/\/pcb.org.br\/portal2\/22250","title":{"rendered":"\u00cdndia: gigantesca manifesta\u00e7\u00e3o comunista depois da massiva greve geral"},"content":{"rendered":"\n<img decoding=\"async\" class=\"imagem\" title=\"imagem\"  alt=\"imagem\"  src=\"https:\/\/i0.wp.com\/www.resumenlatinoamericano.org\/wp-content\/uploads\/2019\/02\/7-de-feb-Imagen-concentracion-celebrada-Bengala-Occidental_EDIIMA20190206_0769_19-620x362.jpg\"\/><!--more-->Resumen Latinoamericano\n<\/p><p>\nCentenas de milhares de pessoas se concentraram no domingo passado (dia 03\/02), em uma manifesta\u00e7\u00e3o convocada pelo partido Frente das Esquerdas\n<\/p><p>\nCentenas de milhares de pessoas se concentraram no domingo passado nas ruas de Bengala Ocidental em uma concentra\u00e7\u00e3o organizada pelo partido Frente das Esquerdas, uma coaliz\u00e3o de partidos formada pelo Partido Comunista, o Partido Socialista Revolucion\u00e1rio, o Bloco Marxista Adiante e o Partido Comunista Revolucion\u00e1rio, entre outros.\n<\/p><p>\n\u201cA exitosa manifesta\u00e7\u00e3o em Kolkata foi poss\u00edvel gra\u00e7as \u00e0 dedica\u00e7\u00e3o de todos os camaradas e ao apoio massivo da poula\u00e7\u00e3o de Bengala Ocidental, que est\u00e1 sofrendo com as pol\u00edticas opressivas do governo central do Partido Popular da \u00cdndia (BJP) e do governo estadual de All India Trinamool Congress (TMC)\u201d, publicou nas redes sociais Sitaram Yechury, l\u00edder do Partido Comunista da \u00cdndia. \u201cDevemos expulsar ambos os governos para que o povo receba o que merece\u201d, assinalou. A Frente das Esquerdas de Bengala Ocidental governou este estado desde 1977 at\u00e9 2011.\n<\/p><p>\nA manifesta\u00e7\u00e3o se realizou um m\u00eas depois de uma greve geral de trabalhadores \u00e0 qual aderiram mais de 100 milh\u00f5es de pessoas. O governo do primeiro ministro Narendra Modi enfrentou tr\u00eas greves gerais em apenas cinco anos de mandato. A mobiliza\u00e7\u00e3o acontece tamb\u00e9m \u00e0s v\u00e9speras das pr\u00f3ximas elei\u00e7\u00f5es gerais do pa\u00eds, que se celebrar\u00e3o em maio deste ano.\n<\/p><p>\nTradu\u00e7\u00e3o: Partido Comunista Brasileiro (PCB)\n<\/p><p>\nFonte:<\/p><p>http:\/\/www.resumenlatinoamericano.org\/2019\/02\/07\/espectacular-manifestacion-comunista-en-india-semanas-despues-de-una-huelga-general-masiva\/\n","protected":false},"excerpt":{"rendered":"<a class=\"moretag\" href=\"https:\/\/pcb.org.br\/portal2\/22250\"> <\/a>","protected":false},"author":1,"featured_media":0,"comment_status":"closed","ping_status":"closed","sticky":false,"template":"","format":"standard","meta":{"jetpack_post_was_ever_published":false,"_jetpack_newsletter_access":"","_jetpack_dont_email_post_to_subs":false,"_jetpack_newsletter_tier_id":0,"_jetpack_memberships_contains_paywalled_content":false,"_jetpack_memberships_contains_paid_content":false,"footnotes":"","jetpack_publicize_message":"","jetpack_publicize_feature_enabled":true,"jetpack_social_post_already_shared":true,"jetpack_social_options":{"image_generator_settings":{"template":"highway","default_image_id":0,"font":"","enabled":false},"version":2}},"categories":[261],"tags":[234],"class_list":["post-22250","post","type-post","status-publish","format-standard","hentry","category-india","tag-6b"],"jetpack_publicize_connections":[],"jetpack_featured_media_url":"","jetpack_shortlink":"https:\/\/wp.me\/p659gw-5MS","jetpack-related-posts":[],"jetpack_likes_enabled":true,"jetpack_sharing_enabled":true,"_links":{"self":[{"href":"https:\/\/pcb.org.br\/portal2\/wp-json\/wp\/v2\/posts\/22250","targetHints":{"allow":["GET"]}}],"collection":[{"href":"https:\/\/pcb.org.br\/portal2\/wp-json\/wp\/v2\/posts"}],"about":[{"href":"https:\/\/pcb.org.br\/portal2\/wp-json\/wp\/v2\/types\/post"}],"author":[{"embeddable":true,"href":"https:\/\/pcb.org.br\/portal2\/wp-json\/wp\/v2\/users\/1"}],"replies":[{"embeddable":true,"href":"https:\/\/pcb.org.br\/portal2\/wp-json\/wp\/v2\/comments?post=22250"}],"version-history":[{"count":0,"href":"https:\/\/pcb.org.br\/portal2\/wp-json\/wp\/v2\/posts\/22250\/revisions"}],"wp:attachment":[{"href":"https:\/\/pcb.org.br\/portal2\/wp-json\/wp\/v2\/media?parent=22250"}],"wp:term":[{"taxonomy":"category","embeddable":true,"href":"https:\/\/pcb.org.br\/portal2\/wp-json\/wp\/v2\/categories?post=22250"},{"taxonomy":"post_tag","embeddable":true,"href":"https:\/\/pcb.org.br\/portal2\/wp-json\/wp\/v2\/tags?post=22250"}],"curies":[{"name":"wp","href":"https:\/\/api.w.org\/{rel}","templated":true}]}}