{"id":22331,"date":"2019-02-14T21:12:46","date_gmt":"2019-02-14T23:12:46","guid":{"rendered":"https:\/\/pcb.org.br\/portal2\/?p=22331"},"modified":"2019-02-14T21:12:51","modified_gmt":"2019-02-14T23:12:51","slug":"leila-khaled-guerreira-palestina-revolucionaria-marxista","status":"publish","type":"post","link":"https:\/\/pcb.org.br\/portal2\/22331","title":{"rendered":"Leila Khaled: guerreira palestina, revolucion\u00e1ria marxista"},"content":{"rendered":"\n<img decoding=\"async\" class=\"imagem\" title=\"imagem\"  alt=\"imagem\"  src=\"https:\/\/i0.wp.com\/bloglavrapalavra.files.wordpress.com\/2019\/02\/khaled.jpg\"\/><!--more-->Malena Hinze, via Liberation School, traduzido por Elisa Brasil\n<\/p><p>\nLavra Palavra\n<\/p><p>\n\u201cEu tenho uma causa maior e mais nobre que a minha, uma causa a qual todos os interesses e preocupa\u00e7\u00f5es privados devem ser subordinados.\u201d \u2013 Leila Khaled\n<\/p><p>\nAs mulheres palestinas t\u00eam participado de todas as formas de resist\u00eancia, incluindo a resist\u00eancia armada, desde que o povo palestino luta pela liberta\u00e7\u00e3o nacional.\n<\/p><p>\nProvavelmente, Leila Khaled \u00e9 internacionalmente a mais conhecida dessas hero\u00ednas. Ela dedicou sua vida para libertar a Palestina da ocupa\u00e7\u00e3o colonial e \u00e0 luta internacional pelo socialismo.\n<\/p><p>\nO movimento de resist\u00eancia palestino tem durado d\u00e9cadas. Khaled \u00e9 uma figura importante nessa luta, n\u00e3o apenas como mulher, mas como organizadora consciente da classe que nunca deixou de falar e lutar contra a ocupa\u00e7\u00e3o israelense da Palestina e seus defensores imperialistas, a saber, os Estados Unidos e a Gr\u00e3-Bretanha.\n<\/p><p>\nDo Nacionalismo ao Socialismo\n<\/p><p>\nKhaled nasceu em 1944 em Haifa, ent\u00e3o parte do Mandato Brit\u00e2nico da Palestina. Ela era uma menina quando os sionistas lan\u00e7aram uma guerra de terror contra os \u00e1rabes palestinos. Ela e sua fam\u00edlia tornaram-se refugiados junto com 750.000 palestinos quando o Estado de Israel foi fundado em 1948.\n<\/p><p>\nKhaled, como muitos palestinos desapropriados, cresceu em um campo de refugiados extremamente pobre em Tiro, no L\u00edbano.\n<\/p><p>\nDevido \u00e0s dif\u00edceis condi\u00e7\u00f5es materiais e sociais de sua vida, Khaled come\u00e7ou a desenvolver consci\u00eancia pol\u00edtica desde cedo. Aos 15 anos, ela se comprometeu em tempo integral com a luta palestina.\n<\/p><p>\nKhaled se juntou ao Movimento Nacionalista \u00c1rabe e mergulhou no ativismo pol\u00edtico. Ela freq\u00fcentou a Universidade Americana de Beirute, onde ajudou a organizar manifesta\u00e7\u00f5es da milit\u00e2ncia em apoio \u00e0 liberta\u00e7\u00e3o da Palestina.\n<\/p><p>\nAp\u00f3s sua forma\u00e7\u00e3o, Khaled se juntou \u00e0 Frente Popular marxista para a Liberta\u00e7\u00e3o da Palestina. Ela tornou-se uma ardente revolucion\u00e1ria comunista, professando admira\u00e7\u00e3o por L\u00eanin, Fidel Castro e Che, Ho Chi Minh e Kim II Sung, entre outros.\n<\/p><p>\nEla organizou uma c\u00e9lula da Frente Popular para a Liberta\u00e7\u00e3o da Palestina (a sigla em ingl\u00eas PFLP referente a Popular Front for the Liberation of Palestine) no Kuwait, ajudou a espalhar propaganda revolucion\u00e1ria durante a di\u00e1spora palestina e entre os \u00e1rabes da regi\u00e3o e se dedicou incansavelmente a v\u00e1rios projetos para ajudar financeiramente a PFLP.\n<\/p><p>\nKhaled logo se juntou a uma unidade de opera\u00e7\u00f5es especiais da PFLP e recebeu treinamento especializado para participar de opera\u00e7\u00f5es militares. Isso aconteceu depois que a PFLP e outros grupos palestinos da Organiza\u00e7\u00e3o de Liberta\u00e7\u00e3o da Palestina decidiram iniciar uma luta armada contra o Estado colonial de Israel, a fim de recuperar sua terra natal.\n<\/p><p>\nEm 1969 e 1970, ela e seus camaradas da PFLP realizaram uma s\u00e9rie de sequestros de avi\u00f5es comerciais para exigir a liberta\u00e7\u00e3o de presos pol\u00edticos palestinos, muitos dos quais estavam sofrendo tortura severa dentro das pris\u00f5es israelenses. O objetivo t\u00e1tico era ganhar a liberdade para os prisioneiros, ao mesmo tempo, trazendo a situa\u00e7\u00e3o do povo palestino para a aten\u00e7\u00e3o da comunidade internacional.\n<\/p><p>\nOpera\u00e7\u00f5es militares\n<\/p><p>\nDurante o sequestro em 1969 de um voo da TWA, na rota de Roma para Damasco, Khaled for\u00e7ou o piloto a sobrevoar Haifa para que ela pudesse olhar para a sua cidade natal, a qual ela n\u00e3o tinha permiss\u00e3o para visitar. Nenhum dos palestinos expulsos de sua terra natal por Israel foi autorizado a retornar.\n<\/p><p>\nNenhum passageiro ficou ferido na a\u00e7\u00e3o da TWA. A PFLP explodiu o avi\u00e3o vazio no solo, em Damasco, para ressaltar a seriedade da a\u00e7\u00e3o. Khaled e seu camarada Salim Issawi foram detidos por um breve per\u00edodo e finalmente libertados pelo governo da S\u00edria.\n<\/p><p>\nKhaled ent\u00e3o fez uma cirurgia pl\u00e1stica para esconder sua identidade. Isso permitiria que ela participasse de futuras opera\u00e7\u00f5es militares de alta qualifica\u00e7\u00e3o.\n<\/p><p>\nEla intentou um segundo sequestro sem ser descoberta; desta vez de um jato israelense El Al que viajava de Amsterd\u00e3. Durante esse sequestro, devido \u00e0 presen\u00e7a de guardas armados no avi\u00e3o, seu camarada Patrick Arguello \u2013 um internacionalista da Nicar\u00e1gua \u2013 foi morto. Khaled foi capturada e entregue \u00e0s autoridades brit\u00e2nicas.\n<\/p><p>\nEla foi libertada logo em seguida em troca de ref\u00e9ns ocidentais mantidos pela PFLP. A PFLP explodiu quatro avi\u00f5es comerciais sequestrados vazios em Dawson Field, na Jord\u00e2nia, enquanto a imprensa internacional observava.\n<\/p><p>\nAmbas as opera\u00e7\u00f5es militares mais famosas de Khaled obtiveram o \u00eaxito pretendido e a tornaram uma hero\u00edna no Oriente M\u00e9dio e em outros lugares. Como Khaled descreveu em sua autobiografia, \u201cNosso objetivo m\u00ednimo era a inscri\u00e7\u00e3o do nome da Palestina na mem\u00f3ria da humanidade e na mente de todo libert\u00e1rio que se preze e que acredita no direito do subjugado \u00e0 autodetermina\u00e7\u00e3o. \u2026 N\u00f3s est\u00e1vamos empenhados em atacar o cora\u00e7\u00e3o do opressor. \u201d\n<\/p><p>\nO perfil internacional de Khaled levantou n\u00e3o apenas quest\u00f5es de liberta\u00e7\u00e3o nacional, mas o papel fundamental desempenhado pelas mulheres no movimento palestino.\n<\/p><p>\nQuando perguntada em uma entrevista se ela era uma terrorista, Khaled respondeu: \u201cSempre que ou\u00e7o essa palavra, fa\u00e7o outra pergunta. Quem plantou o terrorismo em nossa \u00e1rea? Alguns vieram e tomaram nossa terra, nos for\u00e7aram a sair, nos for\u00e7aram a viver em acampamentos. Eu acho que isso \u00e9 terrorismo. Usar meios para resistir a esse terrorismo e impedir seus efeitos \u2013 isso se chama luta \u201d.\n<\/p><p>\nA Resist\u00eancia continua\n<\/p><p>\nPor mais de 50 anos, Khaled permaneceu uma revolucion\u00e1ria dedicada. Ela \u00e9 admirada por mulheres e homens em todo o mundo.\n<\/p><p>\nEla atualmente vive com o marido e dois filhos em Am\u00e3, na Jord\u00e2nia. Ela n\u00e3o perdeu seu esp\u00edrito revolucion\u00e1rio e continuou seu ativismo pol\u00edtico com dedica\u00e7\u00e3o.\n<\/p><p>\nHoje em dia, Khaled frequentemente discursa em confer\u00eancias internacionais e continua a ser uma porta-voz articulada para a luta de liberta\u00e7\u00e3o da Palestina, sempre levantando a centralidade do direito de retorno dos refugiados palestinos.\n<\/p><p>\nSegundo Khaled, \u201ca luta dos palestinos tomou muitas faces. Luta armada, intifada e agora ambos. O que significa que enquanto houver ocupa\u00e7\u00e3o em nosso pa\u00eds, o conflito continuar\u00e1.\u201d\n<\/p><p>\n<a href=\"https:\/\/lavrapalavra.com\/2019\/02\/12\/leila-khaled-guerreira-palestina-revolucionaria-marxista\/\">Leila Khaled: guerreira palestina, revolucion\u00e1ria&nbsp;marxista<\/a>\n","protected":false},"excerpt":{"rendered":"<a class=\"moretag\" href=\"https:\/\/pcb.org.br\/portal2\/22331\"> <\/a>","protected":false},"author":1,"featured_media":0,"comment_status":"closed","ping_status":"closed","sticky":false,"template":"","format":"standard","meta":{"jetpack_post_was_ever_published":false,"_jetpack_newsletter_access":"","_jetpack_dont_email_post_to_subs":false,"_jetpack_newsletter_tier_id":0,"_jetpack_memberships_contains_paywalled_content":false,"_jetpack_memberships_contains_paid_content":false,"footnotes":"","jetpack_publicize_message":"","jetpack_publicize_feature_enabled":true,"jetpack_social_post_already_shared":true,"jetpack_social_options":{"image_generator_settings":{"template":"highway","default_image_id":0,"font":"","enabled":false},"version":2}},"categories":[50],"tags":[234],"class_list":["post-22331","post","type-post","status-publish","format-standard","hentry","category-c61-cultura-revolucionaria","tag-6b"],"jetpack_publicize_connections":[],"jetpack_featured_media_url":"","jetpack_shortlink":"https:\/\/wp.me\/p659gw-5Ob","jetpack-related-posts":[],"jetpack_likes_enabled":true,"jetpack_sharing_enabled":true,"_links":{"self":[{"href":"https:\/\/pcb.org.br\/portal2\/wp-json\/wp\/v2\/posts\/22331","targetHints":{"allow":["GET"]}}],"collection":[{"href":"https:\/\/pcb.org.br\/portal2\/wp-json\/wp\/v2\/posts"}],"about":[{"href":"https:\/\/pcb.org.br\/portal2\/wp-json\/wp\/v2\/types\/post"}],"author":[{"embeddable":true,"href":"https:\/\/pcb.org.br\/portal2\/wp-json\/wp\/v2\/users\/1"}],"replies":[{"embeddable":true,"href":"https:\/\/pcb.org.br\/portal2\/wp-json\/wp\/v2\/comments?post=22331"}],"version-history":[{"count":0,"href":"https:\/\/pcb.org.br\/portal2\/wp-json\/wp\/v2\/posts\/22331\/revisions"}],"wp:attachment":[{"href":"https:\/\/pcb.org.br\/portal2\/wp-json\/wp\/v2\/media?parent=22331"}],"wp:term":[{"taxonomy":"category","embeddable":true,"href":"https:\/\/pcb.org.br\/portal2\/wp-json\/wp\/v2\/categories?post=22331"},{"taxonomy":"post_tag","embeddable":true,"href":"https:\/\/pcb.org.br\/portal2\/wp-json\/wp\/v2\/tags?post=22331"}],"curies":[{"name":"wp","href":"https:\/\/api.w.org\/{rel}","templated":true}]}}