{"id":22354,"date":"2019-02-17T22:41:27","date_gmt":"2019-02-18T01:41:27","guid":{"rendered":"https:\/\/pcb.org.br\/portal2\/?p=22354"},"modified":"2019-02-17T22:41:33","modified_gmt":"2019-02-18T01:41:33","slug":"argentina-um-milhao-de-pessoas-exigem-terra-teto-e-trabalho","status":"publish","type":"post","link":"https:\/\/pcb.org.br\/portal2\/22354","title":{"rendered":"Argentina: um milh\u00e3o de pessoas exigem \u201cterra, teto e trabalho&#8221;"},"content":{"rendered":"\n<img decoding=\"async\" class=\"imagem\" title=\"imagem\"  alt=\"imagem\"  src=\"https:\/\/i0.wp.com\/lh3.googleusercontent.com\/dVL2kRgwouY6Nc93iXW_eyqbeVZwvc0rJKj065GBwbHAXHlEDi9Wa7bJoYYFsTJKMM8dtMVb96sbNuHGi9EF1eE--w8FBJQ3L90v-Z8qLQ6Zg37S93-WKNk1XHgPFARzZqQR5JMp7INhWHNaGLsUvG1dfsMtxmPgA82uqTTnynEu3jurpS81eAynln2atlr2iUBOT6F-S1m73U8EcwXYy5OAoyBmjjcKXAA7zizYO3ZeVkgOQRWjO1Um1AVHjht94kcqwr9Sto4gKVnrnmC74UBllfMv0l_fsXhKft-fvQMXEI5HkjhGcJsouxtHqo1ixayzAkBFKYxN6qm3t9-hgq05BuHhvtKxXPbssvnDdqPbmPkjU75he7YXvTaGmcpWh9HHAzlJRWdccP6aBb0ZsVlrwWAa2ZM0lVo-eL8s0ZOKUGaiivxeaMyZLBOC3Kejrcq2IfNvQKJT4MTXgcQ7o1KUhtHgAXuRyCfz0R_V_W5PlfEIOmPKGR5W5oBrOU944hQd59vMMUApA2-nJRcL8Ttepn52l9CTyt9L7jHIgHMLMgl8MrZYDFsyMCExOrv55aBW4WoUJupmo3iCK3rwhWf0clK3XSwcc1_4m7SA96ukDPh891L2clQbwGESgWMJPi5hJ9szPcyprmZh6GSOlhOCyBNCM2FZ=w1048-h308-no\"\/><!--more-->&#8220;Se n\u00e3o ganhamos as ruas, vencer\u00e1 o FMI e se destruir\u00e1 a na\u00e7\u00e3o&#8221;, diz sindicalista\n<\/p><p>\nOpera Mundi &#8211; S\u00e3o Paulo (Brasil)\n<\/p><p>\nCerca de um milh\u00e3o de pessoas, segundo os organizadores, estiveram na quarta-feira, dia 13\/02, mobilizadas em diversas manifesta\u00e7\u00f5es pelo pa\u00eds pedindo &#8220;terra, teto e trabalho&#8221; contra a fome e os tarifa\u00e7os. Somente em Buenos Aires foram 200 mil os manifestantes. \n<\/p><p>\nA mobiliza\u00e7\u00e3o contou com o apoio de diversas centrais sindicais. &#8220;Se n\u00e3o ganhamos as ruas, vencer\u00e1 o FMI e se destruir\u00e1 a na\u00e7\u00e3o. Vamos defender nosso pa\u00eds e  a democracia argentina para nosso povo\u201d, afirmou o secret\u00e1rio general da Associa\u00e7\u00e3o dos Trabalhadores do Estado, Hugo \u201cCachorro\u201d Godoy. \n<\/p><p>\nNovos protestos ocorrer\u00e3o em 26 de fevereiro, greves e mobiliza\u00e7\u00f5es em todo o pa\u00eds, segundo ele. \n<\/p><p>\nA palavra de ordem dos manifestantes argentinos, que se concentraram em Buenos Aires em frente ao Minist\u00e9rio do Desenvolvimento Social, foi \u201cTerra, teto e trabalho\u201d. \n<\/p><p>\n\u201cA infla\u00e7\u00e3o que sofrem os setores mais pobres e humildes significa mais fome e pobreza, porque milhares de fam\u00edlias n\u00e3o podem ter o que comer todos os dias. Vivemos uma grave situa\u00e7\u00e3o social e trabalhista, que deve ser confrontada com pol\u00edticas p\u00fablicas para o setor mais afetado&#8221;, expresaram sindicatos e movimentos sociais em um comunicado.\n<\/p><p>\nCom informa\u00e7\u00f5es do jornal P\u00e1gina 12\n","protected":false},"excerpt":{"rendered":"<a class=\"moretag\" href=\"https:\/\/pcb.org.br\/portal2\/22354\"> <\/a>","protected":false},"author":1,"featured_media":0,"comment_status":"closed","ping_status":"closed","sticky":false,"template":"","format":"standard","meta":{"jetpack_post_was_ever_published":false,"_jetpack_newsletter_access":"","_jetpack_dont_email_post_to_subs":false,"_jetpack_newsletter_tier_id":0,"_jetpack_memberships_contains_paywalled_content":false,"_jetpack_memberships_contains_paid_content":false,"footnotes":"","jetpack_publicize_message":"","jetpack_publicize_feature_enabled":true,"jetpack_social_post_already_shared":true,"jetpack_social_options":{"image_generator_settings":{"template":"highway","default_image_id":0,"font":"","enabled":false},"version":2}},"categories":[57],"tags":[234],"class_list":["post-22354","post","type-post","status-publish","format-standard","hentry","category-c68-argentina","tag-6b"],"jetpack_publicize_connections":[],"jetpack_featured_media_url":"","jetpack_shortlink":"https:\/\/wp.me\/p659gw-5Oy","jetpack-related-posts":[],"jetpack_likes_enabled":true,"jetpack_sharing_enabled":true,"_links":{"self":[{"href":"https:\/\/pcb.org.br\/portal2\/wp-json\/wp\/v2\/posts\/22354","targetHints":{"allow":["GET"]}}],"collection":[{"href":"https:\/\/pcb.org.br\/portal2\/wp-json\/wp\/v2\/posts"}],"about":[{"href":"https:\/\/pcb.org.br\/portal2\/wp-json\/wp\/v2\/types\/post"}],"author":[{"embeddable":true,"href":"https:\/\/pcb.org.br\/portal2\/wp-json\/wp\/v2\/users\/1"}],"replies":[{"embeddable":true,"href":"https:\/\/pcb.org.br\/portal2\/wp-json\/wp\/v2\/comments?post=22354"}],"version-history":[{"count":0,"href":"https:\/\/pcb.org.br\/portal2\/wp-json\/wp\/v2\/posts\/22354\/revisions"}],"wp:attachment":[{"href":"https:\/\/pcb.org.br\/portal2\/wp-json\/wp\/v2\/media?parent=22354"}],"wp:term":[{"taxonomy":"category","embeddable":true,"href":"https:\/\/pcb.org.br\/portal2\/wp-json\/wp\/v2\/categories?post=22354"},{"taxonomy":"post_tag","embeddable":true,"href":"https:\/\/pcb.org.br\/portal2\/wp-json\/wp\/v2\/tags?post=22354"}],"curies":[{"name":"wp","href":"https:\/\/api.w.org\/{rel}","templated":true}]}}