{"id":22365,"date":"2019-02-17T23:09:08","date_gmt":"2019-02-18T02:09:08","guid":{"rendered":"https:\/\/pcb.org.br\/portal2\/?p=22365"},"modified":"2019-02-21T00:39:34","modified_gmt":"2019-02-21T03:39:34","slug":"nota-de-repudio-a-agressao-durante-o-15o-coneb-da-une","status":"publish","type":"post","link":"https:\/\/pcb.org.br\/portal2\/22365","title":{"rendered":"Nota de rep\u00fadio \u00e0 agress\u00e3o durante o 15\u00ba CONEB da UNE"},"content":{"rendered":"\n<img decoding=\"async\" class=\"imagem\" title=\"imagem\"  alt=\"imagem\"  src=\"https:\/\/i0.wp.com\/lh3.googleusercontent.com\/6f_7d_GV6qWlIwLxJxanroPX7AEA0AI7psDdg2bMSUIE6bt5sgxx44EcjuEVE-xHLUdNe849-21Rl8A5xfprHrIUuD5OXGMaX-b54mcXN4w-U9qLs2wzCIm5FH-18EFlwAdbQqcCa8HGnk4glR_7wlexYXxhNKuw-1PESCYPEnI7ij2qn1CYILNYFbsuRUHvBbTmSJV-GUs9OCfy6yARaQyXPPyaZ6ePsCaJhYh11oo1NyuHZM0uz4uKoMINsJX3dIVs8ZFPHnfptMzs4bpsv7fOfv7e9ePK-5WBPdDT9VRB0Jw7DqGbOat58RtmPNM1aIRoq4fX849bqXGEpx2ptakd2f5WZweWjvIWDk7wFNKaIrvOygZf_KXXqK43zbQtp1ZrW6QRmlcsEdW-5bkJSusew0NGbL4VIFrz4bx7ybBiEyzWHxid92vQ-SVXgSWzU5j16ACHmsZdQzpSN1ilH4dBrW-Hb9E4l8KQ2RxUgEqGZpudviODRNdfpnRlaj-0OOSFnHM36y48hTzAOGnUOuD3SXRN6qjqAjjJyiBujDG8VW8GWdVy6R4lBJbzeek1KAOWJ5J2TrgXyKJIm9JIbkM5Rr22y39vQcj64hXu1JEl8h01s5na48b1iMeOMuYx4O2I2vsk06U_Hd2ufkzk_xKKlH9vmCMX=s200-no\"\/><!--more-->A Coordena\u00e7\u00e3o Nacional da Uni\u00e3o da Juventude Comunista e a Secretaria Nacional de Juventude do Partido Comunista Brasileiro v\u00eam a p\u00fablico expressar seu rep\u00fadio \u00e0 agress\u00e3o sofrida por um de seus militantes durante um debate no dia 7 de fevereiro no espa\u00e7o do 15\u00ba CONEB e da 11\u00aa Bienal da UNE, em Salvador, Bahia.\n<\/p><p>\nDurante um dos principais debates do evento, o militante da UJC e estudante de Hist\u00f3ria na UFF realizava sua fala ap\u00f3s a rodada de interven\u00e7\u00f5es dos debatedores principais, dentre os quais se inclu\u00eda o ex-presidenci\u00e1vel Ciro Gomes, do PDT. O estudante fez cr\u00edticas ao comportamento do ent\u00e3o candidato Ciro no segundo turno das elei\u00e7\u00f5es de 2018, real\u00e7ando a necessidade da luta contra a candidatura das for\u00e7as conservadoras e fascistas. E denunciou o discurso absolutamente racista proferido por um membro da plateia, que havia dito a S\u00f4nia Guajajara, uma das debatedoras e lideran\u00e7a da Articula\u00e7\u00e3o dos Povos Ind\u00edgenas do Brasil, que &#8220;voltasse para a selva&#8221;.\n<\/p><p>\nA fala desagradou a Ciro Gomes, que se aproximou do estudante para for\u00e7\u00e1-lo a encerrar sua participa\u00e7\u00e3o, tolhendo seu direito a cr\u00edtica, com ofensas e xingamentos de baixo cal\u00e3o. A postura de Ciro desencadeou uma confus\u00e3o generalizada, que terminou com o estudante sendo jogado do palco antes de terminado seu tempo de interven\u00e7\u00e3o.\n<\/p><p>\nA Uni\u00e3o da Juventude Comunista e o Partido Comunista Brasileiro repudiam veementemente esse tipo de postura amea\u00e7adora e violenta nos espa\u00e7os de debate estudantil. Defendemos a liberdade de cr\u00edtica, o debate saud\u00e1vel e a apresenta\u00e7\u00e3o fraterna de diverg\u00eancias no interior dos movimentos sociais, entendendo que elas potencializam a nossa luta coletiva. \n<\/p><p>\nParte da juventude depositou esperan\u00e7as em Ciro Gomes durante o processo eleitoral, mas a realidade demonstra o baixo n\u00edvel de compromisso real dele com a luta social. O comportamento agressivo, ofensivo e antidemocr\u00e1tico do ex-presidenci\u00e1vel num espa\u00e7o que tem o objetivo de organizar a luta estudantil atrav\u00e9s da Uni\u00e3o Nacional dos Estudantes deve ser vista como uma afronta \u00e0 exposi\u00e7\u00e3o aberta de nossas cr\u00edticas e \u00e0 constru\u00e7\u00e3o de um movimento mais unido, mais forte, e mais combativo, necess\u00e1rio para as lutas que travaremos na atual conjuntura por que passa o nosso pa\u00eds e o mundo.\n<\/p><p>\nRefor\u00e7amos nosso compromisso com a unidade nas lutas e com a abertura \u00e0s cr\u00edticas dentro do movimento. Cremos que \u00e9 preciso sabermos avan\u00e7ar atrav\u00e9s dessas cr\u00edticas, solidificando um movimento social forte, \u00e0 altura da resist\u00eancia que se imp\u00f5e a n\u00f3s, e que possa gerar em seu seio uma contraofensiva a partir de um polo combativo e ligado \u00e0s demandas da classe trabalhadora. Mas n\u00e3o toleraremos que o embate de ideias seja substitu\u00eddo pela agress\u00e3o f\u00edsica, n\u00e3o toleraremos que figuras do campo progressista possam usar sua maior visibilidade e respaldo para agredir aqueles que externam posi\u00e7\u00f5es pol\u00edticas diferentes.\n<\/p><p>\nS\u00e3o Paulo, 15 de fevereiro de 2019.\n<\/p><p>\nCoordena\u00e7\u00e3o Nacional da UJC\nSecretaria Nacional de Juventude do PCB\n","protected":false},"excerpt":{"rendered":"<a class=\"moretag\" href=\"https:\/\/pcb.org.br\/portal2\/22365\"> <\/a>","protected":false},"author":1,"featured_media":0,"comment_status":"closed","ping_status":"closed","sticky":false,"template":"","format":"standard","meta":{"jetpack_post_was_ever_published":false,"_jetpack_newsletter_access":"","_jetpack_dont_email_post_to_subs":false,"_jetpack_newsletter_tier_id":0,"_jetpack_memberships_contains_paywalled_content":false,"_jetpack_memberships_contains_paid_content":false,"footnotes":"","jetpack_publicize_message":"","jetpack_publicize_feature_enabled":true,"jetpack_social_post_already_shared":true,"jetpack_social_options":{"image_generator_settings":{"template":"highway","default_image_id":0,"font":"","enabled":false},"version":2}},"categories":[27],"tags":[221,247],"class_list":["post-22365","post","type-post","status-publish","format-standard","hentry","category-c27-ujc","tag-2a","tag-jd"],"jetpack_publicize_connections":[],"jetpack_featured_media_url":"","jetpack_shortlink":"https:\/\/wp.me\/p659gw-5OJ","jetpack-related-posts":[],"jetpack_likes_enabled":true,"jetpack_sharing_enabled":true,"_links":{"self":[{"href":"https:\/\/pcb.org.br\/portal2\/wp-json\/wp\/v2\/posts\/22365","targetHints":{"allow":["GET"]}}],"collection":[{"href":"https:\/\/pcb.org.br\/portal2\/wp-json\/wp\/v2\/posts"}],"about":[{"href":"https:\/\/pcb.org.br\/portal2\/wp-json\/wp\/v2\/types\/post"}],"author":[{"embeddable":true,"href":"https:\/\/pcb.org.br\/portal2\/wp-json\/wp\/v2\/users\/1"}],"replies":[{"embeddable":true,"href":"https:\/\/pcb.org.br\/portal2\/wp-json\/wp\/v2\/comments?post=22365"}],"version-history":[{"count":0,"href":"https:\/\/pcb.org.br\/portal2\/wp-json\/wp\/v2\/posts\/22365\/revisions"}],"wp:attachment":[{"href":"https:\/\/pcb.org.br\/portal2\/wp-json\/wp\/v2\/media?parent=22365"}],"wp:term":[{"taxonomy":"category","embeddable":true,"href":"https:\/\/pcb.org.br\/portal2\/wp-json\/wp\/v2\/categories?post=22365"},{"taxonomy":"post_tag","embeddable":true,"href":"https:\/\/pcb.org.br\/portal2\/wp-json\/wp\/v2\/tags?post=22365"}],"curies":[{"name":"wp","href":"https:\/\/api.w.org\/{rel}","templated":true}]}}