{"id":22437,"date":"2019-02-25T20:46:39","date_gmt":"2019-02-25T23:46:39","guid":{"rendered":"https:\/\/pcb.org.br\/portal2\/?p=22437"},"modified":"2019-02-25T20:46:47","modified_gmt":"2019-02-25T23:46:47","slug":"brumadinho-esquecimento-um-mes-apos-a-tragedia","status":"publish","type":"post","link":"https:\/\/pcb.org.br\/portal2\/22437","title":{"rendered":"Brumadinho: esquecimento um m\u00eas ap\u00f3s a trag\u00e9dia"},"content":{"rendered":"\n<img decoding=\"async\" class=\"imagem\" title=\"imagem\"  alt=\"imagem\"  src=\"https:\/\/i0.wp.com\/outraspalavras.net\/wp-content\/uploads\/2019\/02\/brumadinho-18245983-1024x683.jpg\"\/><!--more-->Cobertura fraca da imprensa, abandono dos governos estadual e federal e limbo jur\u00eddico comp\u00f5em um quadro atroz. \n<\/p><p>\nOutras Palavras\npor Ma\u00edra Mathias\n<\/p><p>\nBRUMADINHO: UM M\u00caS DEPOIS\n<\/p><p>\nFaz um m\u00eas do crime da minera\u00e7\u00e3o em Brumadinho. Foram confirmadas 179 mortes. Mas ainda restam 131 desaparecidos na lama espalhada pelo rompimento da barragem de rejeitos da Vale. A Folhaconta como alguns familiares tem lidado com a situa\u00e7\u00e3o. \u201cTodas as fam\u00edlias merecem fechar esse ciclo. Fico pensando no que uma trag\u00e9dia dessas faz com a gente. Antes, eu queria ela viva de qualquer jeito. Agora, a gente s\u00f3 quer enterrar o peda\u00e7o que for\u201d, desabafa Nat\u00e1lia de Oliveira, que perdeu a irm\u00e3 Lecilda que trabalhava na mineradora h\u00e1 30 anos. Uma especialista, a psic\u00f3loga Maria Helena Franco, afirma que as pessoas est\u00e3o sofrendo um \u201cluto amb\u00edguo\u201d, em que a ambiguidade da situa\u00e7\u00e3o dificulta que se retome a vida. \u201cOs rituais s\u00e3o importantes porque eles marcam a realidade. Eles organizam a pessoa e d\u00e3o concretude. N\u00e3o havendo um corpo, o ritual conhecido, habitual, fica tudo em suspenso\u201d, diz.\n<\/p><p>\nJ\u00e1 a BBC Brasil, que tamb\u00e9m abordou o sofrimento das fam\u00edlias dos desaparecidos, caracteriza sua situa\u00e7\u00e3o como \u201climbo jur\u00eddico\u201d, na medida em que sem certid\u00e3o de \u00f3bito, n\u00e3o \u00e9 poss\u00edvel dar entrada em processos de pens\u00e3o, seguro de vida, etc.  \n<\/p><p>\nEm entrevista ao Deutsche Welle, o prefeito de Brumadinho Avimar de Melo Barcelos (PV) afirmou que a cidade est\u00e1 \u201cum pouco\u201d abandonada pelos governos estadual e federal. A quantidade de bombeiros nas buscas diminuiu. \u201cIsso est\u00e1 prejudicando muito os familiares das v\u00edtimas. Tem muitas v\u00edtimas embaixo da lama, os bombeiros est\u00e3o indo embora e as pessoas podem n\u00e3o ser encontradas\u201d, disse. \n<\/p><p>\nNo dia 24\/02, um protesto reuniu centenas de pessoas na cidade. Moradores, ambientalistas e artistas se mobilizaram para que o crime n\u00e3o caia no esquecimento. Tarefa dif\u00edcil, se levarmos em conta a fraqu\u00edssima cobertura da imprensa sobre um m\u00eas do rompimento.\n<\/p><p>\n<blockquote class=\"wp-embedded-content\" data-secret=\"M2zvRK8Jit\"><a href=\"https:\/\/outraspalavras.net\/outrasaude\/brumadinho-esquecimento-um-mes-depois-da-tragedia\/\">Brumadinho: esquecimento um m\u00eas depois da trag\u00e9dia<\/a><\/blockquote><iframe loading=\"lazy\" class=\"wp-embedded-content\" sandbox=\"allow-scripts\" security=\"restricted\" style=\"position: absolute; clip: rect(1px, 1px, 1px, 1px);\" src=\"https:\/\/outraspalavras.net\/outrasaude\/brumadinho-esquecimento-um-mes-depois-da-tragedia\/embed\/#?secret=M2zvRK8Jit\" data-secret=\"M2zvRK8Jit\" width=\"600\" height=\"338\" title=\"&#8220;Brumadinho: esquecimento um m\u00eas depois da trag\u00e9dia&#8221; &#8212; Outras Palavras\" frameborder=\"0\" marginwidth=\"0\" marginheight=\"0\" scrolling=\"no\"><\/iframe>\n<\/p><p>\n","protected":false},"excerpt":{"rendered":"<a class=\"moretag\" href=\"https:\/\/pcb.org.br\/portal2\/22437\"> <\/a>","protected":false},"author":1,"featured_media":0,"comment_status":"closed","ping_status":"closed","sticky":false,"template":"","format":"standard","meta":{"jetpack_post_was_ever_published":false,"_jetpack_newsletter_access":"","_jetpack_dont_email_post_to_subs":false,"_jetpack_newsletter_tier_id":0,"_jetpack_memberships_contains_paywalled_content":false,"_jetpack_memberships_contains_paid_content":false,"footnotes":"","jetpack_publicize_message":"","jetpack_publicize_feature_enabled":true,"jetpack_social_post_already_shared":true,"jetpack_social_options":{"image_generator_settings":{"template":"highway","default_image_id":0,"font":"","enabled":false},"version":2}},"categories":[239],"tags":[221],"class_list":["post-22437","post","type-post","status-publish","format-standard","hentry","category-ambiental","tag-2a"],"jetpack_publicize_connections":[],"jetpack_featured_media_url":"","jetpack_shortlink":"https:\/\/wp.me\/p659gw-5PT","jetpack-related-posts":[],"jetpack_likes_enabled":true,"jetpack_sharing_enabled":true,"_links":{"self":[{"href":"https:\/\/pcb.org.br\/portal2\/wp-json\/wp\/v2\/posts\/22437","targetHints":{"allow":["GET"]}}],"collection":[{"href":"https:\/\/pcb.org.br\/portal2\/wp-json\/wp\/v2\/posts"}],"about":[{"href":"https:\/\/pcb.org.br\/portal2\/wp-json\/wp\/v2\/types\/post"}],"author":[{"embeddable":true,"href":"https:\/\/pcb.org.br\/portal2\/wp-json\/wp\/v2\/users\/1"}],"replies":[{"embeddable":true,"href":"https:\/\/pcb.org.br\/portal2\/wp-json\/wp\/v2\/comments?post=22437"}],"version-history":[{"count":0,"href":"https:\/\/pcb.org.br\/portal2\/wp-json\/wp\/v2\/posts\/22437\/revisions"}],"wp:attachment":[{"href":"https:\/\/pcb.org.br\/portal2\/wp-json\/wp\/v2\/media?parent=22437"}],"wp:term":[{"taxonomy":"category","embeddable":true,"href":"https:\/\/pcb.org.br\/portal2\/wp-json\/wp\/v2\/categories?post=22437"},{"taxonomy":"post_tag","embeddable":true,"href":"https:\/\/pcb.org.br\/portal2\/wp-json\/wp\/v2\/tags?post=22437"}],"curies":[{"name":"wp","href":"https:\/\/api.w.org\/{rel}","templated":true}]}}