{"id":2257,"date":"2012-01-13T21:44:55","date_gmt":"2012-01-13T21:44:55","guid":{"rendered":"http:\/\/pcb.org.br\/portal2\/?p=2257"},"modified":"2012-01-13T21:44:55","modified_gmt":"2012-01-13T21:44:55","slug":"veja-o-tamanho-das-casas-que-a-vale-construiu-para-quem-era-dono-da-area-da-mina-de-carvao","status":"publish","type":"post","link":"https:\/\/pcb.org.br\/portal2\/2257","title":{"rendered":"Veja o tamanho das casas que a VALE construiu para quem era dono da area da mina de carv\u00e3o&#8230;"},"content":{"rendered":"\n<p>Mo\u00e7ambique &#8211; Repressom e direitos humanos<\/p>\n<p>Quinta, 12 Janeiro 2012 13:17<\/p>\n<p><a href=\"http:\/\/opais.sapo.mz\/\" target=\"_blank\">O Pa\u00eds<\/a> &#8211; At\u00e9 ao fecho desta edi\u00e7\u00e3o, havia registo de um ferido ligeiro e 14 detidos, considerados como principais cabecilhas da manifesta\u00e7\u00e3o popular. A situa\u00e7\u00e3o parecia estar calma, mas a linha-f\u00e9rrea continuava bloqueada por troncos e outros objectos obstrutores.<\/p>\n<p>A manifesta\u00e7\u00e3o protagonizada por cerca de 500 fam\u00edlias reassentadas no bairro Cateme, em Tete, pela multinacional brasileira Vale, resultou num ferido ligeiro e mais de 14 detidos. As 500 fam\u00edlias iniciaram, na madrugada de ter\u00e7a-feira, uma manifesta\u00e7\u00e3o contra a Vale, alegadamente porque a mesma n\u00e3o estava a cumprir com as promessas de melhorar as suas condi\u00e7\u00f5es de vida, feitas durante o processo da retirada das popula\u00e7\u00f5es das suas terras que hoje fazem parte do per\u00edmetro do projecto de extrac\u00e7\u00e3o de carv\u00e3o da Vale, para cerca de 40 quil\u00f3metros, mais concretamente para o bairro Cateme. Para dispersar a popula\u00e7\u00e3o furiosa, o governo mobilizou elementos da For\u00e7a de Interven\u00e7\u00e3o R\u00e1pida. At\u00e9 ao fecho desta edi\u00e7\u00e3o, a situa\u00e7\u00e3o estava relativamente calma. Contudo, a linha-f\u00e9rrea continuava bloqueada por troncos e outros objectos obstrutores da via, sendo, por isso, imposs\u00edvel a circula\u00e7\u00e3o do comboio de Moatize ao porto da Beira.<\/p>\n<p>As raz\u00f5es do protesto<\/p>\n<p>Os manifestantes dizem-se enganados pela Vale, uma vez que a multinacional brasileira teria prometido melhorar as suas condi\u00e7\u00f5es de vida, facto que, segundo afirmam, at\u00e9 ao momento ainda n\u00e3o aconteceu. A popula\u00e7\u00e3o diz que foi reassentada a mais de 40 quil\u00f3metros da cidade de Tete, foi despojada de terras e ganhou casas que, com o tempo, se t\u00eam revelado de p\u00e9ssima qualidade.<\/p>\n<p>Fonte:\u00a0http:\/\/diarioliberdade.org\/index.php?option=com_content&amp;view=article&amp;id=23367<\/p>\n","protected":false},"excerpt":{"rendered":"\n\n\nCr\u00e9dito: Diario Liberdade\n\n\n\n\n\n\n\n\nPopula\u00e7\u00e3o contesta qualidade das casas oferecidas pela Vale em Tete\n<a class=\"moretag\" href=\"https:\/\/pcb.org.br\/portal2\/2257\"> <\/a>","protected":false},"author":1,"featured_media":0,"comment_status":"open","ping_status":"open","sticky":false,"template":"","format":"standard","meta":{"jetpack_post_was_ever_published":false,"_jetpack_newsletter_access":"","_jetpack_dont_email_post_to_subs":false,"_jetpack_newsletter_tier_id":0,"_jetpack_memberships_contains_paywalled_content":false,"_jetpack_memberships_contains_paid_content":false,"footnotes":"","jetpack_publicize_message":"","jetpack_publicize_feature_enabled":true,"jetpack_social_post_already_shared":false,"jetpack_social_options":{"image_generator_settings":{"template":"highway","default_image_id":0,"font":"","enabled":false},"version":2}},"categories":[71],"tags":[],"class_list":["post-2257","post","type-post","status-publish","format-standard","hentry","category-c84-solidariedade"],"jetpack_publicize_connections":[],"jetpack_featured_media_url":"","jetpack_shortlink":"https:\/\/wp.me\/p659gw-Ap","jetpack-related-posts":[],"jetpack_likes_enabled":true,"jetpack_sharing_enabled":true,"_links":{"self":[{"href":"https:\/\/pcb.org.br\/portal2\/wp-json\/wp\/v2\/posts\/2257","targetHints":{"allow":["GET"]}}],"collection":[{"href":"https:\/\/pcb.org.br\/portal2\/wp-json\/wp\/v2\/posts"}],"about":[{"href":"https:\/\/pcb.org.br\/portal2\/wp-json\/wp\/v2\/types\/post"}],"author":[{"embeddable":true,"href":"https:\/\/pcb.org.br\/portal2\/wp-json\/wp\/v2\/users\/1"}],"replies":[{"embeddable":true,"href":"https:\/\/pcb.org.br\/portal2\/wp-json\/wp\/v2\/comments?post=2257"}],"version-history":[{"count":0,"href":"https:\/\/pcb.org.br\/portal2\/wp-json\/wp\/v2\/posts\/2257\/revisions"}],"wp:attachment":[{"href":"https:\/\/pcb.org.br\/portal2\/wp-json\/wp\/v2\/media?parent=2257"}],"wp:term":[{"taxonomy":"category","embeddable":true,"href":"https:\/\/pcb.org.br\/portal2\/wp-json\/wp\/v2\/categories?post=2257"},{"taxonomy":"post_tag","embeddable":true,"href":"https:\/\/pcb.org.br\/portal2\/wp-json\/wp\/v2\/tags?post=2257"}],"curies":[{"name":"wp","href":"https:\/\/api.w.org\/{rel}","templated":true}]}}