{"id":22585,"date":"2019-03-18T19:35:59","date_gmt":"2019-03-18T22:35:59","guid":{"rendered":"https:\/\/pcb.org.br\/portal2\/?p=22585"},"modified":"2019-03-18T19:36:05","modified_gmt":"2019-03-18T22:36:05","slug":"sudao-avanca-a-luta-popular-contra-o-regime-de-albashir","status":"publish","type":"post","link":"https:\/\/pcb.org.br\/portal2\/22585","title":{"rendered":"Sud\u00e3o: avan\u00e7a a luta popular contra o regime de Albashir"},"content":{"rendered":"\n<img decoding=\"async\" class=\"imagem\" title=\"imagem\"  alt=\"imagem\"  src=\"https:\/\/i0.wp.com\/4.bp.blogspot.com\/-A43SHCZfEo8\/XDZBtL351LI\/AAAAAAAADnI\/sbKvKKa0V-QZbbr0YmRuILaRMiYRzbU_QCPcBGAYYCw\/s1600\/image-660x330.jpg\"\/><!--more-->Secretaria de Rela\u00e7\u00f5es Internacionais do PCB\n<\/p><p>\nMais um conjunto de a\u00e7\u00f5es de protesto em massa espalharam-se por todo o pa\u00eds no \u00faltimo dia 14 de mar\u00e7o. Segundo o Partido Comunista Sudan\u00eas, foi um dia importante na marcha do povo sudan\u00eas rumo \u00e0 derrubada do regime, que, recentemente, decretou &#8220;estado de emerg\u00eancia&#8221; e passou a governar ditatorialmente. \n<\/p><p>\nNesse dia, dezenas de milhares de manifestantes pac\u00edficos tomaram as ruas de Khartoum, Omdurman, Cartum Norte, Atbara, Alfashir, Algienena, Alobeied, Kasala, Sinar, Madeni e Berber, marcando o 85\u00ba dia da revolta popular. Os manifestantes ocuparam as principais cidades, desafiando o uso da for\u00e7a do aparato de seguran\u00e7a. &#8220;Foi uma clara resposta ao apelo das for\u00e7as da alian\u00e7a &#8216;Mudan\u00e7a e Liberdade&#8217;, que agrupa as principais organiza\u00e7\u00f5es pol\u00edticas e profissionais do pa\u00eds&#8221;, diz o Comit\u00ea Central do PCS. Foi, certamente, uma clara demonstra\u00e7\u00e3o do elevado grau de rejei\u00e7\u00e3o popular ao novo governo de Albashir e que sinalizou a determina\u00e7\u00e3o das massas de derrotar e desafiar a imposi\u00e7\u00e3o do estado de emerg\u00eancia nacional pelo regime. \n<\/p><p>\nO movimento obteve uma grande vit\u00f3ria ao conseguir a liberta\u00e7\u00e3o de mulheres detidas na pris\u00e3o de Omdurman. No entanto, seguem nas pris\u00f5es de Albashir centenas de l\u00edderes pol\u00edticos e ativistas, entre os quais h\u00e1 16 membros do Comit\u00ea Central do PCS.  \n<\/p><p>\nA luta popular est\u00e1 chegando a um est\u00e1gio avan\u00e7ado, baseado na unidade das for\u00e7as da oposi\u00e7\u00e3o e nos esfor\u00e7os incans\u00e1veis do Partido Comunista Sudan\u00eas para fortalecer ainda mais a unidade de a\u00e7\u00e3o de todas as for\u00e7as que se op\u00f5em ao regime e que continuam no caminho para a deflagra\u00e7\u00e3o de uma greve geral massiva para &#8220;prender as m\u00e3os do regime e derrub\u00e1-lo&#8221;. No entanto, o PSC ressalta que, ao mesmo tempo em que o povo sudan\u00eas est\u00e1  obtendo vit\u00f3rias di\u00e1rias, as for\u00e7as imperialistas e a rea\u00e7\u00e3o local e regional continuam a  conspirar para dividir as fileiras da oposi\u00e7\u00e3o e deter o avan\u00e7o das for\u00e7as populares. Para isso, organizam reuni\u00f5es fora do pa\u00eds, sob a capa do di\u00e1logo, com o objetivo de ampliar a base social e incluir novos segmentos que possam dar uma esp\u00e9cie de representatividade ao regime. \u00c9 neste contexto que os governos dos EUA, Egito, Catar, Turquia e Fran\u00e7a est\u00e3o aumentando seu apoio ao regime. \n<\/p><p>\nA orienta\u00e7\u00e3o do Partido Comunista Sudan\u00eas \u00e9 de que todas as partes fraternas redobrem as suas a\u00e7\u00f5es de solidariedade e exijam a liberta\u00e7\u00e3o imediata de todos os presos pol\u00edticos. \n<\/p><p>\n","protected":false},"excerpt":{"rendered":"<a class=\"moretag\" href=\"https:\/\/pcb.org.br\/portal2\/22585\"> <\/a>","protected":false},"author":1,"featured_media":0,"comment_status":"closed","ping_status":"closed","sticky":false,"template":"","format":"standard","meta":{"jetpack_post_was_ever_published":false,"_jetpack_newsletter_access":"","_jetpack_dont_email_post_to_subs":false,"_jetpack_newsletter_tier_id":0,"_jetpack_memberships_contains_paywalled_content":false,"_jetpack_memberships_contains_paid_content":false,"footnotes":"","jetpack_publicize_message":"","jetpack_publicize_feature_enabled":true,"jetpack_social_post_already_shared":true,"jetpack_social_options":{"image_generator_settings":{"template":"highway","default_image_id":0,"font":"","enabled":false},"version":2}},"categories":[253],"tags":[228],"class_list":["post-22585","post","type-post","status-publish","format-standard","hentry","category-sudao","tag-5b"],"jetpack_publicize_connections":[],"jetpack_featured_media_url":"","jetpack_shortlink":"https:\/\/wp.me\/p659gw-5Sh","jetpack-related-posts":[],"jetpack_likes_enabled":true,"jetpack_sharing_enabled":true,"_links":{"self":[{"href":"https:\/\/pcb.org.br\/portal2\/wp-json\/wp\/v2\/posts\/22585","targetHints":{"allow":["GET"]}}],"collection":[{"href":"https:\/\/pcb.org.br\/portal2\/wp-json\/wp\/v2\/posts"}],"about":[{"href":"https:\/\/pcb.org.br\/portal2\/wp-json\/wp\/v2\/types\/post"}],"author":[{"embeddable":true,"href":"https:\/\/pcb.org.br\/portal2\/wp-json\/wp\/v2\/users\/1"}],"replies":[{"embeddable":true,"href":"https:\/\/pcb.org.br\/portal2\/wp-json\/wp\/v2\/comments?post=22585"}],"version-history":[{"count":0,"href":"https:\/\/pcb.org.br\/portal2\/wp-json\/wp\/v2\/posts\/22585\/revisions"}],"wp:attachment":[{"href":"https:\/\/pcb.org.br\/portal2\/wp-json\/wp\/v2\/media?parent=22585"}],"wp:term":[{"taxonomy":"category","embeddable":true,"href":"https:\/\/pcb.org.br\/portal2\/wp-json\/wp\/v2\/categories?post=22585"},{"taxonomy":"post_tag","embeddable":true,"href":"https:\/\/pcb.org.br\/portal2\/wp-json\/wp\/v2\/tags?post=22585"}],"curies":[{"name":"wp","href":"https:\/\/api.w.org\/{rel}","templated":true}]}}