{"id":22592,"date":"2019-03-19T21:34:16","date_gmt":"2019-03-20T00:34:16","guid":{"rendered":"https:\/\/pcb.org.br\/portal2\/?p=22592"},"modified":"2019-03-19T21:34:21","modified_gmt":"2019-03-20T00:34:21","slug":"reforma-de-bolsonaro-e-guedes-deixara-o-brasileiro-na-miseria","status":"publish","type":"post","link":"https:\/\/pcb.org.br\/portal2\/22592","title":{"rendered":"Reforma de Bolsonaro e Guedes deixar\u00e1 o brasileiro na mis\u00e9ria"},"content":{"rendered":"\n<img data-recalc-dims=\"1\" decoding=\"async\" class=\"imagem\" title=\"imagem\"  alt=\"imagem\"  src=\"https:\/\/i0.wp.com\/jornalistaslivres.org\/wp-content\/uploads\/2018\/11\/reforma-previ-tesoura.jpg?w=747&#038;ssl=1\"\/><!--more-->por Marina Azambuja &#8211; JORNALISTAS LIVRES\nAssim como as empresas estatais, a Previd\u00eancia Social tamb\u00e9m \u00e9 um pilar fundamental para a economia brasileira. Democraticamente a Previd\u00eancia garante aposentadoria \u00e0 popula\u00e7\u00e3o, aposentadoria especial, aposentadoria por invalidez, aux\u00edlio-doen\u00e7a al\u00e9m de reduzir a pobreza.\n<\/p><p>\nComo parte do processo de conscientiza\u00e7\u00e3o, a coordenadora da associa\u00e7\u00e3o Auditoria Cidad\u00e3 da D\u00edvida, Maria L\u00facia Fattorelli, foi at\u00e9 o Sindicato dos Eletricit\u00e1rios de S\u00e3o Paulo para apresentar um semin\u00e1rio sobre o sistema previdenci\u00e1rio que atua no Brasil atualmente e contestar as justificativas dadas pelo atual governo federal para que essa reforma tenha o apoio do povo.\n<\/p><p>\nDurante a apresenta\u00e7\u00e3o, Fattorelli comprovou que a Previd\u00eancia Social brasileira n\u00e3o est\u00e1 deficit\u00e1ria e que os bancos s\u00e3o os verdadeiros causadores da crise pela qual o pa\u00eds est\u00e1 passando, pois cobram altos juros e querem monopolizar a previd\u00eancia privada como capitaliza\u00e7\u00e3o que levar\u00e1 o povo brasileiro \u00e0 fome. Os bancos influenciam no \u201cSistema da D\u00edvida\u201d para fazer com que pa\u00edses entrem crise e promovam reformas estruturais e perigosas como a da previd\u00eancia.\n<\/p><p>\nAssim os bancos lucram com altos juros e capitaliza\u00e7\u00f5es\n<\/p><p>\nOs gr\u00e1ficos desmentem a propaganda enganosa que o governo est\u00e1 promovendo para ter o apoio da popula\u00e7\u00e3o para aprovar a reforma. Segundo Fattorelli, entre 2005 e 2015, houve um saldo de R$1 trilh\u00e3o na seguridade social, dado que comprova que a previd\u00eancia n\u00e3o est\u00e1 falida.\n<\/p><p>\nQuanto aos recursos da seguridade social, o Brasil possui R$ 4 trilh\u00f5es em aplica\u00e7\u00f5es sob o poder do governo federal que deveria socorrer estados e munic\u00edpios, mas infelizmente n\u00e3o pode por causa da PEC do teto de gastos que limita os investimentos do governo federal em setores fundamentais para o pa\u00eds, como sa\u00fade, educa\u00e7\u00e3o e seguran\u00e7a por 20 anos.\n<\/p><p>\nEm entrevista dada para o Seu Jornal da TVT ap\u00f3s o semin\u00e1rio, Maria L\u00facia afirma que, al\u00e9m das precariza\u00e7\u00f5es previstas nessa reforma, o brasileiro tamb\u00e9m perder\u00e1 o regime de solidariedade que ampara o trabalhador.\n<\/p><p>\n\u201cEssa reforma da previd\u00eancia destr\u00f3i o regime de solidariedade que foi aprovado por unanimidade na constitui\u00e7\u00e3o de 1988 que, al\u00e9m de garantir a aposentadoria, tamb\u00e9m garante prote\u00e7\u00e3o nos casos de doen\u00e7as, afastamentos, invalidez, pens\u00e3o por morte\u201d.\n<\/p><p>\nO que muda com a reforma da previd\u00eancia\n<\/p><p>\nAtualmente as trabalhadoras precisam contribuir com o INSS por 30 anos e os homens por 35 anos. A idade m\u00ednima para as mulheres \u00e9 de 60 anos, para os homens de 65 anos e, para os trabalhadores ruais, \u00e9 de 55 anos para as mulheres e 60 para os homens, ap\u00f3s 15 anos de contribui\u00e7\u00e3o.\n<\/p><p>\nCom a reforma da previd\u00eancia a contribui\u00e7\u00e3o obrigat\u00f3ria ser\u00e1 de 40 anos e a idade m\u00ednima para a aposentadoria, de 62 anos para as mulheres e 65 anos para os homens.\n<\/p><p>\nEssas contribui\u00e7\u00f5es poder\u00e3o funcionar como regime de capitaliza\u00e7\u00e3o para servir aos interesses dos grandes bancos e devolver\u00e1 menos dinheiro ao contribuinte.\n<\/p><p>\nEssa medida foi adotada no Chile em 1981 durante o governo ditatorial e prejudica a popula\u00e7\u00e3o que hoje possa fome e vive de maneira prec\u00e1ria devido ao sistema de capitaliza\u00e7\u00e3o que acabou com a previd\u00eancia.\n<\/p><p>\nCalcule a idade com que voc\u00ea se aposentar\u00e1 caso a reforma da previd\u00eancia seja aprovada.\n<\/p><p>\nhttps:\/\/www.dieese.org.br\/calculadoraaposentadoria\/index.xhtml\n<\/p><p>\nFontes: Seu jornal\/TVT; Auditoria Cidad\u00e3 da D\u00edvida; Seguran\u00e7a do Trabalho NWN e Brasil de Fato\n<\/p><p>\nhttps:\/\/jornalistaslivres.org\/reforma-previdenciaria-deixara-o-brasileiro-na-miseria\/\n","protected":false},"excerpt":{"rendered":"<a class=\"moretag\" href=\"https:\/\/pcb.org.br\/portal2\/22592\"> <\/a>","protected":false},"author":1,"featured_media":0,"comment_status":"closed","ping_status":"closed","sticky":false,"template":"","format":"standard","meta":{"jetpack_post_was_ever_published":false,"_jetpack_newsletter_access":"","_jetpack_dont_email_post_to_subs":false,"_jetpack_newsletter_tier_id":0,"_jetpack_memberships_contains_paywalled_content":false,"_jetpack_memberships_contains_paid_content":false,"footnotes":"","jetpack_publicize_message":"","jetpack_publicize_feature_enabled":true,"jetpack_social_post_already_shared":true,"jetpack_social_options":{"image_generator_settings":{"template":"highway","default_image_id":0,"font":"","enabled":false},"version":2}},"categories":[241],"tags":[224],"class_list":["post-22592","post","type-post","status-publish","format-standard","hentry","category-previdencia-social","tag-3b"],"jetpack_publicize_connections":[],"jetpack_featured_media_url":"","jetpack_shortlink":"https:\/\/wp.me\/p659gw-5So","jetpack-related-posts":[],"jetpack_likes_enabled":true,"jetpack_sharing_enabled":true,"_links":{"self":[{"href":"https:\/\/pcb.org.br\/portal2\/wp-json\/wp\/v2\/posts\/22592","targetHints":{"allow":["GET"]}}],"collection":[{"href":"https:\/\/pcb.org.br\/portal2\/wp-json\/wp\/v2\/posts"}],"about":[{"href":"https:\/\/pcb.org.br\/portal2\/wp-json\/wp\/v2\/types\/post"}],"author":[{"embeddable":true,"href":"https:\/\/pcb.org.br\/portal2\/wp-json\/wp\/v2\/users\/1"}],"replies":[{"embeddable":true,"href":"https:\/\/pcb.org.br\/portal2\/wp-json\/wp\/v2\/comments?post=22592"}],"version-history":[{"count":0,"href":"https:\/\/pcb.org.br\/portal2\/wp-json\/wp\/v2\/posts\/22592\/revisions"}],"wp:attachment":[{"href":"https:\/\/pcb.org.br\/portal2\/wp-json\/wp\/v2\/media?parent=22592"}],"wp:term":[{"taxonomy":"category","embeddable":true,"href":"https:\/\/pcb.org.br\/portal2\/wp-json\/wp\/v2\/categories?post=22592"},{"taxonomy":"post_tag","embeddable":true,"href":"https:\/\/pcb.org.br\/portal2\/wp-json\/wp\/v2\/tags?post=22592"}],"curies":[{"name":"wp","href":"https:\/\/api.w.org\/{rel}","templated":true}]}}