{"id":22608,"date":"2019-03-20T21:20:50","date_gmt":"2019-03-21T00:20:50","guid":{"rendered":"https:\/\/pcb.org.br\/portal2\/?p=22608"},"modified":"2019-03-20T21:20:58","modified_gmt":"2019-03-21T00:20:58","slug":"em-defesa-da-aposentadoria-e-dos-nossos-direitos","status":"publish","type":"post","link":"https:\/\/pcb.org.br\/portal2\/22608","title":{"rendered":"Em defesa da aposentadoria e dos nossos direitos!"},"content":{"rendered":"\n<img decoding=\"async\" class=\"imagem\" title=\"imagem\"  alt=\"imagem\"  src=\"https:\/\/i0.wp.com\/lh3.googleusercontent.com\/_8VvRxLAnBhynps9nbbbmEi9kqpS1qrjnAVMYuVNJ7V2ThEhn0iZFKDKwT9dOyWVCzNrdTo9D_p3fZKxovDQmeKJhMtpVgPhjiJhGLSXV8cg61qq5YHrM_Zai053w_LiG8A8tocdcAhssScsyb175bc5SndBgTWegPmwM2Cuy7HHbz24XFifBKhIicCBD1shHorM_aBj2tKDUYwOIRF9wRPzHYA7iSCKjuMmAtYrPzLefkm0h0SFx9TijjfyKMjW2AWyAJpxdkNw0fI8GH_Jg7JwvzxXcozoyNewYCj-F9Z4wZ6Z2jZhhk7fTBc9_60KdlMBHG-UlPmpwBE_FBncxaJJL9660tOIvgkZ1V9vhfTZ9tkAUDtkpe9RLTTSZMMFpsGP5lWALACieiNsvt3oL3bAeTwecjTpwC4TPSvrFr95RkVUvHXJRSCL4nA9dEWZ1IIUAcmNcBxSgufRfPSuP_1KYu9-1XPwvA76CMLWUyGQhBm-CU0uQjzawsCYiBQDv-vNW-DSCKNQk0cKxf_Y-02SU7UgpCBLSnEy-SF9RmhVydrHgq-ado89bANn1PcQdjU27HTRY7xhW8itEn8-Lbh2b013Y79I2Nxi4eT0q9Z8y1flxxfrqcbeEQ92ble83pkRCVp8FTNonB0qwTMXwCqlC9p1kCsP=w393-h346-no\"\/><!--more-->O QUE EST\u00c1 EM JOGO NA PROPOSTA DE GUEDES E BOLSONARO\n<\/p><p>\nJornal O Poder Popular\n<\/p><p>\nCoordena\u00e7\u00e3o Nacional da Unidade Classista\n<\/p><p>\nNos \u00faltimos anos temos assistido constantemente a uma enxurrada de not\u00edcias falsas sobre um suposto rombo da Previd\u00eancia Social, propagado como algo que vai desajustar a economia e colocar em risco a manuten\u00e7\u00e3o do sistema de Seguridade Social. Por\u00e9m, os c\u00e1lculos apresentados n\u00e3o s\u00e3o baseados na realidade, al\u00e9m de tentarem esconder o que a CPI DA PREVID\u00caNCIA provou, ou seja, a n\u00e3o exist\u00eancia desse cen\u00e1rio aterrador. O real motivo apontado \u00e9 a inten\u00e7\u00e3o de se criar um mercado para a atua\u00e7\u00e3o de empresas privadas que desejam abocanhar os volumosos recursos dos fundos p\u00fablicos.\n<\/p><p>\nA Previd\u00eancia Social no Brasil \u00e9 organizada na l\u00f3gica de reparti\u00e7\u00e3o, pela qual o trabalhador tem parte do seu benef\u00edcio descontado em folha, e o dinheiro \u00e9 depositado em um fundo \u00fanico para manuten\u00e7\u00e3o das aposentadorias. Os trabalhadores t\u00eam acesso ao seu direito com as regras vigentes ap\u00f3s chegar ao tempo de contribui\u00e7\u00e3o e \u00e0 idade m\u00ednima. O que acontece de fato \u00e9 um pacto geracional, onde o trabalhador da ativa financia os aposentados de hoje em um ciclo que garante a manuten\u00e7\u00e3o desse direito.\n<\/p><p>\nAs fontes de recolhimento financeiro para a Seguridade Social s\u00e3o: 1\u00ba \u2013 o desconto em folha do trabalhador; 2\u00ba \u2013 a contribui\u00e7\u00e3o do empregador; 3\u00ba \u2013 o governo complementa o valor atrav\u00e9s de alguns impostos criados exatamente para essa finalidade como o CONFINS, PIS\/PASEP, PSLL e os jogos de loterias. Isto garantiu que at\u00e9 hoje a Previd\u00eancia Social fosse superavit\u00e1ria (quer dizer, arrecada e tem dinheiro em caixa sobrando).\n<\/p><p>\nTodos esses tributos est\u00e3o vinculados ao Sistema de Seguridade Social, exatamente com o objetivo de manter tudo funcionando de forma universal (para todas as pessoas). Por\u00e9m, no governo de Fernando Henrique Cardoso (FHC), foi criada a DRU (Desvincula\u00e7\u00e3o das Receitas da Uni\u00e3o), permitindo que parte dessa receita fosse aplicada da forma que o presidente decidisse.\n<\/p><p>\nFHC estabeleceu que o valor de retirada da DRU fosse de at\u00e9 20% da receita geral. Em 2016, Michel Temer aumentou o percentual para 30%. S\u00f3 em 2017 o governo Temer retirou 113 bilh\u00f5es de reais do fundo de financiamento da Previd\u00eancia Social, para pagar juros e amortiza\u00e7\u00f5es da d\u00edvida p\u00fablica, que nunca foi auditada.\n<\/p><p>\nQUEREM QUE OS TRABALHADORES PAGUEM A CONTA\n<\/p><p>\nO governo Bolsonaro est\u00e1 tentando aprovar uma proposta antipopular e esconde a f\u00f3rmula real dos c\u00e1lculos. O \u201crombo\u201d que o governo tenta fazer voc\u00ea acreditar \u00e9 de 230 bilh\u00f5es de reais, mas a d\u00edvida das 50 maiores empresas sonegadoras da previd\u00eancia chega a 450 bilh\u00f5es. Querem que trabalhadores e trabalhadoras paguem pela crise, beneficiando setores que v\u00e3o lucrar com o sistema de capitaliza\u00e7\u00e3o da aposentadoria.\n<\/p><p>\nO governo quer obrigar que trabalhemos mais tempo para conseguir a aposentadoria (homens aos 65 anos e mulheres aos 62). N\u00e3o mais haver\u00e1 aposentadoria por tempo de contribui\u00e7\u00e3o, e o m\u00ednimo permitido para garantir esse direito \u00e9 de 25 anos de arrecada\u00e7\u00e3o. Fica proibido o ac\u00famulo de benef\u00edcios e cortam-se pela metade as pens\u00f5es por morte. A aposentadoria ser\u00e1 desvinculada do reajuste do sal\u00e1rio m\u00ednimo, prevendo-se apenas um aumento de 10% por dependente no caso de falecimento.\n<\/p><p>\nOs trabalhadores que continuarem em atividade ap\u00f3s a aposentadoria n\u00e3o v\u00e3o mais acessar o FGTS, al\u00e9m de n\u00e3o terem mais direito ao pagamento da multa rescis\u00f3ria de 40% do Fundo de Garantia. Os trabalhadores que sofrerem algum acidente de trabalho e se tornarem incapacitados para o exerc\u00edcio profissional, com a nova regra n\u00e3o v\u00e3o receber o sal\u00e1rio integral, mas apenas 60% + 2% ao ano de contribui\u00e7\u00e3o que exceder 20 anos X a m\u00e9dia dos sal\u00e1rios de contribui\u00e7\u00e3o. As pessoas em situa\u00e7\u00e3o de risco ou de miserabilidade receber\u00e3o irris\u00f3rios R$ 400 reais a partir dos 65 anos e 1 sal\u00e1rio m\u00ednimo a partir dos 70 anos.\n<\/p><p>\n\u00c9 necess\u00e1ria a mais ampla mobiliza\u00e7\u00e3o da classe trabalhadora para barrar esse pacote de maldades. \n<\/p><p>\nNeste dia 22\/03, sexta-feira, a Unidade Classista convoca todos a participar das mobiliza\u00e7\u00f5es, protestos, paralisa\u00e7\u00f5es e todo tipo de manifesta\u00e7\u00e3o unit\u00e1ria contra a Reforma da Previd\u00eancia em todos os cantos do Brasil, conforme chamado feito pelas centrais sindicais e movimentos populares.\n<\/p><p>\nEM DEFESA DA APOSENTADORIA! CONTRA A REFORMA DA PREVID\u00caNCIA DE BOLSONARO E GUEDES!\n<\/p><p>\nNENHUM DIREITO A MENOS! RUMO \u00c0 GREVE GERAL!\n","protected":false},"excerpt":{"rendered":"<a class=\"moretag\" href=\"https:\/\/pcb.org.br\/portal2\/22608\"> <\/a>","protected":false},"author":1,"featured_media":0,"comment_status":"closed","ping_status":"closed","sticky":false,"template":"","format":"standard","meta":{"jetpack_post_was_ever_published":false,"_jetpack_newsletter_access":"","_jetpack_dont_email_post_to_subs":false,"_jetpack_newsletter_tier_id":0,"_jetpack_memberships_contains_paywalled_content":false,"_jetpack_memberships_contains_paid_content":false,"footnotes":"","jetpack_publicize_message":"","jetpack_publicize_feature_enabled":true,"jetpack_social_post_already_shared":true,"jetpack_social_options":{"image_generator_settings":{"template":"highway","default_image_id":0,"font":"","enabled":false},"version":2}},"categories":[241],"tags":[221],"class_list":["post-22608","post","type-post","status-publish","format-standard","hentry","category-previdencia-social","tag-2a"],"jetpack_publicize_connections":[],"jetpack_featured_media_url":"","jetpack_shortlink":"https:\/\/wp.me\/p659gw-5SE","jetpack-related-posts":[],"jetpack_likes_enabled":true,"jetpack_sharing_enabled":true,"_links":{"self":[{"href":"https:\/\/pcb.org.br\/portal2\/wp-json\/wp\/v2\/posts\/22608","targetHints":{"allow":["GET"]}}],"collection":[{"href":"https:\/\/pcb.org.br\/portal2\/wp-json\/wp\/v2\/posts"}],"about":[{"href":"https:\/\/pcb.org.br\/portal2\/wp-json\/wp\/v2\/types\/post"}],"author":[{"embeddable":true,"href":"https:\/\/pcb.org.br\/portal2\/wp-json\/wp\/v2\/users\/1"}],"replies":[{"embeddable":true,"href":"https:\/\/pcb.org.br\/portal2\/wp-json\/wp\/v2\/comments?post=22608"}],"version-history":[{"count":0,"href":"https:\/\/pcb.org.br\/portal2\/wp-json\/wp\/v2\/posts\/22608\/revisions"}],"wp:attachment":[{"href":"https:\/\/pcb.org.br\/portal2\/wp-json\/wp\/v2\/media?parent=22608"}],"wp:term":[{"taxonomy":"category","embeddable":true,"href":"https:\/\/pcb.org.br\/portal2\/wp-json\/wp\/v2\/categories?post=22608"},{"taxonomy":"post_tag","embeddable":true,"href":"https:\/\/pcb.org.br\/portal2\/wp-json\/wp\/v2\/tags?post=22608"}],"curies":[{"name":"wp","href":"https:\/\/api.w.org\/{rel}","templated":true}]}}