{"id":22617,"date":"2019-03-21T20:36:40","date_gmt":"2019-03-21T23:36:40","guid":{"rendered":"https:\/\/pcb.org.br\/portal2\/?p=22617"},"modified":"2019-03-21T21:14:18","modified_gmt":"2019-03-22T00:14:18","slug":"a-uberizacao-e-o-papel-dos-sindicatos","status":"publish","type":"post","link":"https:\/\/pcb.org.br\/portal2\/22617","title":{"rendered":"A &#8220;uberiza\u00e7\u00e3o&#8221; e o papel dos sindicatos"},"content":{"rendered":"\n<img decoding=\"async\" class=\"imagem\" title=\"imagem\"  alt=\"imagem\"  src=\"https:\/\/i0.wp.com\/www.humanite.fr\/sites\/default\/files\/styles\/1048x350\/public\/images\/64624.HR.jpg?itok=2rm1CFxi\"\/><!--more-->OLHAR COMUNISTA\n<\/p><p>\nO Jornal L&#8217;Humanit\u00e9, do Partido Comunista Franc\u00eas, em sua edi\u00e7\u00e3o de 21 de mar\u00e7o, traz uma importante reflex\u00e3o sobre o fen\u00f4meno da &#8220;Uberiza\u00e7\u00e3o&#8221;.  A mat\u00e9ria, assinada por Pierric Marissal, identifica que, na Europa, os &#8220;prec\u00e1rios digitais&#8221; s\u00e3o cada vez mais numerosos. Para o articulista, esses trabalhadores precisam das organiza\u00e7\u00f5es de trabalhadores com empregos formais para que conquistem seus direitos. Essas organiza\u00e7\u00f5es est\u00e3o saindo \u00e0s ruas para conhec\u00ea-los e v\u00eam lutando para que os modelos de prote\u00e7\u00e3o social franceses sejam preservados para esse contingente.\n<\/p><p>\nOs trabalhadores est\u00e3o usando cada vez mais as plataformas digitais, de forma independente, sem v\u00ednculos empregat\u00edcios formais, em busca de seu sustento. S\u00e3o os que andam de bicicleta para  entregar refei\u00e7\u00f5es, os que dirigem ou alugam seus carros para transportar passageiros usando plataformas como o Uber, s\u00e3o funcion\u00e1rios de manuten\u00e7\u00e3o, cuidadores, tradutores, trabalhadores pagos pagos por tarefa, em geral, mesmo que sejam microtarefas. A &#8220;uberiza\u00e7\u00e3o&#8221; \u00e9 uma tend\u00eancia geral, fruto do padr\u00e3o atual do desenvolvimento do capitalismo, que tende a reduzir o n\u00famero de empregos formais na ind\u00fastria e no campo, e apoia-se nas pol\u00edticas de governos liberais que desregulamentam as rela\u00e7\u00f5es trabalhistas para favorecer os capitalistas.\n<\/p><p>\nEm 2018 esses trabalhadores eram cerca de 22 milh\u00f5es, de acordo com a Confedera\u00e7\u00e3o  Europeia de Sindicatos (CES). Muitas vezes, esses profissionais t\u00eam, como \u00fanico interlocutor, uma m\u00e1quina ou uma tela e raramente encontram ou conhecem colegas. No entanto, a maioria dos sindicatos vem aceitando os aut\u00f4nomos e se adaptando \u00e0s suas necessidades da melhor maneira poss\u00edvel.\n<\/p><p>\nDiante das plataformas digitais e do isolamento das novas formas de emprego, as centrais sindicais entendem que se trata de um  fen\u00f4meno global. Elas est\u00e3o vendo aut\u00f4nomos como os demais trabalhadores, que precisam ser protegidos, mas que tamb\u00e9m devem contribuir para a salvaguarda dos modelos de prote\u00e7\u00e3o social de seus pa\u00edses. Essas centrais enfrentam novos desafios, como o de iniciar o relacionamento com esses trabalhadores, responder \u00e0s suas demandas e, especialmente, reuni-los para criar um equil\u00edbrio de poder, sem o qual nenhum di\u00e1logo social, nenhuma luta coletiva \u00e9 poss\u00edvel.\n<\/p><p>\n&#8220;A negocia\u00e7\u00e3o coletiva \u00e9 a melhor maneira de os trabalhadores obterem melhores condi\u00e7\u00f5es, deve ser estendida aos aut\u00f4nomos&#8221;, afirma Thi\u00e9baut Weber, Secret\u00e1rio da Confedera\u00e7\u00e3o. \n<\/p><p>\nNo Brasil, onde os direitos trabalhistas sociais s\u00e3o ainda mais restritos do que na Europa, \u00e9 preciso que, somando-se \u00e0s entidades sindicais, outras organiza\u00e7\u00f5es pol\u00edticas e sociais trabalhem em conjunto para a melhor organiza\u00e7\u00e3o desse contingente de trabalhadores precarizados na luta por direitos trabalhistas, contra o desmonte da previd\u00eancia e outros direitos sociais e em lutas gerais capazes de unificar o conjunto da classe trabalhadora no enfrentamento ao capital, aos seus donos e \u00e0queles que, submissos aos capitalistas, promovem os ataques \u00e0 legisla\u00e7\u00e3o social voltada a promover a garantia de direitos e a prote\u00e7\u00e3o ao trabalho.\n<\/p><p>\nFonte: https:\/\/www.humanite.fr\/uberisation-des-syndicats-au-devant-des-travailleurs-des-plateformes-669624\nFoto: G\u00e9rard Julien\/AFP \n<\/p><p>\nTradu\u00e7\u00e3o: Secretaria de Rela\u00e7\u00f5es Internacionais do PCB\n","protected":false},"excerpt":{"rendered":"<a class=\"moretag\" href=\"https:\/\/pcb.org.br\/portal2\/22617\"> <\/a>","protected":false},"author":1,"featured_media":0,"comment_status":"closed","ping_status":"closed","sticky":false,"template":"","format":"standard","meta":{"jetpack_post_was_ever_published":false,"_jetpack_newsletter_access":"","_jetpack_dont_email_post_to_subs":false,"_jetpack_newsletter_tier_id":0,"_jetpack_memberships_contains_paywalled_content":false,"_jetpack_memberships_contains_paid_content":false,"footnotes":"","jetpack_publicize_message":"","jetpack_publicize_feature_enabled":true,"jetpack_social_post_already_shared":true,"jetpack_social_options":{"image_generator_settings":{"template":"highway","default_image_id":0,"font":"","enabled":false},"version":2}},"categories":[100],"tags":[227],"class_list":["post-22617","post","type-post","status-publish","format-standard","hentry","category-c113-a-semana-no-olhar-comunista","tag-5a"],"jetpack_publicize_connections":[],"jetpack_featured_media_url":"","jetpack_shortlink":"https:\/\/wp.me\/p659gw-5SN","jetpack-related-posts":[],"jetpack_likes_enabled":true,"jetpack_sharing_enabled":true,"_links":{"self":[{"href":"https:\/\/pcb.org.br\/portal2\/wp-json\/wp\/v2\/posts\/22617","targetHints":{"allow":["GET"]}}],"collection":[{"href":"https:\/\/pcb.org.br\/portal2\/wp-json\/wp\/v2\/posts"}],"about":[{"href":"https:\/\/pcb.org.br\/portal2\/wp-json\/wp\/v2\/types\/post"}],"author":[{"embeddable":true,"href":"https:\/\/pcb.org.br\/portal2\/wp-json\/wp\/v2\/users\/1"}],"replies":[{"embeddable":true,"href":"https:\/\/pcb.org.br\/portal2\/wp-json\/wp\/v2\/comments?post=22617"}],"version-history":[{"count":0,"href":"https:\/\/pcb.org.br\/portal2\/wp-json\/wp\/v2\/posts\/22617\/revisions"}],"wp:attachment":[{"href":"https:\/\/pcb.org.br\/portal2\/wp-json\/wp\/v2\/media?parent=22617"}],"wp:term":[{"taxonomy":"category","embeddable":true,"href":"https:\/\/pcb.org.br\/portal2\/wp-json\/wp\/v2\/categories?post=22617"},{"taxonomy":"post_tag","embeddable":true,"href":"https:\/\/pcb.org.br\/portal2\/wp-json\/wp\/v2\/tags?post=22617"}],"curies":[{"name":"wp","href":"https:\/\/api.w.org\/{rel}","templated":true}]}}